{"id":1082039,"date":"2025-12-04T18:49:04","date_gmt":"2025-12-04T18:49:04","guid":{"rendered":"https:\/\/dimensionturistica.com\/es\/?p=1082039"},"modified":"2025-12-04T18:49:04","modified_gmt":"2025-12-04T18:49:04","slug":"quirelli-estilo-y-comodidad-para-cerrar-el-2025","status":"publish","type":"post","link":"https:\/\/dimensionturistica.com\/es\/quirelli-estilo-y-comodidad-para-cerrar-el-2025\/","title":{"rendered":"Quirelli: estilo y comodidad para cerrar el 2025"},"content":{"rendered":"\n<figure class=\"wp-block-gallery has-nested-images columns-default is-cropped wp-block-gallery-1 is-layout-flex wp-block-gallery-is-layout-flex\">\n<figure class=\"wp-block-image size-large\"><img decoding=\"async\" width=\"474\" height=\"77\" data-id=\"1082040\" src=\"https:\/\/dimensionturistica.com\/es\/wp-content\/uploads\/2025\/12\/2CURI.jpg\" alt=\"\" class=\"wp-image-1082040\" srcset=\"https:\/\/dimensionturistica.com\/es\/wp-content\/uploads\/2025\/12\/2CURI.jpg 474w, https:\/\/dimensionturistica.com\/es\/wp-content\/uploads\/2025\/12\/2CURI-300x49.jpg 300w\" sizes=\"(max-width: 474px) 100vw, 474px\" \/><\/figure>\n<\/figure>\n\n\n\n<p>En la recta final del a\u00f1o, con las agendas llenas de cenas, viajes y reencuentros con nuestros seres queridos escoger el regalo ideal es clave, ah\u00ed Quirelli se convierte en una propuesta que va m\u00e1s all\u00e1 del estilo: regalar confort.<\/p>\n\n\n\n<figure class=\"wp-block-gallery has-nested-images columns-default is-cropped wp-block-gallery-2 is-layout-flex wp-block-gallery-is-layout-flex\">\n<figure class=\"wp-block-image size-large\"><img decoding=\"async\" width=\"500\" height=\"333\" data-id=\"1082041\" src=\"https:\/\/dimensionturistica.com\/es\/wp-content\/uploads\/2025\/12\/4CURI.jpg\" alt=\"\" class=\"wp-image-1082041\" srcset=\"https:\/\/dimensionturistica.com\/es\/wp-content\/uploads\/2025\/12\/4CURI.jpg 500w, https:\/\/dimensionturistica.com\/es\/wp-content\/uploads\/2025\/12\/4CURI-300x200.jpg 300w\" sizes=\"(max-width: 500px) 100vw, 500px\" \/><\/figure>\n<\/figure>\n\n\n\n<p>Su reci\u00e9n lanzada colecci\u00f3n oto\u00f1o &#8211; invierno\u00b425 es una opci\u00f3n pensada para quienes buscan est\u00e9tica, durabilidad y la promesa de comodidad en cada paso durante la etapa m\u00e1s fr\u00eda del a\u00f1o. Quirelli apuesta por piezas que combinan manufactura artesanal con dise\u00f1os \u00fanicos y atemporales. Botines urbanos, mocasines y botas para uso diario que no sacrifican presencia e incluyen l\u00edneas sobrias y dise\u00f1os sobresalientes. Esta colecci\u00f3n conquista las tendencias globales fusionando la calidad y la b\u00fasqueda de los clientes obteniendo un gran dise\u00f1o que distingue a la marca. Cada par est\u00e1 pensado en brindar comodidad con una gran versatilidad acompa\u00f1\u00e1ndote con estilo en la oficina, en una cita, o en cualquier ocasi\u00f3n destacando con un toque de elegancia.<\/p>\n\n\n\n<figure class=\"wp-block-gallery has-nested-images columns-default is-cropped wp-block-gallery-3 is-layout-flex wp-block-gallery-is-layout-flex\">\n<figure class=\"wp-block-image size-large\"><img decoding=\"async\" width=\"500\" height=\"333\" data-id=\"1082042\" src=\"https:\/\/dimensionturistica.com\/es\/wp-content\/uploads\/2025\/12\/5CURI.jpg\" alt=\"\" class=\"wp-image-1082042\" srcset=\"https:\/\/dimensionturistica.com\/es\/wp-content\/uploads\/2025\/12\/5CURI.jpg 500w, https:\/\/dimensionturistica.com\/es\/wp-content\/uploads\/2025\/12\/5CURI-300x200.jpg 300w\" sizes=\"(max-width: 500px) 100vw, 500px\" \/><\/figure>\n<\/figure>\n\n\n\n<p>Para hombre, la marca presenta mocasines y botas de trazo cl\u00e1sico con toques contempor\u00e1neos; para mujer, botines y tacones de vestir que buscan equilibrio entre soporte y estilo. Modelos como \u201cCristobal\u201d un bot\u00edn cl\u00e1sico casual contempor\u00e1neo del estilo masculino o \u201cZaide\u201d un tac\u00f3n de vestir que equilibra estilo y comodidad para cualquier ocasi\u00f3n.<\/p>\n\n\n\n<figure class=\"wp-block-gallery has-nested-images columns-default is-cropped wp-block-gallery-4 is-layout-flex wp-block-gallery-is-layout-flex\">\n<figure class=\"wp-block-image size-large\"><img decoding=\"async\" width=\"500\" height=\"333\" data-id=\"1082044\" src=\"https:\/\/dimensionturistica.com\/es\/wp-content\/uploads\/2025\/12\/7CURI.jpg\" alt=\"\" class=\"wp-image-1082044\" srcset=\"https:\/\/dimensionturistica.com\/es\/wp-content\/uploads\/2025\/12\/7CURI.jpg 500w, https:\/\/dimensionturistica.com\/es\/wp-content\/uploads\/2025\/12\/7CURI-300x200.jpg 300w\" sizes=\"(max-width: 500px) 100vw, 500px\" \/><\/figure>\n<\/figure>\n\n\n\n<p>La colecci\u00f3n se complementa con bolsos, carteras, tarjeteros y porta pasaportes ideados para armonizar con el calzado y redondear un regalo perfecto. En contexto de compras de fin de a\u00f1o, Quirelli se posiciona como opci\u00f3n pr\u00e1ctica para quienes desean regalar algo \u00fatil, con sello artesanal y una duraci\u00f3n excepcional.<\/p>\n\n\n\n<p>Qui\u00e9n regala Quirelli regala algo m\u00e1s que un objeto: regala durabilidad, estilo atemporal y una inversi\u00f3n en bienestar. En estas fiestas, y como prop\u00f3sito para 2026, propongamos consentir aquello que nos sostiene cada d\u00eda<\/p>\n\n\n\n<figure class=\"wp-block-gallery has-nested-images columns-default is-cropped wp-block-gallery-5 is-layout-flex wp-block-gallery-is-layout-flex\">\n<figure class=\"wp-block-image size-large\"><img decoding=\"async\" width=\"500\" height=\"333\" data-id=\"1082047\" src=\"https:\/\/dimensionturistica.com\/es\/wp-content\/uploads\/2025\/12\/3CURI.jpg\" alt=\"\" class=\"wp-image-1082047\" srcset=\"https:\/\/dimensionturistica.com\/es\/wp-content\/uploads\/2025\/12\/3CURI.jpg 500w, https:\/\/dimensionturistica.com\/es\/wp-content\/uploads\/2025\/12\/3CURI-300x200.jpg 300w\" sizes=\"(max-width: 500px) 100vw, 500px\" \/><\/figure>\n<\/figure>\n","protected":false},"excerpt":{"rendered":"<p>En la recta final del a\u00f1o, con las agendas llenas de cenas, viajes y reencuentros con nuestros seres queridos escoger el regalo ideal es clave, ah\u00ed Quirelli se convierte en una propuesta que va m\u00e1s all\u00e1 del estilo: regalar confort. Su reci\u00e9n lanzada colecci\u00f3n oto\u00f1o &#8211; invierno\u00b425 es una opci\u00f3n pensada para quienes buscan est\u00e9tica, [&hellip;]<\/p>\n","protected":false},"author":1,"featured_media":0,"comment_status":"open","ping_status":"closed","sticky":false,"template":"","format":"standard","meta":{"om_disable_all_campaigns":false,"jnews-multi-image_gallery":[],"jnews_single_post":[],"jnews_primary_category":[],"jnews_social_meta":[],"footnotes":""},"categories":[144872],"tags":[],"class_list":["post-1082039","post","type-post","status-publish","format-standard","hentry","category-fashion"],"_links":{"self":[{"href":"https:\/\/dimensionturistica.com\/es\/wp-json\/wp\/v2\/posts\/1082039","targetHints":{"allow":["GET"]}}],"collection":[{"href":"https:\/\/dimensionturistica.com\/es\/wp-json\/wp\/v2\/posts"}],"about":[{"href":"https:\/\/dimensionturistica.com\/es\/wp-json\/wp\/v2\/types\/post"}],"author":[{"embeddable":true,"href":"https:\/\/dimensionturistica.com\/es\/wp-json\/wp\/v2\/users\/1"}],"replies":[{"embeddable":true,"href":"https:\/\/dimensionturistica.com\/es\/wp-json\/wp\/v2\/comments?post=1082039"}],"version-history":[{"count":1,"href":"https:\/\/dimensionturistica.com\/es\/wp-json\/wp\/v2\/posts\/1082039\/revisions"}],"predecessor-version":[{"id":1082048,"href":"https:\/\/dimensionturistica.com\/es\/wp-json\/wp\/v2\/posts\/1082039\/revisions\/1082048"}],"wp:attachment":[{"href":"https:\/\/dimensionturistica.com\/es\/wp-json\/wp\/v2\/media?parent=1082039"}],"wp:term":[{"taxonomy":"category","embeddable":true,"href":"https:\/\/dimensionturistica.com\/es\/wp-json\/wp\/v2\/categories?post=1082039"},{"taxonomy":"post_tag","embeddable":true,"href":"https:\/\/dimensionturistica.com\/es\/wp-json\/wp\/v2\/tags?post=1082039"}],"curies":[{"name":"wp","href":"https:\/\/api.w.org\/{rel}","templated":true}]}}