{"id":1082033,"date":"2025-12-04T18:25:01","date_gmt":"2025-12-04T18:25:01","guid":{"rendered":"https:\/\/dimensionturistica.com\/es\/?p=1082033"},"modified":"2025-12-04T18:25:01","modified_gmt":"2025-12-04T18:25:01","slug":"aplausos-por-el-acuerdo-europeo-en-la-directiva-de-viajes-combinados-que-refleja-las-principales-solicitudes-del-sector","status":"publish","type":"post","link":"https:\/\/dimensionturistica.com\/es\/aplausos-por-el-acuerdo-europeo-en-la-directiva-de-viajes-combinados-que-refleja-las-principales-solicitudes-del-sector\/","title":{"rendered":"Aplausos por el acuerdo europeo en la Directiva de Viajes Combinados que refleja las principales solicitudes del sector."},"content":{"rendered":"<h3>El Futuro del Turismo en Europa: Nuevas Normativas para Viajes Combinados<\/h3>\n<p>El sector tur\u00edstico europeo est\u00e1 viviendo un momento de transformaci\u00f3n gracias a la reciente aprobaci\u00f3n de una directiva que establece un marco m\u00e1s claro y seguro para los llamados &#8220;viajes combinados&#8221;. Esta legislaci\u00f3n no solo busca adaptar la experiencia de los viajeros a las nuevas realidades del mercado, sino que tambi\u00e9n responde a las demandas de los consumidores, quienes cada vez buscan m\u00e1s protecci\u00f3n y responsabilidad por parte de las agencias de viajes.<\/p>\n<h3>Un Consenso Necesario<\/h3>\n<p>La noticia de la implementaci\u00f3n de esta directiva ha sido recibida con entusiasmo por asociaciones del sector, que ven en este consenso un paso adelante hacia la modernizaci\u00f3n de la normativa europea. Entre los aspectos m\u00e1s destacados de la legislaci\u00f3n se encuentra la adaptaci\u00f3n a las nuevas formas de viajar, incluyendo la oferta de paquetes que integren distintos servicios como alojamiento, transporte y actividades, todo en una misma transacci\u00f3n.<\/p>\n<p>Esto es particularmente relevante en un contexto post-pandemia, donde los viajeros buscan mayor confianza y seguridad al momento de realizar sus reservas. La nueva normativa brinda un marco claro que asegura que tanto proveedores como consumidores cumplan con sus obligaciones, ofreciendo as\u00ed mayor tranquilidad a quienes deciden explorar el continente.<\/p>\n<h3>Beneficios para el Viajero<\/h3>\n<p>Uno de los principales objetivos de esta directiva es dotar al viajero de herramientas s\u00f3lidas de protecci\u00f3n. Esto incluye la posibilidad de reclamar en caso de incumplimiento por parte de los proveedores de servicios, as\u00ed como la garant\u00eda de que la informaci\u00f3n sobre precios y condiciones ser\u00e1 transparente y accesible. Adem\u00e1s, se regular\u00e1n mejor los procedimientos en situaciones de cancelaciones o cambios inesperados, aspectos cruciales que pueden afectar la experiencia de un viaje.<\/p>\n<h3>Promoci\u00f3n del Turismo Sostenible<\/h3>\n<p>Con la mirada puesta no solo en la protecci\u00f3n del consumidor, la nueva normativa tambi\u00e9n fomenta pr\u00e1cticas de turismo sostenible. A medida que la conciencia ambiental crece entre los turistas, es fundamental implementar pr\u00e1cticas que minimicen el impacto ambiental. Esto se traducir\u00e1 en una oferta de paquetes m\u00e1s responsables, que integren opciones sostenibles y promuevan un turismo respetuoso con los destinos.<\/p>\n<h3>Perspectivas Futuras<\/h3>\n<p>La implementaci\u00f3n de esta directiva es solo el inicio de un camino hacia un turismo m\u00e1s moderno y responsable en Europa. Se prev\u00e9 que, a lo largo de los pr\u00f3ximos a\u00f1os, se establezcan m\u00e1s regulaciones que busquen adaptarse a las exigencias de los viajeros contempor\u00e1neos. La colaboraci\u00f3n entre agencias de viajes, organismos gubernamentales y los propios turistas ser\u00e1 fundamental para asegurar que estas nuevas normativas se traduzcan en una mejora real en la experiencia de viajar.<\/p>\n<h3>Conclusi\u00f3n<\/h3>\n<p>La reciente aprobaci\u00f3n de esta directiva es un claro indicio de que el sector tur\u00edstico europeo est\u00e1 en una etapa de renovaci\u00f3n y adaptaci\u00f3n. Con un enfoque centrado en la protecci\u00f3n del consumidor y la sostenibilidad, se abre un nuevo cap\u00edtulo para los viajes combinados. Para los viajeros, esto significa una mayor seguridad y un compromiso hacia una experiencia tur\u00edstica m\u00e1s consciente y responsable. As\u00ed que, \u00bfest\u00e1s listo para explorar Europa con mayor tranquilidad? \u00a1Las posibilidades son infinitas!<\/p>\n<p><em> &#8221; Sources www.democrata.es &#8221; <\/em><\/p>\n","protected":false},"excerpt":{"rendered":"<p>El Futuro del Turismo en Europa: Nuevas Normativas para Viajes Combinados El sector tur\u00edstico europeo est\u00e1 viviendo un momento de transformaci\u00f3n gracias a la reciente aprobaci\u00f3n de una directiva que establece un marco m\u00e1s claro y seguro para los llamados &#8220;viajes combinados&#8221;. Esta legislaci\u00f3n no solo busca adaptar la experiencia de los viajeros a las [&hellip;]<\/p>\n","protected":false},"author":4,"featured_media":1082034,"comment_status":"open","ping_status":"closed","sticky":false,"template":"","format":"standard","meta":{"om_disable_all_campaigns":false,"jnews-multi-image_gallery":[],"jnews_single_post":[],"jnews_primary_category":[],"jnews_social_meta":[],"footnotes":""},"categories":[40],"tags":[2068,259250,259251,1897,1453,58742,231306,188661,544,11327],"class_list":["post-1082033","post","type-post","status-publish","format-standard","has-post-thumbnail","hentry","category-industria","tag-acave","tag-consenso-europeo","tag-demandas-sectoriales","tag-directiva-de-viajes-combinados","tag-industria-del-turismo","tag-legislacion-europea","tag-normativa-turistica","tag-proteccion-del-consumidor","tag-turismo","tag-viajes-combinados"],"_links":{"self":[{"href":"https:\/\/dimensionturistica.com\/es\/wp-json\/wp\/v2\/posts\/1082033","targetHints":{"allow":["GET"]}}],"collection":[{"href":"https:\/\/dimensionturistica.com\/es\/wp-json\/wp\/v2\/posts"}],"about":[{"href":"https:\/\/dimensionturistica.com\/es\/wp-json\/wp\/v2\/types\/post"}],"author":[{"embeddable":true,"href":"https:\/\/dimensionturistica.com\/es\/wp-json\/wp\/v2\/users\/4"}],"replies":[{"embeddable":true,"href":"https:\/\/dimensionturistica.com\/es\/wp-json\/wp\/v2\/comments?post=1082033"}],"version-history":[{"count":1,"href":"https:\/\/dimensionturistica.com\/es\/wp-json\/wp\/v2\/posts\/1082033\/revisions"}],"predecessor-version":[{"id":1082035,"href":"https:\/\/dimensionturistica.com\/es\/wp-json\/wp\/v2\/posts\/1082033\/revisions\/1082035"}],"wp:featuredmedia":[{"embeddable":true,"href":"https:\/\/dimensionturistica.com\/es\/wp-json\/wp\/v2\/media\/1082034"}],"wp:attachment":[{"href":"https:\/\/dimensionturistica.com\/es\/wp-json\/wp\/v2\/media?parent=1082033"}],"wp:term":[{"taxonomy":"category","embeddable":true,"href":"https:\/\/dimensionturistica.com\/es\/wp-json\/wp\/v2\/categories?post=1082033"},{"taxonomy":"post_tag","embeddable":true,"href":"https:\/\/dimensionturistica.com\/es\/wp-json\/wp\/v2\/tags?post=1082033"}],"curies":[{"name":"wp","href":"https:\/\/api.w.org\/{rel}","templated":true}]}}