{"id":1082012,"date":"2025-12-04T17:49:24","date_gmt":"2025-12-04T17:49:24","guid":{"rendered":"https:\/\/dimensionturistica.com\/es\/?p=1082012"},"modified":"2025-12-04T17:49:24","modified_gmt":"2025-12-04T17:49:24","slug":"gobierno-municipal-de-san-luis-capital-presenta-oficialmente-la-guia-de-turismo-accesible","status":"publish","type":"post","link":"https:\/\/dimensionturistica.com\/es\/gobierno-municipal-de-san-luis-capital-presenta-oficialmente-la-guia-de-turismo-accesible\/","title":{"rendered":"Gobierno Municipal de San Luis Capital presenta oficialmente La Gu\u00eda de Turismo Accesible"},"content":{"rendered":"\n<figure class=\"wp-block-gallery has-nested-images columns-default is-cropped wp-block-gallery-1 is-layout-flex wp-block-gallery-is-layout-flex\">\n<figure class=\"wp-block-image size-large\"><img decoding=\"async\" width=\"500\" height=\"387\" data-id=\"1082013\" src=\"https:\/\/dimensionturistica.com\/es\/wp-content\/uploads\/2025\/12\/1SAN.jpg\" alt=\"\" class=\"wp-image-1082013\" srcset=\"https:\/\/dimensionturistica.com\/es\/wp-content\/uploads\/2025\/12\/1SAN.jpg 500w, https:\/\/dimensionturistica.com\/es\/wp-content\/uploads\/2025\/12\/1SAN-300x232.jpg 300w\" sizes=\"(max-width: 500px) 100vw, 500px\" \/><\/figure>\n<\/figure>\n\n\n\n<p>El Ayuntamiento de San Luis Potos\u00ed present\u00f3 oficialmente la Gu\u00eda de Turismo Accesible, mediante la que se difunden los establecimientos, espacios y servicios tur\u00edsticos que cumplen con indicadores de accesibilidad f\u00edsica, comunicativa y de atenci\u00f3n. La Maestra Estela Arriaga, Presidenta del DIF Municipal, reconoci\u00f3 el esfuerzo nstitucional que ha permitido posicionar a San Luis Capital a nivel nacional e internacional en materia de inclusi\u00f3n: \u201cHemos picado piedra durante a\u00f1os para que hoy podamos hablar de avances reales. En el DIF y en Turismo siempre encontrar\u00e1n un lugar donde buscamos resolver sus necesidades. Gracias por seguir construyendo una ciudad m\u00e1s justa\u201d.<\/p>\n\n\n\n<p>Claudia Lorena Peralta Antiga, Directora de Turismo Municipal de San Luis Capital, se\u00f1al\u00f3 que los lugares integrados en la Gu\u00eda de Turismo Accesible fueron evaluados bajo la norma internacional ISO 21902 de Turismo Accesible. Destac\u00f3 que esta gu\u00eda es el resultado de cuatro a\u00f1os de trabajo continuo, en el que se han realizado exhaustivas revisiones de accesibilidad por parte del equipo de Turismo Municipal, capacitado bajo la ISO 21902, junto con el apoyo del DIF Municipal y la participaci\u00f3n directa de personas con discapacidad.<\/p>\n\n\n\n<figure class=\"wp-block-gallery has-nested-images columns-default is-cropped wp-block-gallery-2 is-layout-flex wp-block-gallery-is-layout-flex\">\n<figure class=\"wp-block-image size-large\"><img decoding=\"async\" width=\"500\" height=\"326\" data-id=\"1082014\" src=\"https:\/\/dimensionturistica.com\/es\/wp-content\/uploads\/2025\/12\/2SAN.jpg\" alt=\"\" class=\"wp-image-1082014\" srcset=\"https:\/\/dimensionturistica.com\/es\/wp-content\/uploads\/2025\/12\/2SAN.jpg 500w, https:\/\/dimensionturistica.com\/es\/wp-content\/uploads\/2025\/12\/2SAN-300x196.jpg 300w\" sizes=\"(max-width: 500px) 100vw, 500px\" \/><\/figure>\n<\/figure>\n\n\n\n<p>\u201cEsta metodolog\u00eda garantiza que un turista de cualquier pa\u00eds encuentre los mismos est\u00e1ndares internacionales, y que la informaci\u00f3n de esta gu\u00eda sea real, verificable y \u00fatil para planear un viaje accesible\u201d, se\u00f1al\u00f3 Claudia Lorena Peralta Antiga.<\/p>\n\n\n\n<p>La gu\u00eda integra 10 hoteles, 13 restaurantes, nueve espacios culturales y recreativos, tres gu\u00edas tur\u00edsticos acreditados y diversos servicios p\u00fablicos que ya cuentan con indicadores verificados de accesibilidad. Peralta Antiga subray\u00f3 que esta gu\u00eda consolida a San Luis Capital como un destino nacional referente en turismo inclusivo. \u201cHoy podemos decir que nuestras recomendaciones para<\/p>\n\n\n\n<p>hospedaje, gastronom\u00eda, actividades y experiencias tur\u00edsticas est\u00e1n realmente adaptadas.<\/p>\n\n\n\n<p>&nbsp;Lo que aparece aqu\u00ed pas\u00f3 por un proceso serio y completo. Este es un paso fundamental para un turismo que sea verdaderamente para todas las personas\u201d.<\/p>\n","protected":false},"excerpt":{"rendered":"<p>El Ayuntamiento de San Luis Potos\u00ed present\u00f3 oficialmente la Gu\u00eda de Turismo Accesible, mediante la que se difunden los establecimientos, espacios y servicios tur\u00edsticos que cumplen con indicadores de accesibilidad f\u00edsica, comunicativa y de atenci\u00f3n. La Maestra Estela Arriaga, Presidenta del DIF Municipal, reconoci\u00f3 el esfuerzo nstitucional que ha permitido posicionar a San Luis Capital [&hellip;]<\/p>\n","protected":false},"author":1,"featured_media":0,"comment_status":"open","ping_status":"closed","sticky":false,"template":"","format":"standard","meta":{"om_disable_all_campaigns":false,"jnews-multi-image_gallery":[],"jnews_single_post":{"format":"standard"},"jnews_primary_category":[],"jnews_social_meta":[],"footnotes":""},"categories":[39],"tags":[],"class_list":["post-1082012","post","type-post","status-publish","format-standard","hentry","category-viajes"],"_links":{"self":[{"href":"https:\/\/dimensionturistica.com\/es\/wp-json\/wp\/v2\/posts\/1082012","targetHints":{"allow":["GET"]}}],"collection":[{"href":"https:\/\/dimensionturistica.com\/es\/wp-json\/wp\/v2\/posts"}],"about":[{"href":"https:\/\/dimensionturistica.com\/es\/wp-json\/wp\/v2\/types\/post"}],"author":[{"embeddable":true,"href":"https:\/\/dimensionturistica.com\/es\/wp-json\/wp\/v2\/users\/1"}],"replies":[{"embeddable":true,"href":"https:\/\/dimensionturistica.com\/es\/wp-json\/wp\/v2\/comments?post=1082012"}],"version-history":[{"count":1,"href":"https:\/\/dimensionturistica.com\/es\/wp-json\/wp\/v2\/posts\/1082012\/revisions"}],"predecessor-version":[{"id":1082015,"href":"https:\/\/dimensionturistica.com\/es\/wp-json\/wp\/v2\/posts\/1082012\/revisions\/1082015"}],"wp:attachment":[{"href":"https:\/\/dimensionturistica.com\/es\/wp-json\/wp\/v2\/media?parent=1082012"}],"wp:term":[{"taxonomy":"category","embeddable":true,"href":"https:\/\/dimensionturistica.com\/es\/wp-json\/wp\/v2\/categories?post=1082012"},{"taxonomy":"post_tag","embeddable":true,"href":"https:\/\/dimensionturistica.com\/es\/wp-json\/wp\/v2\/tags?post=1082012"}],"curies":[{"name":"wp","href":"https:\/\/api.w.org\/{rel}","templated":true}]}}