{"id":1081944,"date":"2025-12-04T16:26:17","date_gmt":"2025-12-04T16:26:17","guid":{"rendered":"https:\/\/dimensionturistica.com\/es\/?p=1081944"},"modified":"2025-12-04T16:26:17","modified_gmt":"2025-12-04T16:26:17","slug":"al-buen-entendedor-por-que-deberia-desaparecer-el-visitax-luces-y-sombras","status":"publish","type":"post","link":"https:\/\/dimensionturistica.com\/es\/al-buen-entendedor-por-que-deberia-desaparecer-el-visitax-luces-y-sombras\/","title":{"rendered":"Al Buen Entendedor\u2026 \u00bfPor qu\u00e9 deber\u00eda desaparecer el VISITAX ? Luces y sombras\u2026"},"content":{"rendered":"\n<figure class=\"wp-block-gallery has-nested-images columns-default is-cropped wp-block-gallery-1 is-layout-flex wp-block-gallery-is-layout-flex\">\n<figure class=\"wp-block-image size-large\"><img decoding=\"async\" width=\"500\" height=\"535\" data-id=\"1081954\" src=\"https:\/\/dimensionturistica.com\/es\/wp-content\/uploads\/2025\/12\/1SERGIO.jpg\" alt=\"\" class=\"wp-image-1081954\" srcset=\"https:\/\/dimensionturistica.com\/es\/wp-content\/uploads\/2025\/12\/1SERGIO.jpg 500w, https:\/\/dimensionturistica.com\/es\/wp-content\/uploads\/2025\/12\/1SERGIO-280x300.jpg 280w\" sizes=\"(max-width: 500px) 100vw, 500px\" \/><\/figure>\n<\/figure>\n\n\n\n<p><strong>Por. Sergio Gonz\u00e1lez Rubiera<\/strong><\/p>\n\n\n\n<p>Por si alguno de mis ocho lectores, no sabe que es el Visitax, les cuento que es un \u201cderecho\u201d, que para efectos pr\u00e1cticos se traduce en impuesto, que fue instrumentado en la administraci\u00f3n del Gobernador Carlos Joaqu\u00edn Gonz\u00e1lez, hoy Embajador de M\u00e9xico en Canad\u00e1, ante la crisis por la pandemia del Covid 19, debido a la baj\u00edsima recaudaci\u00f3n del impuesto al hospedaje, toda vez que los hoteles de todo el estado estuvieron pr\u00e1cticamente vac\u00edos, por meses. Las necesidades del estado y del gobierno eran de m\u00e1xima prioridad y eventualmente se pod\u00eda justificar este nuevo derecho, que, aunque no era recibido con buen gusto por los empresarios, ya que mientras en Rep\u00fablica Dominicana, se les abr\u00edan los brazos a los turistas y se les pagaban las pruebas por el covid, nosotros les recib\u00edamos con un nuevo impuesto.<\/p>\n\n\n\n<figure class=\"wp-block-gallery has-nested-images columns-default is-cropped wp-block-gallery-2 is-layout-flex wp-block-gallery-is-layout-flex\">\n<figure class=\"wp-block-image size-large\"><img decoding=\"async\" width=\"500\" height=\"201\" data-id=\"1081955\" src=\"https:\/\/dimensionturistica.com\/es\/wp-content\/uploads\/2025\/12\/2SERGIO.jpg\" alt=\"\" class=\"wp-image-1081955\" srcset=\"https:\/\/dimensionturistica.com\/es\/wp-content\/uploads\/2025\/12\/2SERGIO.jpg 500w, https:\/\/dimensionturistica.com\/es\/wp-content\/uploads\/2025\/12\/2SERGIO-300x121.jpg 300w\" sizes=\"(max-width: 500px) 100vw, 500px\" \/><\/figure>\n<\/figure>\n\n\n\n<p>Nuestros gobernantes, siempre han sido muy buenos para multiplicar; turistas X d\u00f3lares = muchos ingresos\u2026<\/p>\n\n\n\n<p>Pero, el asunto es que la pandemia culmin\u00f3, la emergencia fue superada y el citado derecho no tiene raz\u00f3n de seguir existiendo.<\/p>\n\n\n\n<p>Sin embargo, siempre es una tentaci\u00f3n para los gobiernos mantener aquellos escenarios de recaudaci\u00f3n creados por gobiernos anteriores, que les permiten ingresos sin tener que dar explicaciones por algo que no fue instituido ni propuesto por ellos.<\/p>\n\n\n\n<figure class=\"wp-block-gallery has-nested-images columns-default is-cropped wp-block-gallery-3 is-layout-flex wp-block-gallery-is-layout-flex\">\n<figure class=\"wp-block-image size-large\"><img decoding=\"async\" width=\"500\" height=\"500\" data-id=\"1081956\" src=\"https:\/\/dimensionturistica.com\/es\/wp-content\/uploads\/2025\/12\/222SERGIO.jpg\" alt=\"\" class=\"wp-image-1081956\" srcset=\"https:\/\/dimensionturistica.com\/es\/wp-content\/uploads\/2025\/12\/222SERGIO.jpg 500w, https:\/\/dimensionturistica.com\/es\/wp-content\/uploads\/2025\/12\/222SERGIO-300x300.jpg 300w, https:\/\/dimensionturistica.com\/es\/wp-content\/uploads\/2025\/12\/222SERGIO-150x150.jpg 150w, https:\/\/dimensionturistica.com\/es\/wp-content\/uploads\/2025\/12\/222SERGIO-75x75.jpg 75w, https:\/\/dimensionturistica.com\/es\/wp-content\/uploads\/2025\/12\/222SERGIO-350x350.jpg 350w\" sizes=\"(max-width: 500px) 100vw, 500px\" \/><\/figure>\n<\/figure>\n\n\n\n<p>Eso me recuerda un impuesto que se invent\u00f3 un Presidente Municipal de mala memoria, con una denominaci\u00f3n larga y rimbombante, que supuestamente era para el DIF (Desarrollo Integral de la Familia), absolutamente inconstitucional, que supon\u00eda un diez por ciento de todas las contribuciones municipales que todos los ciudadanos hacemos, desde tramitar una licencia de conducir, pagar una infracci\u00f3n de tr\u00e1nsito o cumplir con el predial y que significaba millones para las arcas del ayuntamiento municipal.<\/p>\n\n\n\n<figure class=\"wp-block-gallery has-nested-images columns-default is-cropped wp-block-gallery-4 is-layout-flex wp-block-gallery-is-layout-flex\">\n<figure class=\"wp-block-image size-large\"><img decoding=\"async\" width=\"500\" height=\"279\" data-id=\"1081957\" src=\"https:\/\/dimensionturistica.com\/es\/wp-content\/uploads\/2025\/12\/6SERGIO.jpg\" alt=\"\" class=\"wp-image-1081957\" srcset=\"https:\/\/dimensionturistica.com\/es\/wp-content\/uploads\/2025\/12\/6SERGIO.jpg 500w, https:\/\/dimensionturistica.com\/es\/wp-content\/uploads\/2025\/12\/6SERGIO-300x167.jpg 300w\" sizes=\"(max-width: 500px) 100vw, 500px\" \/><\/figure>\n<\/figure>\n\n\n\n<p>&nbsp;Los ciudadanos lo pagaban sin saber, sin conocerlo, sin chistar, hasta que el buen amigo Fernando Garc\u00eda Zalvidea, que en paz descanse, se ampar\u00f3 contra el mismo. Confieso, que no s\u00e9 hasta la fecha si lo seguimos pagando o no. Pero el tema, es que cuando nos quejamos ante los nuevos mun\u00edcipes que heredaron ese ilegal ingreso para el gobierno,<\/p>\n\n\n\n<p>nos escucharon, nos \u201ccomprendieron\u201d, prometieron estudiarlo, pero NO lo eliminaron, porque el ingreso era jugoso, ilegal, pero atractivo, suficiente, jugoso pues.<\/p>\n\n\n\n<figure class=\"wp-block-gallery has-nested-images columns-default is-cropped wp-block-gallery-5 is-layout-flex wp-block-gallery-is-layout-flex\">\n<figure class=\"wp-block-image size-large\"><img decoding=\"async\" width=\"500\" height=\"262\" data-id=\"1081958\" src=\"https:\/\/dimensionturistica.com\/es\/wp-content\/uploads\/2025\/12\/8SERGIO.jpg\" alt=\"\" class=\"wp-image-1081958\" srcset=\"https:\/\/dimensionturistica.com\/es\/wp-content\/uploads\/2025\/12\/8SERGIO.jpg 500w, https:\/\/dimensionturistica.com\/es\/wp-content\/uploads\/2025\/12\/8SERGIO-300x157.jpg 300w\" sizes=\"(max-width: 500px) 100vw, 500px\" \/><\/figure>\n<\/figure>\n\n\n\n<p>Lo mismo ocurre con el VISITAX estatal, ilegal, injusto, fuera de contexto, arbitrario, pero puede antojarse jugoso, suficiente y atractivo, por lo que en lugar de eliminarlo como es debido y justo, no solo lo han mantenido, sino que ahora pretenden incrementarlo, oficializarlo y regularizarlo, convertirlo en una norma que deban no solo aceptar, sino recaudar los empresarios.<\/p>\n\n\n\n<figure class=\"wp-block-gallery has-nested-images columns-default is-cropped wp-block-gallery-6 is-layout-flex wp-block-gallery-is-layout-flex\">\n<figure class=\"wp-block-image size-large\"><img decoding=\"async\" width=\"550\" height=\"259\" data-id=\"1081959\" src=\"https:\/\/dimensionturistica.com\/es\/wp-content\/uploads\/2025\/12\/333SERGIO.jpg\" alt=\"\" class=\"wp-image-1081959\" srcset=\"https:\/\/dimensionturistica.com\/es\/wp-content\/uploads\/2025\/12\/333SERGIO.jpg 550w, https:\/\/dimensionturistica.com\/es\/wp-content\/uploads\/2025\/12\/333SERGIO-300x141.jpg 300w\" sizes=\"(max-width: 550px) 100vw, 550px\" \/><\/figure>\n<\/figure>\n\n\n\n<p>Yo en lo personal le tengo profundo aprecio a nuestra Gobernadora, a quien conozco desde que ambos \u00e9ramos muy j\u00f3venes, admiro su tremendo ascenso, me encanta su enjundia y aplaudo su gran labor como l\u00edder, como la mejor gobernadora que hemos tenido, y por su enorme capacidad de gestionar ante la federaci\u00f3n en beneficio de Quintana Roo, mis respetos para ella.<\/p>\n\n\n\n<figure class=\"wp-block-gallery has-nested-images columns-default is-cropped wp-block-gallery-7 is-layout-flex wp-block-gallery-is-layout-flex\">\n<figure class=\"wp-block-image size-large\"><img decoding=\"async\" width=\"500\" height=\"158\" data-id=\"1081960\" src=\"https:\/\/dimensionturistica.com\/es\/wp-content\/uploads\/2025\/12\/5SERGIO.jpg\" alt=\"\" class=\"wp-image-1081960\" srcset=\"https:\/\/dimensionturistica.com\/es\/wp-content\/uploads\/2025\/12\/5SERGIO.jpg 500w, https:\/\/dimensionturistica.com\/es\/wp-content\/uploads\/2025\/12\/5SERGIO-300x95.jpg 300w\" sizes=\"(max-width: 500px) 100vw, 500px\" \/><\/figure>\n<\/figure>\n\n\n\n<p>En este tema del VISITAX, me parece respetuosamente, que estamos teniendo grandes diferencias, a la vista de que, lo que nuestro estado y nuestro pa\u00eds necesitan para engrandecer al turismo y con ello generar mayores derramas y mejor calidad de vida es incentivos y est\u00edmulos para la actividad tur\u00edstica.<\/p>\n\n\n\n<p>Repetidamente he se\u00f1alado en este y otros espacios, que nuestro pa\u00eds y nuestra industria requieren de leyes de fomento para la actividad tur\u00edstica, carecemos de ellas en absoluto.<\/p>\n\n\n\n<p>No han trabajado en absoluto los legisladores de partido ninguno en iniciativas que signifiquen fomento, incentivo o est\u00edmulo, ni para el empresario, ni para el consumidor en materia tur\u00edstica.<\/p>\n\n\n\n<figure class=\"wp-block-gallery has-nested-images columns-default is-cropped wp-block-gallery-8 is-layout-flex wp-block-gallery-is-layout-flex\">\n<figure class=\"wp-block-image size-large\"><img decoding=\"async\" width=\"500\" height=\"261\" data-id=\"1081963\" src=\"https:\/\/dimensionturistica.com\/es\/wp-content\/uploads\/2025\/12\/11SERGIO.jpg\" alt=\"\" class=\"wp-image-1081963\" srcset=\"https:\/\/dimensionturistica.com\/es\/wp-content\/uploads\/2025\/12\/11SERGIO.jpg 500w, https:\/\/dimensionturistica.com\/es\/wp-content\/uploads\/2025\/12\/11SERGIO-300x157.jpg 300w\" sizes=\"(max-width: 500px) 100vw, 500px\" \/><\/figure>\n<\/figure>\n\n\n\n<p>En ese sentido, el gobierno de Quintana Roo, tiene una enorme oportunidad de enviar una se\u00f1al positiva a empresarios, consumidores, colaboradores y de manera importante, a mercados emisores, al eliminar de manera definitiva el derecho denominado VISITAX, que no solo es inoperante y dif\u00edcil de recaudar, sino que es contrario al esp\u00edritu de promover, incentivar y estimular el incremento del turismo en M\u00e9xico.<\/p>\n\n\n\n<p>El VISITAX, debe desaparecer, porque no solo no se puede recaudar de la forma actual que, inhibe y amenaza a los turistas en el aeropuerto, sino porque se suma a una serie de contribuciones que actualmente ya efect\u00faan los turistas adem\u00e1s de sus tarifas de alojamiento como son IVA, Impuesto al Hospedaje, Derecho de Saneamiento Ambiental, adem\u00e1s del Derecho de No Residente (DNR), que pagan al comprar su boleto de avi\u00f3n y que recientemente se ha incrementado en un 14%, por acuerdo de la C\u00e1mara de Senadores.<\/p>\n\n\n\n<p>La carga tributaria para turistas y empresarios del sector es alta y suficiente, como para agregarle algo m\u00e1s que simplemente nos coloca en desventaja frente a otros destinos del Caribe.<\/p>\n\n\n\n<p>A la vista de lo expuesto, y a lo expresado suficientemente por los empresarios hoteleros, lo l\u00f3gico y lo deseable es que el denominado VISITAX se elimine de manera definitiva.<\/p>\n\n\n\n<figure class=\"wp-block-gallery has-nested-images columns-default is-cropped wp-block-gallery-9 is-layout-flex wp-block-gallery-is-layout-flex\">\n<figure class=\"wp-block-image size-large\"><img decoding=\"async\" width=\"500\" height=\"281\" data-id=\"1081965\" src=\"https:\/\/dimensionturistica.com\/es\/wp-content\/uploads\/2025\/12\/4SERGIO.jpg\" alt=\"\" class=\"wp-image-1081965\" srcset=\"https:\/\/dimensionturistica.com\/es\/wp-content\/uploads\/2025\/12\/4SERGIO.jpg 500w, https:\/\/dimensionturistica.com\/es\/wp-content\/uploads\/2025\/12\/4SERGIO-300x169.jpg 300w\" sizes=\"(max-width: 500px) 100vw, 500px\" \/><\/figure>\n<\/figure>\n\n\n\n<p>Se entiende por otra parte, que el Gobierno requiera de una mayor recaudaci\u00f3n para poder acometer todas las asignaturas y retos que enfrenta, que cumple con deudas heredadas, que la poblaci\u00f3n crece a cada d\u00eda y de manera importante, que la federaci\u00f3n no solo no contribuye como debiera, sino que nos resta en participaciones, que le reduce presupuesto al estado y que no cumple como se esperar\u00eda, para una entidad que genera tanta riqueza, tantos empleos y tantos impuestos.<\/p>\n\n\n\n<p>El Gobierno de M\u00e9xico, est\u00e1 en falta sin duda con Quintana Roo, y las pocas obras de infraestructura que se han realizado en los \u00faltimos a\u00f1os, no compensan en absoluto el enorme rezago de a\u00f1os. Ni los gobiernos municipales, ni el gobierno del estado reciben la contribuci\u00f3n que les corresponde de parte del gobierno federal a cambio de lo que aqu\u00ed se genera.<\/p>\n\n\n\n<figure class=\"wp-block-gallery has-nested-images columns-default is-cropped wp-block-gallery-10 is-layout-flex wp-block-gallery-is-layout-flex\">\n<figure class=\"wp-block-image size-large\"><img decoding=\"async\" width=\"539\" height=\"242\" data-id=\"1081967\" src=\"https:\/\/dimensionturistica.com\/es\/wp-content\/uploads\/2025\/12\/7SERGIO.jpg\" alt=\"\" class=\"wp-image-1081967\" srcset=\"https:\/\/dimensionturistica.com\/es\/wp-content\/uploads\/2025\/12\/7SERGIO.jpg 539w, https:\/\/dimensionturistica.com\/es\/wp-content\/uploads\/2025\/12\/7SERGIO-300x135.jpg 300w\" sizes=\"(max-width: 539px) 100vw, 539px\" \/><\/figure>\n<\/figure>\n\n\n\n<p>Ver al enorme n\u00famero de turistas que recibimos como una soluci\u00f3n para aminorar la carga, verlos como un n\u00famero en la ecuaci\u00f3n que significa mayores ingresos es un tremendo error, que a la larga puede traer consecuencias irreversibles en p\u00e9rdida de competitividad, en participaci\u00f3n de mercado y en percepci\u00f3n negativa.<\/p>\n\n\n\n<p>Crear m\u00e1s impuestos, aprovechando a los turistas es mala idea, es p\u00e9sima estrategia y debe reconsiderarse.<\/p>\n\n\n\n<p>Por hoy el VISITAX, debe ser eliminado. Si se permite, si se consciente, si se mantiene, se quedar\u00e1 para siempre, como muchas otras cosas en M\u00e9xico que nacieron de una coyuntura y se quedaron\u2026 Hay que pensar en bien de la Rep\u00fablica a largo plazo.<\/p>\n\n\n\n<p><strong>Al Buen Entendedor\u2026<\/strong><\/p>\n\n\n\n<p><strong><a href=\"mailto:sgrubiera@acticonsultores.com\">sgrubiera@acticonsultores.com<\/a><\/strong><\/p>\n","protected":false},"excerpt":{"rendered":"<p>Por. Sergio Gonz\u00e1lez Rubiera Por si alguno de mis ocho lectores, no sabe que es el Visitax, les cuento que es un \u201cderecho\u201d, que para efectos pr\u00e1cticos se traduce en impuesto, que fue instrumentado en la administraci\u00f3n del Gobernador Carlos Joaqu\u00edn Gonz\u00e1lez, hoy Embajador de M\u00e9xico en Canad\u00e1, ante la crisis por la pandemia del [&hellip;]<\/p>\n","protected":false},"author":1,"featured_media":0,"comment_status":"open","ping_status":"closed","sticky":false,"template":"","format":"standard","meta":{"om_disable_all_campaigns":false,"jnews-multi-image_gallery":[],"jnews_single_post":[],"jnews_primary_category":[],"jnews_social_meta":[],"footnotes":""},"categories":[39],"tags":[],"class_list":["post-1081944","post","type-post","status-publish","format-standard","hentry","category-viajes"],"_links":{"self":[{"href":"https:\/\/dimensionturistica.com\/es\/wp-json\/wp\/v2\/posts\/1081944","targetHints":{"allow":["GET"]}}],"collection":[{"href":"https:\/\/dimensionturistica.com\/es\/wp-json\/wp\/v2\/posts"}],"about":[{"href":"https:\/\/dimensionturistica.com\/es\/wp-json\/wp\/v2\/types\/post"}],"author":[{"embeddable":true,"href":"https:\/\/dimensionturistica.com\/es\/wp-json\/wp\/v2\/users\/1"}],"replies":[{"embeddable":true,"href":"https:\/\/dimensionturistica.com\/es\/wp-json\/wp\/v2\/comments?post=1081944"}],"version-history":[{"count":1,"href":"https:\/\/dimensionturistica.com\/es\/wp-json\/wp\/v2\/posts\/1081944\/revisions"}],"predecessor-version":[{"id":1081969,"href":"https:\/\/dimensionturistica.com\/es\/wp-json\/wp\/v2\/posts\/1081944\/revisions\/1081969"}],"wp:attachment":[{"href":"https:\/\/dimensionturistica.com\/es\/wp-json\/wp\/v2\/media?parent=1081944"}],"wp:term":[{"taxonomy":"category","embeddable":true,"href":"https:\/\/dimensionturistica.com\/es\/wp-json\/wp\/v2\/categories?post=1081944"},{"taxonomy":"post_tag","embeddable":true,"href":"https:\/\/dimensionturistica.com\/es\/wp-json\/wp\/v2\/tags?post=1081944"}],"curies":[{"name":"wp","href":"https:\/\/api.w.org\/{rel}","templated":true}]}}