{"id":1081716,"date":"2025-12-04T05:27:04","date_gmt":"2025-12-04T05:27:04","guid":{"rendered":"https:\/\/dimensionturistica.com\/es\/?p=1081716"},"modified":"2025-12-04T05:27:04","modified_gmt":"2025-12-04T05:27:04","slug":"nuevas-investigaciones-sugieren-que-la-juventud-se-extiende-mas-alla-de-los-25-anos-ya-que-el-cerebro-alcanza-su-pleno-desarrollo-a-los-32","status":"publish","type":"post","link":"https:\/\/dimensionturistica.com\/es\/nuevas-investigaciones-sugieren-que-la-juventud-se-extiende-mas-alla-de-los-25-anos-ya-que-el-cerebro-alcanza-su-pleno-desarrollo-a-los-32\/","title":{"rendered":"Nuevas investigaciones sugieren que la juventud se extiende m\u00e1s all\u00e1 de los 25 a\u00f1os, ya que el cerebro alcanza su pleno desarrollo a los 32."},"content":{"rendered":"<h3>La Moda y el Cerebro: Un V\u00ednculo en la Madurez<\/h3>\n<p>En el fascinante mundo de la moda, la evoluci\u00f3n personal y la madurez juegan un papel fundamental. Recientemente, estudios cient\u00edficos han revelado que el cerebro humano alcanza su plena madurez alrededor de los 32 a\u00f1os. Esta informaci\u00f3n no solo es intrigante desde un punto de vista psicol\u00f3gico; tambi\u00e9n aporta una nueva perspectiva sobre la forma en que abordamos nuestro estilo y la moda en general.<\/p>\n<h4>La Transformaci\u00f3n Personal: Un Reflejo en el Armario<\/h4>\n<p>A medida que las personas alcanzan esta etapa de madurez, suelen experimentar un cambio significativo en su percepci\u00f3n de s\u00ed mismas y de sus elecciones de estilo. En la adolescencia y los primeros a\u00f1os de adultez, el enfoque en la moda puede estar marcado por la b\u00fasqueda de la aceptaci\u00f3n social y la experimentaci\u00f3n. Sin embargo, a los 32 a\u00f1os, la mayor\u00eda comienza a desarrollar un sentido m\u00e1s fuerte de identidad, lo que se traduce en decisiones de moda m\u00e1s conscientes.<\/p>\n<h4>Estilo y Autenticidad: La B\u00fasqueda del \u2018Yo\u2019 Interior<\/h4>\n<p>Este nuevo entendimiento de uno mismo impulsa una b\u00fasqueda de autenticidad en la vestimenta. Las tendencias fugaces pierden su atractivo, y los estilos m\u00e1s duraderos y significativos comienzan a florecer. Las marcas que abrazan esta evoluci\u00f3n en la mentalidad del consumidor est\u00e1n ganando terreno. El enfoque se desplaza hacia la sostenibilidad y la calidad, en lugar de la cantidad. La ant\u00edtesis del consumismo desmedido ofrece un nuevo sentido de prop\u00f3sito, resaltando la importancia de elegir piezas que realmente resuenen con el individuo.<\/p>\n<h4>La Influencia del Entorno Social<\/h4>\n<p>El contexto social tambi\u00e9n juega un papel decisivo en esta transformaci\u00f3n. Mientras que en la juventud se tiende a ser influenciado por \u00edconos y tendencias, la madurez invita a personalizar ese estilo y adaptarlo a la vida cotidiana. Las redes sociales han facilitado esta evoluci\u00f3n, permitiendo que las personas busquen inspiraci\u00f3n y, al mismo tiempo, compartan su propia visi\u00f3n \u00fanica. La plataforma ideal para mostrar la creatividad y la autenticidad, el \u2018street style\u2019 se convierte en un reflejo vivido de esta transici\u00f3n.<\/p>\n<h4>El Futuro de la Moda<\/h4>\n<p>La conexi\u00f3n entre el crecimiento personal y la moda propondr\u00e1 posibilidades emocionantes para el futuro. En un mundo donde todos buscan la diferenciaci\u00f3n y la autenticidad, las marcas que se alineen con esta nueva mentalidad capturar\u00e1n la atenci\u00f3n del consumidor moderno. Dise\u00f1os que cuenten historias, que sean inclusivos y que evoquen una respuesta emocional ser\u00e1n los que reinen en las pasarelas.<\/p>\n<h4>La Moda como Manifestaci\u00f3n de la Madurez<\/h4>\n<p>A medida que nos adentramos en una era de autoconocimiento, el papel de la moda se redefine. Ya no se trata solo de vestirse; se trata de expresarse, de compartir historias y de mostrar el viaje personal de cada uno. La moda se convierte as\u00ed en una manifestaci\u00f3n de la madurez, un reflejo de lo que somos y de c\u00f3mo hemos crecido.<\/p>\n<p>El v\u00ednculo entre la moda y la madurez cerebral no solo es fascinante; es transformador. Cada elecci\u00f3n que hacemos en nuestro armario puede ser una pieza del rompecabezas que compone la historia de nuestra vida. La invitaci\u00f3n est\u00e1 hecha: explorar nuestro estilo, abrazar nuestra autenticidad y transformar cada d\u00eda en una pasarela en la que el verdadero protagonista somos nosotros mismos. \u00a1Es hora de reinventar la moda!<\/p>\n<p><em> &#8221; Fuentes www.vogue.mx &#8221; <\/em><\/p>\n","protected":false},"excerpt":{"rendered":"<p>La Moda y el Cerebro: Un V\u00ednculo en la Madurez En el fascinante mundo de la moda, la evoluci\u00f3n personal y la madurez juegan un papel fundamental. Recientemente, estudios cient\u00edficos han revelado que el cerebro humano alcanza su plena madurez alrededor de los 32 a\u00f1os. Esta informaci\u00f3n no solo es intrigante desde un punto de [&hellip;]<\/p>\n","protected":false},"author":14,"featured_media":1081717,"comment_status":"open","ping_status":"closed","sticky":false,"template":"","format":"standard","meta":{"om_disable_all_campaigns":false,"jnews-multi-image_gallery":[],"jnews_single_post":[],"jnews_primary_category":[],"jnews_social_meta":[],"footnotes":""},"categories":[144872],"tags":[30383,259132,6119,11152,259133,18881,259131,902,904,3180],"class_list":["post-1081716","post","type-post","status-publish","format-standard","has-post-thumbnail","hentry","category-fashion","tag-adolescencia","tag-desarrollo-cognitivo","tag-edad","tag-estudios-cientificos","tag-formacion-adulta","tag-juventud","tag-madurez-cerebral","tag-neurociencia","tag-psicologia","tag-salud-mental"],"_links":{"self":[{"href":"https:\/\/dimensionturistica.com\/es\/wp-json\/wp\/v2\/posts\/1081716","targetHints":{"allow":["GET"]}}],"collection":[{"href":"https:\/\/dimensionturistica.com\/es\/wp-json\/wp\/v2\/posts"}],"about":[{"href":"https:\/\/dimensionturistica.com\/es\/wp-json\/wp\/v2\/types\/post"}],"author":[{"embeddable":true,"href":"https:\/\/dimensionturistica.com\/es\/wp-json\/wp\/v2\/users\/14"}],"replies":[{"embeddable":true,"href":"https:\/\/dimensionturistica.com\/es\/wp-json\/wp\/v2\/comments?post=1081716"}],"version-history":[{"count":1,"href":"https:\/\/dimensionturistica.com\/es\/wp-json\/wp\/v2\/posts\/1081716\/revisions"}],"predecessor-version":[{"id":1081718,"href":"https:\/\/dimensionturistica.com\/es\/wp-json\/wp\/v2\/posts\/1081716\/revisions\/1081718"}],"wp:featuredmedia":[{"embeddable":true,"href":"https:\/\/dimensionturistica.com\/es\/wp-json\/wp\/v2\/media\/1081717"}],"wp:attachment":[{"href":"https:\/\/dimensionturistica.com\/es\/wp-json\/wp\/v2\/media?parent=1081716"}],"wp:term":[{"taxonomy":"category","embeddable":true,"href":"https:\/\/dimensionturistica.com\/es\/wp-json\/wp\/v2\/categories?post=1081716"},{"taxonomy":"post_tag","embeddable":true,"href":"https:\/\/dimensionturistica.com\/es\/wp-json\/wp\/v2\/tags?post=1081716"}],"curies":[{"name":"wp","href":"https:\/\/api.w.org\/{rel}","templated":true}]}}