{"id":1081598,"date":"2025-12-03T23:50:10","date_gmt":"2025-12-03T23:50:10","guid":{"rendered":"https:\/\/dimensionturistica.com\/es\/los-trabajadores-de-talavera-demandan-un-acuerdo-equitativo-que-respete-sus-derechos-laborales\/"},"modified":"2025-12-03T23:50:10","modified_gmt":"2025-12-03T23:50:10","slug":"los-trabajadores-de-talavera-demandan-un-acuerdo-equitativo-que-respete-sus-derechos-laborales","status":"publish","type":"post","link":"https:\/\/dimensionturistica.com\/es\/los-trabajadores-de-talavera-demandan-un-acuerdo-equitativo-que-respete-sus-derechos-laborales\/","title":{"rendered":"Los trabajadores de Talavera demandan un acuerdo equitativo que respete sus derechos laborales."},"content":{"rendered":"<h3>Trabajadores y Sostenibilidad: Un Viaje por la Realidad Laboral en el Sector Alimentario<\/h3>\n<p>Cuando hablamos de turismo, a menudo visualizamos playas soleadas, monta\u00f1as majestuosas o ciudades llenas de historia. Sin embargo, hay un aspecto del turismo que merece ser explorado en profundidad: la conexi\u00f3n entre los trabajadores y la producci\u00f3n de alimentos que llevamos a la mesa. En este contexto, los sucesos recientes en Talavera de la Reina, en una de las plantas de Schreiber Foods, nos permiten reflexionar sobre el impacto de las condiciones laborales en la cadena de suministro alimentario.<\/p>\n<p>Schreiber Foods, reconocido por su distribuci\u00f3n de productos l\u00e1cteos, se encuentra en el coraz\u00f3n de un debate que va m\u00e1s all\u00e1 de la empresa misma. Los trabajadores de la planta han dejado claro que su demanda no es solo por mejores condiciones laborales, sino tambi\u00e9n por el respeto a sus derechos, un tema que resuena en todo el sector alimentario. Las reivindicaciones de estos empleados destacan la importancia de un convenio justo que no solo proteja sus intereses, sino que tambi\u00e9n promueva un modelo sostenible en la industria.<\/p>\n<p>El turismo gastron\u00f3mico est\u00e1 en auge. Cada vez m\u00e1s viajeros buscan experiencias aut\u00e9nticas que les conecten con la cultura local, y es fundamental reconocer el papel de quienes hacen posible esas experiencias. Cuando disfrutamos de una comida t\u00edpica en un restaurante, es f\u00e1cil olvidarse de las historias detr\u00e1s de los ingredientes. Las luchas y logros de los trabajadores de la industria alimentaria son la base sobre la cual se construyen esas experiencias.<\/p>\n<p>Los gritos de los trabajadores de Talavera son un eco de la necesidad de justicia y dignidad en el trabajo, principios que pueden ser la clave para un futuro m\u00e1s sostenible y engranado con la \u00e9tica. Exigir un convenio justo no es solo una cuesti\u00f3n laboral; es un llamado a todos nosotros como consumidores responsables. Al viajar, \u00bfrealmente consideramos las condiciones bajo las cuales se producen los alimentos que consumimos?<\/p>\n<p>Este panorama invita a pensar en c\u00f3mo cada uno de nosotros puede ser parte del cambio. Al elegir apoyar a empresas que valoran los derechos de sus trabajadores y colaboran de manera sostenible, no solo estamos enriqueciendo nuestra propia experiencia, sino tambi\u00e9n fomentando pr\u00e1cticas que benefician a comunidades enteras.<\/p>\n<p>El di\u00e1logo entre trabajadores y empresas, la transparencia en las cadenas de suministro y el respeto por los derechos laborales son elementos que pueden transformar el rostro del sector tur\u00edstico. Una nueva forma de turismo que valore la \u00e9tica y la sostenibilidad nos permitir\u00e1 disfrutar de unas vacaciones donde cada plato servido cuente una historia, donde cada negocio apoyado respete y valore a su gente.<\/p>\n<p>Por tanto, la pr\u00f3xima vez que planees tu viaje, considera no solo el destino, sino tambi\u00e9n su gente. Preg\u00fantate: \u00bfC\u00f3mo se producen los alimentos que disfrutar\u00e9? \u00bfEstoy apoyando pr\u00e1cticas que fomentan el bienestar y la equidad? Al final del d\u00eda, el turismo tambi\u00e9n es sobre relaciones, respeto y compartir un mundo que sea justo para todos. En la medida en que estemos dispuestos a aprender y a exigir cambios, seremos parte de una historia m\u00e1s rica y significativa.<\/p>\n<p><em> &#8221; Sources www.ugtclm.es &#8221; <\/em><\/p>\n","protected":false},"excerpt":{"rendered":"<p>Trabajadores y Sostenibilidad: Un Viaje por la Realidad Laboral en el Sector Alimentario Cuando hablamos de turismo, a menudo visualizamos playas soleadas, monta\u00f1as majestuosas o ciudades llenas de historia. Sin embargo, hay un aspecto del turismo que merece ser explorado en profundidad: la conexi\u00f3n entre los trabajadores y la producci\u00f3n de alimentos que llevamos a [&hellip;]<\/p>\n","protected":false},"author":2,"featured_media":1081599,"comment_status":"open","ping_status":"closed","sticky":false,"template":"","format":"standard","meta":{"om_disable_all_campaigns":false,"jnews-multi-image_gallery":[],"jnews_single_post":[],"jnews_primary_category":[],"jnews_social_meta":[],"footnotes":""},"categories":[43],"tags":[27307,94011,259098,45916,27970,257789],"class_list":["post-1081598","post","type-post","status-publish","format-standard","has-post-thumbnail","hentry","category-gourmet","tag-huelga","tag-schreiber-foods","tag-schreiber-foods-talavera-convenio-justo-derechos-laborales-negociacion-colectiva-justicia-social-trabajadores-derechos-de-los-trabajadores","tag-talavera-de-la-reina","tag-ugt","tag-ugt-fica"],"_links":{"self":[{"href":"https:\/\/dimensionturistica.com\/es\/wp-json\/wp\/v2\/posts\/1081598","targetHints":{"allow":["GET"]}}],"collection":[{"href":"https:\/\/dimensionturistica.com\/es\/wp-json\/wp\/v2\/posts"}],"about":[{"href":"https:\/\/dimensionturistica.com\/es\/wp-json\/wp\/v2\/types\/post"}],"author":[{"embeddable":true,"href":"https:\/\/dimensionturistica.com\/es\/wp-json\/wp\/v2\/users\/2"}],"replies":[{"embeddable":true,"href":"https:\/\/dimensionturistica.com\/es\/wp-json\/wp\/v2\/comments?post=1081598"}],"version-history":[{"count":0,"href":"https:\/\/dimensionturistica.com\/es\/wp-json\/wp\/v2\/posts\/1081598\/revisions"}],"wp:featuredmedia":[{"embeddable":true,"href":"https:\/\/dimensionturistica.com\/es\/wp-json\/wp\/v2\/media\/1081599"}],"wp:attachment":[{"href":"https:\/\/dimensionturistica.com\/es\/wp-json\/wp\/v2\/media?parent=1081598"}],"wp:term":[{"taxonomy":"category","embeddable":true,"href":"https:\/\/dimensionturistica.com\/es\/wp-json\/wp\/v2\/categories?post=1081598"},{"taxonomy":"post_tag","embeddable":true,"href":"https:\/\/dimensionturistica.com\/es\/wp-json\/wp\/v2\/tags?post=1081598"}],"curies":[{"name":"wp","href":"https:\/\/api.w.org\/{rel}","templated":true}]}}