{"id":1081491,"date":"2025-12-03T20:53:27","date_gmt":"2025-12-03T20:53:27","guid":{"rendered":"https:\/\/dimensionturistica.com\/es\/?p=1081491"},"modified":"2025-12-03T20:53:27","modified_gmt":"2025-12-03T20:53:27","slug":"la-vigesima-edicion-de-la-gala-anual-de-unicef-incluyo-una-presentacion-de-leon-bridges","status":"publish","type":"post","link":"https:\/\/dimensionturistica.com\/es\/la-vigesima-edicion-de-la-gala-anual-de-unicef-incluyo-una-presentacion-de-leon-bridges\/","title":{"rendered":"La Vig\u00e9sima Edici\u00f3n de la Gala Anual de UNICEF Incluy\u00f3 una Presentaci\u00f3n de Leon Bridges."},"content":{"rendered":"<h3>Elegancia y Compromiso en la Gala de UNICEF 2025<\/h3>\n<p>La Gala de UNICEF 2025 se ha consolidado como uno de los eventos m\u00e1s esperados en el calendario de la moda mundial, y este a\u00f1o no ha sido la excepci\u00f3n. Celebrada en un majestuoso recinto que rezumaba glamour y sofisticaci\u00f3n, la noche reuni\u00f3 a un elenco deslumbrante de celebridades, dise\u00f1adores y l\u00edderes de opini\u00f3n, todos unidos por una causa com\u00fan: el bienestar infantil.<\/p>\n<h4>Brillo y Moda Impecable<\/h4>\n<p>Desde el momento en que las estrellas comenzaron a desfilar por la alfombra roja, qued\u00f3 claro que la gala se convertir\u00eda en un escaparate de las tendencias m\u00e1s actuales. Dise\u00f1os audaces, siluetas contempor\u00e1neas y una paleta de colores que abarcaba desde el cl\u00e1sico negro hasta atrevidos neones, dejaron una huella imborrable. Los asistentes, con estilismos que oscilaban entre lo vanguardista y lo cl\u00e1sico, pusieron de manifiesto el papel de la moda como veh\u00edculo de autoexpresi\u00f3n y empoderamiento.<\/p>\n<p>Las firmas de alta costura, como Dior, Gucci y Versace, no solo vistieron a las celebridades, sino que tambi\u00e9n contribuyeron con donaciones significativas para la causa. Las creaciones en pasarela, que se transformaron en ropa de gala, reflejaron no solo un sentido est\u00e9tico, sino tambi\u00e9n un profundo compromiso con una misi\u00f3n altruista.<\/p>\n<h4>Una Plataforma de Conciencia<\/h4>\n<p>M\u00e1s all\u00e1 del deslumbrante despliegue de moda, la gala sirvi\u00f3 como una importante plataforma para concienciar sobre los retos que enfrentan los ni\u00f1os en todo el mundo. A trav\u00e9s de emotivos discursos y presentaciones art\u00edsticas, se puso de relieve la necesidad urgente de apoyo y acci\u00f3n. Cada atuendo, cada paso sobre la alfombra roja, se convirti\u00f3 en un eco de esperanza y solidaridad.<\/p>\n<p>Celebridades internacionales aprovechando su influencia para abogar por un cambio significativo, transformaron la velada en un espacio donde la moda y la responsabilidad social convergen. La participaci\u00f3n activa de figuras reconocidas, que apuntan a hacer visible la situaci\u00f3n de millones de ni\u00f1os en riesgo, fortaleci\u00f3 la conexi\u00f3n entre el estilo y la empat\u00eda.<\/p>\n<h4>Impacto Visual y Sensorial<\/h4>\n<p>Los momentos m\u00e1s memorables de la gala no se limitaron solamente a la moda. La ambientaci\u00f3n del evento, con una iluminaci\u00f3n cuidadosamente dise\u00f1ada y decoraciones espectaculares, cre\u00f3 una atm\u00f3sfera m\u00e1gica que envolvi\u00f3 a los asistentes. Los toques art\u00edsticos y los elementos visuales se complementaron con m\u00fasica en vivo, garantizando una experiencia sensorial completa.<\/p>\n<p>Las im\u00e1genes capturadas por los fot\u00f3grafos en la alfombra roja, que r\u00e1pidamente se esparcieron en las redes sociales, generaron un frenes\u00ed de likes y comentarios, llevando el mensaje de la gala a audiencias globales. La capacidad de crear contenido visual atractivo y relevante propici\u00f3 un incremento en la conversaci\u00f3n sobre la importancia de apoyar a UNICEF y sus iniciativas.<\/p>\n<h4>Una Noche para Recordar<\/h4>\n<p>Con una suma considerable destinada a programas de salud, educaci\u00f3n y protecci\u00f3n infantil, la Gala de UNICEF 2025 no solo dej\u00f3 una marca en la industria de la moda, sino que tambi\u00e9n plant\u00f3 semillas de cambio en las vidas de muchos. La intersecci\u00f3n de la moda y la filantrop\u00eda dej\u00f3 claro que cada elecci\u00f3n de vestuario puede tener un impacto significativo en el mundo.<\/p>\n<p>Al final de la noche, el legado de este evento radica en su habilidad para unir a la comunidad global alrededor de un objetivo com\u00fan. Aqu\u00ed, la moda no es solo un arte, sino una herramienta poderosa para el progreso social. La Gala de UNICEF 2025 se erige, de este modo, como un ejemplo luminoso de c\u00f3mo la creatividad puede impulsar la transformaci\u00f3n y el compromiso.<\/p>\n<p><em> &#8221; Fuentes www.vogue.com &#8221; <\/em><\/p>\n","protected":false},"excerpt":{"rendered":"<p>Elegancia y Compromiso en la Gala de UNICEF 2025 La Gala de UNICEF 2025 se ha consolidado como uno de los eventos m\u00e1s esperados en el calendario de la moda mundial, y este a\u00f1o no ha sido la excepci\u00f3n. Celebrada en un majestuoso recinto que rezumaba glamour y sofisticaci\u00f3n, la noche reuni\u00f3 a un elenco [&hellip;]<\/p>\n","protected":false},"author":14,"featured_media":1081492,"comment_status":"open","ping_status":"closed","sticky":false,"template":"","format":"standard","meta":{"om_disable_all_campaigns":false,"jnews-multi-image_gallery":[],"jnews_single_post":[],"jnews_primary_category":[],"jnews_social_meta":[],"footnotes":""},"categories":[144872],"tags":[116456,144216,259071,122220,75295,25759,259070,205386,441,11726,203622],"class_list":["post-1081491","post","type-post","status-publish","format-standard","has-post-thumbnail","hentry","category-fashion","tag-annual-event","tag-charity-event","tag-childrens-rights","tag-community-support","tag-fundraising","tag-gala","tag-leon-bridges","tag-live-performance","tag-music","tag-unicef","tag-vogue-parties"],"_links":{"self":[{"href":"https:\/\/dimensionturistica.com\/es\/wp-json\/wp\/v2\/posts\/1081491","targetHints":{"allow":["GET"]}}],"collection":[{"href":"https:\/\/dimensionturistica.com\/es\/wp-json\/wp\/v2\/posts"}],"about":[{"href":"https:\/\/dimensionturistica.com\/es\/wp-json\/wp\/v2\/types\/post"}],"author":[{"embeddable":true,"href":"https:\/\/dimensionturistica.com\/es\/wp-json\/wp\/v2\/users\/14"}],"replies":[{"embeddable":true,"href":"https:\/\/dimensionturistica.com\/es\/wp-json\/wp\/v2\/comments?post=1081491"}],"version-history":[{"count":1,"href":"https:\/\/dimensionturistica.com\/es\/wp-json\/wp\/v2\/posts\/1081491\/revisions"}],"predecessor-version":[{"id":1081493,"href":"https:\/\/dimensionturistica.com\/es\/wp-json\/wp\/v2\/posts\/1081491\/revisions\/1081493"}],"wp:featuredmedia":[{"embeddable":true,"href":"https:\/\/dimensionturistica.com\/es\/wp-json\/wp\/v2\/media\/1081492"}],"wp:attachment":[{"href":"https:\/\/dimensionturistica.com\/es\/wp-json\/wp\/v2\/media?parent=1081491"}],"wp:term":[{"taxonomy":"category","embeddable":true,"href":"https:\/\/dimensionturistica.com\/es\/wp-json\/wp\/v2\/categories?post=1081491"},{"taxonomy":"post_tag","embeddable":true,"href":"https:\/\/dimensionturistica.com\/es\/wp-json\/wp\/v2\/tags?post=1081491"}],"curies":[{"name":"wp","href":"https:\/\/api.w.org\/{rel}","templated":true}]}}