{"id":1081456,"date":"2025-12-03T20:06:46","date_gmt":"2025-12-03T20:06:46","guid":{"rendered":"https:\/\/dimensionturistica.com\/es\/?p=1081456"},"modified":"2025-12-03T20:06:46","modified_gmt":"2025-12-03T20:06:46","slug":"desarrollo-exitoso-de-alianzas-con-operadores-turisticos","status":"publish","type":"post","link":"https:\/\/dimensionturistica.com\/es\/desarrollo-exitoso-de-alianzas-con-operadores-turisticos\/","title":{"rendered":"Desarrollo Exitoso de Alianzas con Operadores Tur\u00edsticos"},"content":{"rendered":"<h3>El Renacer del Turismo: Una Gira que Inspira<\/h3>\n<p>En un mundo donde el turismo ha enfrentado desaf\u00edos sin precedentes, una reciente gira con agencias tur\u00edsticas se ha convertido en un faro de esperanza y revitalizaci\u00f3n. Este evento no solo ha reunido a profesionales apasionados por viajar, sino que tambi\u00e9n ha generado un espacio valioso para el intercambio de ideas y el fortalecimiento de la industria.<\/p>\n<p>Imagina un recorrido que resalta la riqueza cultural y natural de un destino, donde cada parada cuenta una historia \u00fanica. Durante esta gira, los participantes han podido explorar los rincones m\u00e1s encantadores y menos conocidos, desde exuberantes paisajes naturales hasta hist\u00f3ricas calles empedradas. Este enfoque permite que las agencias no solo vendan paquetes tur\u00edsticos, sino que tambi\u00e9n se conviertan en embajadoras de experiencias aut\u00e9nticas.<\/p>\n<p>Uno de los aspectos m\u00e1s destacados de esta jornada ha sido la interacci\u00f3n directa con la comunidad local. Los viajeros han tenido la oportunidad de involucrarse con artesanos, degustar la gastronom\u00eda t\u00edpica y aprender sobre tradiciones ancestrales. Este tipo de inmersi\u00f3n cultural no solo enriquece la experiencia del turista, sino que tambi\u00e9n beneficia a las comunidades, generando un impacto positivo que va m\u00e1s all\u00e1 de la econom\u00eda local.<\/p>\n<p>Adem\u00e1s, la gira ha servido como plataforma para discutir las \u00faltimas tendencias en el sector. Las agencias han recibido capacitaci\u00f3n sobre turismo sostenible y responsable, abordando la necesidad imperiosa de preservar los destinos que todos amamos. Aprender a gestionar el impacto ambiental y social del turismo es un paso crucial hacia un futuro m\u00e1s consciente y equilibrado.<\/p>\n<p>Otro aspecto relevante ha sido la oportunidad de establecer alianzas estrat\u00e9gicas entre las agencias participantes. En un entorno donde la colaboraci\u00f3n es clave, los profesionales pudieron forjar v\u00ednculos que potencialmente abrir\u00e1n nuevas puertas para el desarrollo de paquetes innovadores y atractivos. Este networking no solo beneficia a las empresas, sino que tambi\u00e9n potencia la experiencia del viajero, creando opciones cada vez m\u00e1s diversificadas.<\/p>\n<p>El entusiasmo fue palpable en cada actividad programada. Desde recorridos guiados hasta talleres creativos, los participantes se fueron inspirados y llenos de nuevas ideas. La energ\u00eda positiva generada en estas conexiones fue la esencia de la gira, dejando claro que el amor por viajar y compartir experiencias puede ser un motor poderoso de cambio.<\/p>\n<p>Esta gira no es simplemente un evento, sino un s\u00edmbolo de renovaci\u00f3n en la industria del turismo. Al unir a profesionales de diferentes rincones y fomentar la colaboraci\u00f3n, se vislumbra un futuro brillante, donde el turismo no solo sea una forma de escapar, sino tambi\u00e9n una manera de conectar con el mundo y sus m\u00faltiples historias.<\/p>\n<p>A medida que avanzamos hacia un nuevo normal, queda claro que el sector tur\u00edstico tiene las herramientas y la creatividad necesarias para reinventarse. La \u00faltima gira ha demostrado que, a trav\u00e9s del trabajo conjunto y el compromiso con la sostenibilidad, es posible no solo recuperar el turismo, sino tambi\u00e9n transformarlo en una fuerza para el bien. As\u00ed que, adelante: \u00a1el futuro del turismo aguarda a aquellos dispuestos a explorar y crear!<\/p>\n<p><em> &#8221; Fuentes columnadigital.com &#8221; <\/em><\/p>\n","protected":false},"excerpt":{"rendered":"<p>El Renacer del Turismo: Una Gira que Inspira En un mundo donde el turismo ha enfrentado desaf\u00edos sin precedentes, una reciente gira con agencias tur\u00edsticas se ha convertido en un faro de esperanza y revitalizaci\u00f3n. Este evento no solo ha reunido a profesionales apasionados por viajar, sino que tambi\u00e9n ha generado un espacio valioso para [&hellip;]<\/p>\n","protected":false},"author":4,"featured_media":1081457,"comment_status":"open","ping_status":"closed","sticky":false,"template":"","format":"standard","meta":{"om_disable_all_campaigns":false,"jnews-multi-image_gallery":[],"jnews_single_post":[],"jnews_primary_category":[],"jnews_social_meta":[],"footnotes":""},"categories":[39],"tags":[1161,15182,4569,233985,548,97392,12552,12160,3647,28097,1610,40811,544,681],"class_list":["post-1081456","post","type-post","status-publish","format-standard","has-post-thumbnail","hentry","category-viajes","tag-agencias","tag-agencias-turisticas","tag-colaboracion","tag-columna-digital","tag-destino","tag-dimension-turistica-magazine","tag-exitosa","tag-exitoso","tag-experiencia","tag-gira","tag-planificacion","tag-roadshow","tag-turismo","tag-viaje"],"_links":{"self":[{"href":"https:\/\/dimensionturistica.com\/es\/wp-json\/wp\/v2\/posts\/1081456","targetHints":{"allow":["GET"]}}],"collection":[{"href":"https:\/\/dimensionturistica.com\/es\/wp-json\/wp\/v2\/posts"}],"about":[{"href":"https:\/\/dimensionturistica.com\/es\/wp-json\/wp\/v2\/types\/post"}],"author":[{"embeddable":true,"href":"https:\/\/dimensionturistica.com\/es\/wp-json\/wp\/v2\/users\/4"}],"replies":[{"embeddable":true,"href":"https:\/\/dimensionturistica.com\/es\/wp-json\/wp\/v2\/comments?post=1081456"}],"version-history":[{"count":1,"href":"https:\/\/dimensionturistica.com\/es\/wp-json\/wp\/v2\/posts\/1081456\/revisions"}],"predecessor-version":[{"id":1081458,"href":"https:\/\/dimensionturistica.com\/es\/wp-json\/wp\/v2\/posts\/1081456\/revisions\/1081458"}],"wp:featuredmedia":[{"embeddable":true,"href":"https:\/\/dimensionturistica.com\/es\/wp-json\/wp\/v2\/media\/1081457"}],"wp:attachment":[{"href":"https:\/\/dimensionturistica.com\/es\/wp-json\/wp\/v2\/media?parent=1081456"}],"wp:term":[{"taxonomy":"category","embeddable":true,"href":"https:\/\/dimensionturistica.com\/es\/wp-json\/wp\/v2\/categories?post=1081456"},{"taxonomy":"post_tag","embeddable":true,"href":"https:\/\/dimensionturistica.com\/es\/wp-json\/wp\/v2\/tags?post=1081456"}],"curies":[{"name":"wp","href":"https:\/\/api.w.org\/{rel}","templated":true}]}}