{"id":1081406,"date":"2025-12-03T18:15:32","date_gmt":"2025-12-03T18:15:32","guid":{"rendered":"https:\/\/dimensionturistica.com\/es\/?p=1081406"},"modified":"2025-12-03T18:15:32","modified_gmt":"2025-12-03T18:15:32","slug":"el-reencuentro-del-reparto-de-oh-que-diversion-para-el-estreno-en-nueva-york","status":"publish","type":"post","link":"https:\/\/dimensionturistica.com\/es\/el-reencuentro-del-reparto-de-oh-que-diversion-para-el-estreno-en-nueva-york\/","title":{"rendered":"El Reencuentro del Reparto de Oh. Qu\u00e9. Diversi\u00f3n. para el Estreno en Nueva York."},"content":{"rendered":"<h3>La Noche de Estilo en Nueva York: Un Desfile de Glamour en la Fiesta de Estreno<\/h3>\n<p>La ciudad que nunca duerme se ilumin\u00f3 con un despliegue de glamur durante la reciente fiesta de estreno que reuni\u00f3 a un elenco estelar y las personalidades m\u00e1s influyentes del mundo de la moda. En un ambiente vibrante lleno de energ\u00eda, las celebridades no solo brillaron en la pantalla, sino tambi\u00e9n en la alfombra roja que preced\u00eda al evento.<\/p>\n<h4>Estilo en el Centro de Atenci\u00f3n<\/h4>\n<p>Los atuendos de la noche se convirtieron en el centro de todas las miradas. Desde vestidos de alta costura que parecen sacados de un cuento de hadas hasta trajes de gran impacto, cada elecci\u00f3n de vestuario fue un reflejo de las tendencias m\u00e1s actuales. Los dise\u00f1adores se lucieron, presentando creaciones que abrieron debates sobre la est\u00e9tica contempor\u00e1nea y la versatilidad en la moda.<\/p>\n<p>Los tonos met\u00e1licos y los cortes audaces dominaron la pasarela del evento. Un juego de luces y texturas convirti\u00f3 la noche en un espect\u00e1culo visual, donde cada celebridad se convirti\u00f3 en un embajador de su propio estilo. Estos looks, cuidadosamente elaborados, mostraron que la moda no solo se trata de seguir tendencias, sino de hacer una declaraci\u00f3n audaz.<\/p>\n<h4>La Diversidad de la Belleza<\/h4>\n<p>Un aspecto destacado de la gala fue la diversidad en los modelos y actores presentes. Esta inclusi\u00f3n no solo celebra la singularidad, sino que tambi\u00e9n es un reflejo de una industria en evoluci\u00f3n que busca representar una gama m\u00e1s amplia de voces y est\u00e9ticas. La variedad de estilos observados en la alfombra roja sirvi\u00f3 como un recordatorio potente de que la moda tiene el poder de desafiar normas y ser un veh\u00edculo para el cambio social.<\/p>\n<h4>Fotograf\u00eda y Candid Moments<\/h4>\n<p>Los fot\u00f3grafos capturaron cada \u00e1ngulo de la velada, creando un documento visual que har\u00e1 historia en la moda. Las instant\u00e1neas de momentos espont\u00e1neos, donde las celebridades intercambiaron risas y posaron con sus pares, revelaron una genuina camarader\u00eda que atrajo la atenci\u00f3n de los amantes de la cultura pop.<\/p>\n<h4>Inspiraci\u00f3n en Cada Rinc\u00f3n<\/h4>\n<p>La fiesta no fue solo un evento para mostrar ropa; se convirti\u00f3 en una fuente inagotable de inspiraci\u00f3n para dise\u00f1adores emergentes y aficionados a la moda. Las interacciones entre personalidades del mundo del espect\u00e1culo y de la moda hicieron que esta noche fuera una plataforma para el intercambio de ideas innovadoras y creativas.<\/p>\n<p>Desde las mesas decoradas con sabor a sofisticaci\u00f3n hasta los c\u00f3cteles que complementaban la atm\u00f3sfera festiva, cada detalle fue calculado para ofrecer una experiencia envolvente, reafirmando que la moda es un arte que trasciende lo visual.<\/p>\n<h4>Un Futuro Brillante<\/h4>\n<p>En medio de este derroche de estilo, queda claro que la moda sigue siendo un desfile de creatividad y expresi\u00f3n personal. Con cada evento como este, se va tejiendo una narrativa de lo que realmente significa &#8220;ser fashion&#8221;, reafirmando la idea de que cada uno tiene una historia que contar a trav\u00e9s de su vestimenta.<\/p>\n<p>La noche en Nueva York no solo fue un escaparate del presente, sino un vistazo al futuro de la moda. Mientras las luces se atenuaban y las celebridades se retiraban, quedaba en el aire la promesa de que las pr\u00f3ximas ediciones de eventos como este seguir\u00e1n redefiniendo el concepto del estilo en la gran manzana.<\/p>\n<p><em> &#8221; Fuentes www.vogue.com &#8221; <\/em><\/p>\n","protected":false},"excerpt":{"rendered":"<p>La Noche de Estilo en Nueva York: Un Desfile de Glamour en la Fiesta de Estreno La ciudad que nunca duerme se ilumin\u00f3 con un despliegue de glamur durante la reciente fiesta de estreno que reuni\u00f3 a un elenco estelar y las personalidades m\u00e1s influyentes del mundo de la moda. En un ambiente vibrante lleno [&hellip;]<\/p>\n","protected":false},"author":14,"featured_media":1081407,"comment_status":"open","ping_status":"closed","sticky":false,"template":"","format":"standard","meta":{"om_disable_all_campaigns":false,"jnews-multi-image_gallery":[],"jnews_single_post":[],"jnews_primary_category":[],"jnews_social_meta":[],"footnotes":""},"categories":[144872],"tags":[8352,259056,225,10526,259057,259055,259058,434,203622],"class_list":["post-1081406","post","type-post","status-publish","format-standard","has-post-thumbnail","hentry","category-fashion","tag-broadway","tag-cast-reunion","tag-entertainment","tag-musical","tag-nyc-premiere","tag-oh-what-fun","tag-reunion-event","tag-theater","tag-vogue-parties"],"_links":{"self":[{"href":"https:\/\/dimensionturistica.com\/es\/wp-json\/wp\/v2\/posts\/1081406","targetHints":{"allow":["GET"]}}],"collection":[{"href":"https:\/\/dimensionturistica.com\/es\/wp-json\/wp\/v2\/posts"}],"about":[{"href":"https:\/\/dimensionturistica.com\/es\/wp-json\/wp\/v2\/types\/post"}],"author":[{"embeddable":true,"href":"https:\/\/dimensionturistica.com\/es\/wp-json\/wp\/v2\/users\/14"}],"replies":[{"embeddable":true,"href":"https:\/\/dimensionturistica.com\/es\/wp-json\/wp\/v2\/comments?post=1081406"}],"version-history":[{"count":1,"href":"https:\/\/dimensionturistica.com\/es\/wp-json\/wp\/v2\/posts\/1081406\/revisions"}],"predecessor-version":[{"id":1081408,"href":"https:\/\/dimensionturistica.com\/es\/wp-json\/wp\/v2\/posts\/1081406\/revisions\/1081408"}],"wp:featuredmedia":[{"embeddable":true,"href":"https:\/\/dimensionturistica.com\/es\/wp-json\/wp\/v2\/media\/1081407"}],"wp:attachment":[{"href":"https:\/\/dimensionturistica.com\/es\/wp-json\/wp\/v2\/media?parent=1081406"}],"wp:term":[{"taxonomy":"category","embeddable":true,"href":"https:\/\/dimensionturistica.com\/es\/wp-json\/wp\/v2\/categories?post=1081406"},{"taxonomy":"post_tag","embeddable":true,"href":"https:\/\/dimensionturistica.com\/es\/wp-json\/wp\/v2\/tags?post=1081406"}],"curies":[{"name":"wp","href":"https:\/\/api.w.org\/{rel}","templated":true}]}}