{"id":1081306,"date":"2025-12-03T14:06:54","date_gmt":"2025-12-03T14:06:54","guid":{"rendered":"https:\/\/dimensionturistica.com\/es\/?p=1081306"},"modified":"2025-12-03T14:06:54","modified_gmt":"2025-12-03T14:06:54","slug":"controversia-en-caba-proponen-restringir-el-uso-de-vehiculos-privados-en-plataformas-de-transporte","status":"publish","type":"post","link":"https:\/\/dimensionturistica.com\/es\/controversia-en-caba-proponen-restringir-el-uso-de-vehiculos-privados-en-plataformas-de-transporte\/","title":{"rendered":"Controversia en CABA: proponen restringir el uso de veh\u00edculos privados en plataformas de transporte."},"content":{"rendered":"<h3>Una Nueva Era en la Movilidad Urbana: La Propuesta de Prohibir Autos Particulares en Aplicaciones de Viajes<\/h3>\n<p>La ciudad de Buenos Aires, un vibrante centro cultural y tur\u00edstico, se encuentra en el ojo del hurac\u00e1n por una controversial propuesta que busca transformar la movilidad urbana. La innovaci\u00f3n en el sistema de transporte ha llevado a un debate apasionado sobre el uso de autos particulares en aplicaciones de viajes, lo que podr\u00eda tener un impacto significativo tanto en la vida cotidiana de los residentes como en la experiencia de los visitantes.<\/p>\n<p>En un entorno donde las aplicaciones de transporte se han convertido en una opci\u00f3n predilecta para moverse dentro de la metr\u00f3poli, la idea de prohibir el uso de veh\u00edculos particulares en estas plataformas ha desatado opiniones encontradas. Los defensores de la propuesta argumentan que esta medida no solo mejorar\u00eda la calidad del aire y reducir\u00eda la congesti\u00f3n del tr\u00e1fico, sino que tambi\u00e9n incentivar\u00eda el uso del transporte p\u00fablico y opciones m\u00e1s sostenibles, como bicicletas y scooters el\u00e9ctricos.<\/p>\n<h3>El Entorno Tur\u00edstico y el Futuro de la Movilidad<\/h3>\n<p>Para los turistas que exploran Buenos Aires, la flexibilidad de contar con servicios de transporte a demanda ha sido un alivio. La posibilidad de acceder a un veh\u00edculo en cuesti\u00f3n de minutos ha hecho que las atracciones emblem\u00e1ticas, como el Obelisco, San Telmo o La Boca, sean m\u00e1s accesibles. Sin embargo, la creciente dependencia de estos servicios plantea preguntas cr\u00edticas sobre el futuro del turismo en la ciudad.<\/p>\n<p>Si esta propuesta avanza, se requerir\u00eda que los visitantes se adapten a nuevas modalidades de transporte. Podr\u00edan surgir oportunidades para mejorar el acceso a lugares tur\u00edsticos a trav\u00e9s de una red de transporte p\u00fablico m\u00e1s eficiente y amigable con el medio ambiente. Al mismo tiempo, se abre la puerta a una mayor integraci\u00f3n de veh\u00edculos no contaminantes y alternativas de transporte colectivo.<\/p>\n<h3>Desaf\u00edos y Oportunidades<\/h3>\n<p>La discordia no est\u00e1 ausente en el debate. Muchos argumentan que la prohibici\u00f3n impactar\u00eda negativamente a quienes dependen de estas aplicaciones para su trabajo diario o para la creaci\u00f3n de ingresos adicionales. El equilibrio entre la regulaci\u00f3n y la necesidad de empleo es un aspecto clave que deber\u00e1 ser considerado. <\/p>\n<p>En este contexto, la implementaci\u00f3n de pol\u00edticas que favorezcan un transporte m\u00e1s sostenible debe ser cuidadosamente dise\u00f1ada para no afectar a la econom\u00eda local. La promoci\u00f3n de alternativas, como bicicletas compartidas o trenes, podr\u00eda incentivar a los turistas a explorar la ciudad de una manera diferente y m\u00e1s aut\u00e9ntica.<\/p>\n<h3>Hacia un Futuro Sostenible<\/h3>\n<p>Si bien la prohibici\u00f3n de autos particulares en aplicaciones de viajes podr\u00eda ser un paso radical, su implementaci\u00f3n podr\u00eda ser parte de un movimiento m\u00e1s amplio hacia un futuro m\u00e1s sostenible. La discusi\u00f3n sobre la movilidad urbana se est\u00e1 promoviendo de manera activa en distintas ciudades del mundo, y Buenos Aires no quiere quedarse atr\u00e1s.<\/p>\n<p>El futuro del turismo y la movilidad urbana en la capital argentina ser\u00e1 moldeado por la interacci\u00f3n entre regulaciones, innovaci\u00f3n tecnol\u00f3gica y la voluntad colectiva de los ciudadanos. Sin duda, lo que est\u00e1 en juego es m\u00e1s que un simple debate sobre el transporte; es una nueva visi\u00f3n para la vida urbana que busca un equilibrio entre la modernidad, el empleo y el medio ambiente.<\/p>\n<p>En conclusi\u00f3n, lo que est\u00e1 ocurriendo en Buenos Aires es un reflejo de las tensiones contempor\u00e1neas que enfrentan las ciudades de todo el mundo. La forma en la que abordemos estos desaf\u00edos determinar\u00e1 no solo la calidad de vida de los locales, sino tambi\u00e9n la experiencia inolvidable que cada turista podr\u00e1 llevarse consigo al partir de esta extraordinaria metr\u00f3poli.<\/p>\n<p><em> &#8221; Sources www.infobae.com &#8221; <\/em><\/p>\n","protected":false},"excerpt":{"rendered":"<p>Una Nueva Era en la Movilidad Urbana: La Propuesta de Prohibir Autos Particulares en Aplicaciones de Viajes La ciudad de Buenos Aires, un vibrante centro cultural y tur\u00edstico, se encuentra en el ojo del hurac\u00e1n por una controversial propuesta que busca transformar la movilidad urbana. La innovaci\u00f3n en el sistema de transporte ha llevado a [&hellip;]<\/p>\n","protected":false},"author":4,"featured_media":1081307,"comment_status":"open","ping_status":"closed","sticky":false,"template":"","format":"standard","meta":{"om_disable_all_campaigns":false,"jnews-multi-image_gallery":[],"jnews_single_post":[],"jnews_primary_category":[],"jnews_social_meta":[],"footnotes":""},"categories":[40],"tags":[49312,199669,2115,991,1347,4872,3481,597,41082,9750],"class_list":["post-1081306","post","type-post","status-publish","format-standard","has-post-thumbnail","hentry","category-industria","tag-aplicaciones-de-viajes","tag-autos-particulares","tag-caba","tag-medio-ambiente","tag-movilidad","tag-polemica","tag-prohibicion","tag-proyecto","tag-regulacion","tag-transporte-urbano"],"_links":{"self":[{"href":"https:\/\/dimensionturistica.com\/es\/wp-json\/wp\/v2\/posts\/1081306","targetHints":{"allow":["GET"]}}],"collection":[{"href":"https:\/\/dimensionturistica.com\/es\/wp-json\/wp\/v2\/posts"}],"about":[{"href":"https:\/\/dimensionturistica.com\/es\/wp-json\/wp\/v2\/types\/post"}],"author":[{"embeddable":true,"href":"https:\/\/dimensionturistica.com\/es\/wp-json\/wp\/v2\/users\/4"}],"replies":[{"embeddable":true,"href":"https:\/\/dimensionturistica.com\/es\/wp-json\/wp\/v2\/comments?post=1081306"}],"version-history":[{"count":1,"href":"https:\/\/dimensionturistica.com\/es\/wp-json\/wp\/v2\/posts\/1081306\/revisions"}],"predecessor-version":[{"id":1081308,"href":"https:\/\/dimensionturistica.com\/es\/wp-json\/wp\/v2\/posts\/1081306\/revisions\/1081308"}],"wp:featuredmedia":[{"embeddable":true,"href":"https:\/\/dimensionturistica.com\/es\/wp-json\/wp\/v2\/media\/1081307"}],"wp:attachment":[{"href":"https:\/\/dimensionturistica.com\/es\/wp-json\/wp\/v2\/media?parent=1081306"}],"wp:term":[{"taxonomy":"category","embeddable":true,"href":"https:\/\/dimensionturistica.com\/es\/wp-json\/wp\/v2\/categories?post=1081306"},{"taxonomy":"post_tag","embeddable":true,"href":"https:\/\/dimensionturistica.com\/es\/wp-json\/wp\/v2\/tags?post=1081306"}],"curies":[{"name":"wp","href":"https:\/\/api.w.org\/{rel}","templated":true}]}}