{"id":1081291,"date":"2025-12-03T13:32:03","date_gmt":"2025-12-03T13:32:03","guid":{"rendered":"https:\/\/dimensionturistica.com\/es\/?p=1081291"},"modified":"2025-12-03T13:32:03","modified_gmt":"2025-12-03T13:32:03","slug":"no-se-nada-sobre-meghan-markle-aqui-estan-mis-reflexiones-sobre-con-carino-meghan-celebracion-navidena-como-espectador-inexperto","status":"publish","type":"post","link":"https:\/\/dimensionturistica.com\/es\/no-se-nada-sobre-meghan-markle-aqui-estan-mis-reflexiones-sobre-con-carino-meghan-celebracion-navidena-como-espectador-inexperto\/","title":{"rendered":"No S\u00e9 Nada sobre Meghan Markle. Aqu\u00ed Est\u00e1n Mis Reflexiones sobre \u2018Con Cari\u00f1o, Meghan: Celebraci\u00f3n Navide\u00f1a\u2019 como Espectador Inexperto."},"content":{"rendered":"<p><strong>La Magia de las Celebraciones: Estilo y Conexi\u00f3n en Tiempos de Festividades<\/strong><\/p>\n<p>Cuando el aire se llena de esp\u00edritu festivo, el estilo y la conexi\u00f3n con nuestros seres queridos emergen como protagonistas indiscutibles. En un mundo donde las celebraciones re\u00fanen tradici\u00f3n y modernidad, cada detalle cuenta, y eso es exactamente lo que se celebra esta temporada.<\/p>\n<p>La figura influyente de Meghan Markle, conocida por su agudo sentido est\u00e9tico y su genuina conexi\u00f3n con la comunidad, ofrece un enfoque refrescante sobre c\u00f3mo abordar las festividades. A medida que la temporada navide\u00f1a se acerca, la atenci\u00f3n se centra en la importancia de los momentos compartidos y el significado que estos conllevan.<\/p>\n<h3>La Celebraci\u00f3n de la Conexi\u00f3n<\/h3>\n<p>Este a\u00f1o, la esencia de la temporada resalta no solo lo material, sino las conexiones aut\u00e9nticas. El \u00e9nfasis en pasar tiempo de calidad con amigos y familiares es un recordatorio poderoso de lo que realmente importa. Con la pandemia a\u00fan presente en la memoria colectiva, la celebraci\u00f3n de la uni\u00f3n humaniza el acto de dar y recibir, elevando la experiencia de la festividad a un nuevo plano emocional.<\/p>\n<h3>Estilo que Impresiona<\/h3>\n<p>El estilo tambi\u00e9n juega un papel fundamental. Las elecciones de vestuario durante estas festividades no son meras decisiones de moda; se convierten en declaraciones de intenciones. Optar por prendas que reflejen no solo actual tendencias, sino tambi\u00e9n la personalidad y los valores, permite comunicar un mensaje claro: cada elecci\u00f3n es un reflejo de qui\u00e9nes somos.<\/p>\n<p>La paleta de colores que se elige para una celebraci\u00f3n puede narrar historias. Los tonos c\u00e1lidos y festivos evocan la nostalgia y la calidez, mientras que los acentos m\u00e1s frescos pueden simbolizar un nuevo comienzo. En este sentido, los looks elegidos no solo atraen la mirada, sino que cuentan historias visuales ricas en significado.<\/p>\n<h3>Regalos que Importan<\/h3>\n<p>Asimismo, el acto de obsequiar se transforma en una expresi\u00f3n de amor y consideraci\u00f3n. La selecci\u00f3n de regalos se torna fundamental; la intenci\u00f3n detr\u00e1s de cada presente puede hacer que el instante sea memorable. Las tendencias indican una preferencia marcada por regalos que trascienden lo material, apuntando hacia experiencias y momentos que se vivir\u00e1n juntos.<\/p>\n<h3>La Influencia del Estilo Personal<\/h3>\n<p>Meghan Markle destaca por su capacidad de fusionar elegancia y simplicidad, ofreciendo un ejemplo de que se puede ser chic sin sacrificar la comodidad y la autenticidad. Este a\u00f1o, el llamado es a hacer elecciones que nos representen genuinamente, dejando atr\u00e1s las presiones de un \u2018deber ser\u2019 impuesto por la sociedad. La moda puede ser un aliado poderoso para manifestar nuestra voz, y nunca ha sido tan relevante como en estas festividades.<\/p>\n<h3>Redefiniendo Tradiciones<\/h3>\n<p>Redefinir tradiciones es otra faceta esencial de la celebraci\u00f3n. Incorporar nuevas costumbres y dejar espacio para la innovaci\u00f3n en nuestra manera de festejar puede revitalizar el proceso, convirtiendo lo habitual en algo sorprendente y renovador. Esto invita a la reflexi\u00f3n sobre c\u00f3mo cada uno de nosotros puede, de manera creativa, enriquecer las celebraciones de este a\u00f1o.<\/p>\n<p>Al final, el enfoque de esta temporada se centra en abrazar lo esencial: la conexi\u00f3n, la autenticidad, y el poder del estilo personal. En un entorno donde cada detalle importa, cada elecci\u00f3n, ya sea en moda, regalos o rituales, se convierte en un paso hacia una celebraci\u00f3n significativa. \u00a1Prep\u00e1rate para un diciembre lleno de estilo, conexi\u00f3n y momentos inolvidables!<\/p>\n<p><em> &#8221; Fuentes www.vogue.com &#8221; <\/em><\/p>\n","protected":false},"excerpt":{"rendered":"<p>La Magia de las Celebraciones: Estilo y Conexi\u00f3n en Tiempos de Festividades Cuando el aire se llena de esp\u00edritu festivo, el estilo y la conexi\u00f3n con nuestros seres queridos emergen como protagonistas indiscutibles. En un mundo donde las celebraciones re\u00fanen tradici\u00f3n y modernidad, cada detalle cuenta, y eso es exactamente lo que se celebra esta [&hellip;]<\/p>\n","protected":false},"author":14,"featured_media":1081292,"comment_status":"open","ping_status":"closed","sticky":false,"template":"","format":"standard","meta":{"om_disable_all_campaigns":false,"jnews-multi-image_gallery":[],"jnews_single_post":[],"jnews_primary_category":[],"jnews_social_meta":[],"footnotes":""},"categories":[144872],"tags":[201917,225,259024,259023,201916,449,130377,51893,186482,259025,159743,244260],"class_list":["post-1081291","post","type-post","status-publish","format-standard","has-post-thumbnail","hentry","category-fashion","tag-duchess-of-sussex","tag-entertainment","tag-first-time-viewer","tag-holiday-celebration","tag-meghan","tag-meghan-markle","tag-pop-culture","tag-reviews","tag-royals","tag-television-special","tag-thoughts","tag-with-love-meghan"],"_links":{"self":[{"href":"https:\/\/dimensionturistica.com\/es\/wp-json\/wp\/v2\/posts\/1081291","targetHints":{"allow":["GET"]}}],"collection":[{"href":"https:\/\/dimensionturistica.com\/es\/wp-json\/wp\/v2\/posts"}],"about":[{"href":"https:\/\/dimensionturistica.com\/es\/wp-json\/wp\/v2\/types\/post"}],"author":[{"embeddable":true,"href":"https:\/\/dimensionturistica.com\/es\/wp-json\/wp\/v2\/users\/14"}],"replies":[{"embeddable":true,"href":"https:\/\/dimensionturistica.com\/es\/wp-json\/wp\/v2\/comments?post=1081291"}],"version-history":[{"count":1,"href":"https:\/\/dimensionturistica.com\/es\/wp-json\/wp\/v2\/posts\/1081291\/revisions"}],"predecessor-version":[{"id":1081293,"href":"https:\/\/dimensionturistica.com\/es\/wp-json\/wp\/v2\/posts\/1081291\/revisions\/1081293"}],"wp:featuredmedia":[{"embeddable":true,"href":"https:\/\/dimensionturistica.com\/es\/wp-json\/wp\/v2\/media\/1081292"}],"wp:attachment":[{"href":"https:\/\/dimensionturistica.com\/es\/wp-json\/wp\/v2\/media?parent=1081291"}],"wp:term":[{"taxonomy":"category","embeddable":true,"href":"https:\/\/dimensionturistica.com\/es\/wp-json\/wp\/v2\/categories?post=1081291"},{"taxonomy":"post_tag","embeddable":true,"href":"https:\/\/dimensionturistica.com\/es\/wp-json\/wp\/v2\/tags?post=1081291"}],"curies":[{"name":"wp","href":"https:\/\/api.w.org\/{rel}","templated":true}]}}