{"id":1081280,"date":"2025-12-03T13:20:35","date_gmt":"2025-12-03T13:20:35","guid":{"rendered":"https:\/\/dimensionturistica.com\/es\/?p=1081280"},"modified":"2025-12-03T13:20:35","modified_gmt":"2025-12-03T13:20:35","slug":"medellin-debatira-sobre-las-corrientes-globales-en-el-sector-turistico","status":"publish","type":"post","link":"https:\/\/dimensionturistica.com\/es\/medellin-debatira-sobre-las-corrientes-globales-en-el-sector-turistico\/","title":{"rendered":"Medell\u00edn debatir\u00e1 sobre las corrientes globales en el sector tur\u00edstico."},"content":{"rendered":"<h3>Medell\u00edn: Un Epicentro de Innovaci\u00f3n Tur\u00edstica<\/h3>\n<p>Medell\u00edn, la ciudad de la eterna primavera, se posiciona como un destino clave en la conversaci\u00f3n global sobre las tendencias en turismo. Este vibrante lugar, conocido por su clima agradable y su transformaci\u00f3n social, se prepara para acoger un evento que re\u00fane a expertos y l\u00edderes del sector tur\u00edstico para discutir las novedades y desaf\u00edos que enfrenta la industria.<\/p>\n<p>El turismo ha sido uno de los sectores m\u00e1s golpeados en esta era post-pandemia, pero Medell\u00edn se alza como un faro de innovaci\u00f3n. Los lugares se est\u00e1n reimaginando, y las experiencias tur\u00edsticas est\u00e1n evolucionando para adaptarse a las nuevas expectativas de los viajeros. Durante el evento, se explorar\u00e1n enfoques creativos que van m\u00e1s all\u00e1 de lo convencional, impulsando un turismo m\u00e1s sostenible y responsable.<\/p>\n<p>Los asistentes tendr\u00e1n la oportunidad de escuchar a oradores destacados que compartir\u00e1n experiencias de distintas partes del mundo. Desde la implementaci\u00f3n de tecnolog\u00edas digitales que enriquecen la experiencia del visitante, hasta estrategias para fomentar un turismo inclusivo que beneficie a las comunidades locales, el programa promete un intercambio enriquecedor de ideas.<\/p>\n<p>En este contexto, Medell\u00edn no solo se presenta como un destino tur\u00edstico atractivo, sino tambi\u00e9n como un laboratorio de ideas donde el di\u00e1logo se convierte en la base para construir un futuro m\u00e1s resiliente en la industria. El enfoque en la sostenibilidad ser\u00e1 un tema recurrente: c\u00f3mo los destinos pueden proteger su patrimonio cultural y natural mientras a\u00fan reciben a turistas \u00e1vidos de experiencias \u00fanicas.<\/p>\n<p>La ciudad es famosa por sus proyectos innovadores como el sistema de transporte Metrocable y su red de bibliotecas al aire libre, que transforman el espacio urbano y favorecen la inclusividad. Estos ejemplos demuestran que un turismo consciente puede coexistir con el desarrollo social y econ\u00f3mico. <\/p>\n<p>Medell\u00edn apuesta por un turismo que no solo deleita a los visitantes, sino que tambi\u00e9n deja una huella positiva en sus habitantes. Desde talleres artesanales donde los turistas pueden aprender de los maestros locales hasta recorridos gastron\u00f3micos que destacan la rica herencia culinaria paisa, cada experiencia promete conectar a los visitantes con la aut\u00e9ntica esencia de la ciudad.<\/p>\n<p>Sin duda, este encuentro ser\u00e1 una plataforma invaluable para redefinir las estrategias tur\u00edsticas y enfrentar los retos del futuro. Medell\u00edn se erige no solo como un destino, sino como un protagonista en la reimaginaci\u00f3n del turismo mundial. La ciudad invita al mundo a dialogar y a construir juntos un camino hacia un turismo m\u00e1s humano, inclusivo y sostenible, donde cada visitante pueda convertirse tambi\u00e9n en un agente de cambio. <\/p>\n<p>Prep\u00e1rate para descubrir Medell\u00edn, donde cada esquina cuenta una historia y desaf\u00eda nuestras percepciones sobre el turismo actual. \u00a1Un destino que promete no solo visitar, sino tambi\u00e9n transformar!<\/p>\n<p><em> &#8221; Sources www.medellin.gov.co &#8221; <\/em><\/p>\n","protected":false},"excerpt":{"rendered":"<p>Medell\u00edn: Un Epicentro de Innovaci\u00f3n Tur\u00edstica Medell\u00edn, la ciudad de la eterna primavera, se posiciona como un destino clave en la conversaci\u00f3n global sobre las tendencias en turismo. Este vibrante lugar, conocido por su clima agradable y su transformaci\u00f3n social, se prepara para acoger un evento que re\u00fane a expertos y l\u00edderes del sector tur\u00edstico [&hellip;]<\/p>\n","protected":false},"author":4,"featured_media":1081281,"comment_status":"open","ping_status":"closed","sticky":false,"template":"","format":"standard","meta":{"om_disable_all_campaigns":false,"jnews-multi-image_gallery":[],"jnews_single_post":[],"jnews_primary_category":[],"jnews_social_meta":[],"footnotes":""},"categories":[40],"tags":[662,20516,55477,32015,1296,775,5557,17602,214437,544],"class_list":["post-1081280","post","type-post","status-publish","format-standard","has-post-thumbnail","hentry","category-industria","tag-cultura","tag-desarrollo-sostenible","tag-dialogo","tag-eventos-internacionales","tag-industria-turistica","tag-innovacion","tag-medellin","tag-movilidad-urbana","tag-tendencias-mundiales","tag-turismo"],"_links":{"self":[{"href":"https:\/\/dimensionturistica.com\/es\/wp-json\/wp\/v2\/posts\/1081280","targetHints":{"allow":["GET"]}}],"collection":[{"href":"https:\/\/dimensionturistica.com\/es\/wp-json\/wp\/v2\/posts"}],"about":[{"href":"https:\/\/dimensionturistica.com\/es\/wp-json\/wp\/v2\/types\/post"}],"author":[{"embeddable":true,"href":"https:\/\/dimensionturistica.com\/es\/wp-json\/wp\/v2\/users\/4"}],"replies":[{"embeddable":true,"href":"https:\/\/dimensionturistica.com\/es\/wp-json\/wp\/v2\/comments?post=1081280"}],"version-history":[{"count":1,"href":"https:\/\/dimensionturistica.com\/es\/wp-json\/wp\/v2\/posts\/1081280\/revisions"}],"predecessor-version":[{"id":1081282,"href":"https:\/\/dimensionturistica.com\/es\/wp-json\/wp\/v2\/posts\/1081280\/revisions\/1081282"}],"wp:featuredmedia":[{"embeddable":true,"href":"https:\/\/dimensionturistica.com\/es\/wp-json\/wp\/v2\/media\/1081281"}],"wp:attachment":[{"href":"https:\/\/dimensionturistica.com\/es\/wp-json\/wp\/v2\/media?parent=1081280"}],"wp:term":[{"taxonomy":"category","embeddable":true,"href":"https:\/\/dimensionturistica.com\/es\/wp-json\/wp\/v2\/categories?post=1081280"},{"taxonomy":"post_tag","embeddable":true,"href":"https:\/\/dimensionturistica.com\/es\/wp-json\/wp\/v2\/tags?post=1081280"}],"curies":[{"name":"wp","href":"https:\/\/api.w.org\/{rel}","templated":true}]}}