{"id":1080939,"date":"2025-12-02T22:25:18","date_gmt":"2025-12-02T22:25:18","guid":{"rendered":"https:\/\/dimensionturistica.com\/es\/?p=1080939"},"modified":"2025-12-02T22:25:18","modified_gmt":"2025-12-02T22:25:18","slug":"una-experiencia-unica-que-combina-arte-vino-y-surrealismo-en-la-ciudad-de-mexico-con-el-turibus-museos","status":"publish","type":"post","link":"https:\/\/dimensionturistica.com\/es\/una-experiencia-unica-que-combina-arte-vino-y-surrealismo-en-la-ciudad-de-mexico-con-el-turibus-museos\/","title":{"rendered":"Una experiencia \u00fanica que combina arte, vino y surrealismo en la Ciudad de M\u00e9xico con el &#8220;Turibus Museos&#8221;"},"content":{"rendered":"\n<figure class=\"wp-block-gallery has-nested-images columns-default is-cropped wp-block-gallery-1 is-layout-flex wp-block-gallery-is-layout-flex\">\n<figure class=\"wp-block-image size-large\"><img decoding=\"async\" width=\"500\" height=\"212\" data-id=\"1080950\" src=\"https:\/\/dimensionturistica.com\/es\/wp-content\/uploads\/2025\/12\/8TURI.jpg\" alt=\"\" class=\"wp-image-1080950\" srcset=\"https:\/\/dimensionturistica.com\/es\/wp-content\/uploads\/2025\/12\/8TURI.jpg 500w, https:\/\/dimensionturistica.com\/es\/wp-content\/uploads\/2025\/12\/8TURI-300x127.jpg 300w\" sizes=\"(max-width: 500px) 100vw, 500px\" \/><\/figure>\n<\/figure>\n\n\n\n<p>En el marco de su 25 aniversario, Turibus contin\u00faa innovando en experiencias tur\u00edsticas con el lanzamiento de una nueva ruta especial: Turibus Museos, un recorrido que invita a disfrutar del arte, la cultura y el vino en una sola noche.<\/p>\n\n\n\n<figure class=\"wp-block-gallery has-nested-images columns-default is-cropped wp-block-gallery-2 is-layout-flex wp-block-gallery-is-layout-flex\">\n<figure class=\"wp-block-image size-large\"><img decoding=\"async\" width=\"500\" height=\"375\" data-id=\"1080951\" src=\"https:\/\/dimensionturistica.com\/es\/wp-content\/uploads\/2025\/12\/6TURI.jpg\" alt=\"\" class=\"wp-image-1080951\" srcset=\"https:\/\/dimensionturistica.com\/es\/wp-content\/uploads\/2025\/12\/6TURI.jpg 500w, https:\/\/dimensionturistica.com\/es\/wp-content\/uploads\/2025\/12\/6TURI-300x225.jpg 300w\" sizes=\"(max-width: 500px) 100vw, 500px\" \/><\/figure>\n<\/figure>\n\n\n\n<p>La primera salida fue el 26 de noviembre, partiendo desde Reforma 222 hacia el Museo Franz Mayer, donde los pasajeros vivir\u00e1n una experiencia exclusiva durante la inauguraci\u00f3n de la exposici\u00f3n \u201cSurreal. Rodney Smith\u201d, una muestra dedicada al c\u00e9lebre fot\u00f3grafo estadounidense reconocido por su estilo elegante y on\u00edrico.<\/p>\n\n\n\n<p>Esta velada especial, titulada \u201cLa Noche de Franz: Baile Surreal\u201d, mezcla el imaginario del D\u00eda de Muertos con el arte, la m\u00fasica y la creatividad. Adem\u00e1s de recorrer la nueva exposici\u00f3n antes que nadie, los asistentes podr\u00e1n disfrutar de visitas guiadas tem\u00e1ticas sobre arte popular mexicano, surrealismo y fotograf\u00eda; as\u00ed como participar en talleres de pintura de calacas, foto-collage y maquillaje de catrinas.<\/p>\n\n\n\n<figure class=\"wp-block-gallery has-nested-images columns-default is-cropped wp-block-gallery-3 is-layout-flex wp-block-gallery-is-layout-flex\">\n<figure class=\"wp-block-image size-large\"><img decoding=\"async\" width=\"500\" height=\"375\" data-id=\"1080953\" src=\"https:\/\/dimensionturistica.com\/es\/wp-content\/uploads\/2025\/12\/1turi.jpg\" alt=\"\" class=\"wp-image-1080953\" srcset=\"https:\/\/dimensionturistica.com\/es\/wp-content\/uploads\/2025\/12\/1turi.jpg 500w, https:\/\/dimensionturistica.com\/es\/wp-content\/uploads\/2025\/12\/1turi-300x225.jpg 300w\" sizes=\"(max-width: 500px) 100vw, 500px\" \/><\/figure>\n<\/figure>\n\n\n\n<p>Tras la visita al museo, el recorrido contin\u00faa hacia La Quilla, donde los viajeros disfrutar\u00e1n de una cata de vino en un ambiente relajado y sofisticado, antes de regresar al punto de partida en Reforma 222.<\/p>\n\n\n\n<figure class=\"wp-block-gallery has-nested-images columns-default is-cropped wp-block-gallery-4 is-layout-flex wp-block-gallery-is-layout-flex\">\n<figure class=\"wp-block-image size-large\"><img decoding=\"async\" width=\"500\" height=\"375\" data-id=\"1080956\" src=\"https:\/\/dimensionturistica.com\/es\/wp-content\/uploads\/2025\/12\/7TURI.jpg\" alt=\"\" class=\"wp-image-1080956\" srcset=\"https:\/\/dimensionturistica.com\/es\/wp-content\/uploads\/2025\/12\/7TURI.jpg 500w, https:\/\/dimensionturistica.com\/es\/wp-content\/uploads\/2025\/12\/7TURI-300x225.jpg 300w\" sizes=\"(max-width: 500px) 100vw, 500px\" \/><\/figure>\n<\/figure>\n\n\n\n<p>El tour tiene un costo de $450 pesos por persona e incluye transporte redondo en Turibus, acceso al museo y la experiencia de cata. Los boletos ya est\u00e1n disponibles en nuestros puntos de venta oficiales.<\/p>\n\n\n\n<p>M\u00e1s informaci\u00f3n y boletos en: www.turibus.com.mx<\/p>\n","protected":false},"excerpt":{"rendered":"<p>En el marco de su 25 aniversario, Turibus contin\u00faa innovando en experiencias tur\u00edsticas con el lanzamiento de una nueva ruta especial: Turibus Museos, un recorrido que invita a disfrutar del arte, la cultura y el vino en una sola noche. La primera salida fue el 26 de noviembre, partiendo desde Reforma 222 hacia el Museo [&hellip;]<\/p>\n","protected":false},"author":1,"featured_media":0,"comment_status":"open","ping_status":"closed","sticky":false,"template":"","format":"standard","meta":{"om_disable_all_campaigns":false,"jnews-multi-image_gallery":[],"jnews_single_post":[],"jnews_primary_category":[],"jnews_social_meta":[],"footnotes":""},"categories":[39],"tags":[],"class_list":["post-1080939","post","type-post","status-publish","format-standard","hentry","category-viajes"],"_links":{"self":[{"href":"https:\/\/dimensionturistica.com\/es\/wp-json\/wp\/v2\/posts\/1080939","targetHints":{"allow":["GET"]}}],"collection":[{"href":"https:\/\/dimensionturistica.com\/es\/wp-json\/wp\/v2\/posts"}],"about":[{"href":"https:\/\/dimensionturistica.com\/es\/wp-json\/wp\/v2\/types\/post"}],"author":[{"embeddable":true,"href":"https:\/\/dimensionturistica.com\/es\/wp-json\/wp\/v2\/users\/1"}],"replies":[{"embeddable":true,"href":"https:\/\/dimensionturistica.com\/es\/wp-json\/wp\/v2\/comments?post=1080939"}],"version-history":[{"count":1,"href":"https:\/\/dimensionturistica.com\/es\/wp-json\/wp\/v2\/posts\/1080939\/revisions"}],"predecessor-version":[{"id":1080957,"href":"https:\/\/dimensionturistica.com\/es\/wp-json\/wp\/v2\/posts\/1080939\/revisions\/1080957"}],"wp:attachment":[{"href":"https:\/\/dimensionturistica.com\/es\/wp-json\/wp\/v2\/media?parent=1080939"}],"wp:term":[{"taxonomy":"category","embeddable":true,"href":"https:\/\/dimensionturistica.com\/es\/wp-json\/wp\/v2\/categories?post=1080939"},{"taxonomy":"post_tag","embeddable":true,"href":"https:\/\/dimensionturistica.com\/es\/wp-json\/wp\/v2\/tags?post=1080939"}],"curies":[{"name":"wp","href":"https:\/\/api.w.org\/{rel}","templated":true}]}}