{"id":1080925,"date":"2025-12-02T21:28:45","date_gmt":"2025-12-02T21:28:45","guid":{"rendered":"https:\/\/dimensionturistica.com\/es\/?p=1080925"},"modified":"2025-12-02T21:28:45","modified_gmt":"2025-12-02T21:28:45","slug":"manual-para-elegir-el-flequillo-ideal-para-ti","status":"publish","type":"post","link":"https:\/\/dimensionturistica.com\/es\/manual-para-elegir-el-flequillo-ideal-para-ti\/","title":{"rendered":"Manual para elegir el flequillo ideal para ti"},"content":{"rendered":"<h3>Descubre el Estilo que Resalta tu Personalidad: C\u00f3mo Elegir el Flequillo Perfecto<\/h3>\n<p>Cuando se trata de cambiar de look, el flequillo puede ser la opci\u00f3n ideal para transformar tu imagen sin necesidad de un cambio dr\u00e1stico. Sin embargo, elegir el flequillo perfecto puede ser un desaf\u00edo. La forma de tu rostro, la textura de tu cabello y, por supuesto, tu estilo personal son factores clave a considerar. Aqu\u00ed te ofrecemos una gu\u00eda que te ayudar\u00e1 a decidir qu\u00e9 tipo de flequillo se adapta mejor a ti, convirti\u00e9ndote en la mejor versi\u00f3n de ti misma.<\/p>\n<h4>Considera la Forma de tu Rostro<\/h4>\n<p>El primer paso para seleccionar el flequillo adecuado es conocer la forma de tu rostro. Existen diversas formas, cada una con caracter\u00edsticas \u00fanicas que se pueden realzar con el tipo de flequillo correcto:<\/p>\n<ul>\n<li>\n<p><strong>Rostro Ovalado<\/strong>: Si tienes esta forma, \u00a1felicidades! Puedes experimentar con casi cualquier estilo de flequillo. Desde un corte recto hasta uno m\u00e1s desmechado, tendr\u00e1s libertad para expresarte.<\/p>\n<\/li>\n<li>\n<p><strong>Rostro Cuadrado<\/strong>: En este caso, optar por un flequillo suave y deshecho puede suavizar las l\u00edneas angulares. Un flequillo lateral o uno con capas tambi\u00e9n puede ser muy favorecedor.<\/p>\n<\/li>\n<li>\n<p><strong>Rostro Redondo<\/strong>: Un flequillo largo y asim\u00e9trico ayuda a alargar visualmente tu rostro. Adem\u00e1s, un flequillo que caiga a los lados puede otorgar un efecto elongante.<\/p>\n<\/li>\n<li>\n<p><strong>Rostro Coraz\u00f3n<\/strong>: Un flequillo m\u00e1s corto o uno que se desplace hacia un lado ayuda a equilibrar la frente m\u00e1s ancha y a crear armon\u00eda en las proporciones del rostro.<\/p>\n<\/li>\n<\/ul>\n<h4>La Textura y el Tipo de Cabello<\/h4>\n<p>La naturaleza de tu cabello tambi\u00e9n juega un papel esencial. Si tienes el cabello lacio, un flequillo recto puede lucir espectacular. En cambio, para cabellos rizados o gruesos, un flequillo desmechado o en capas puede ser m\u00e1s adecuado para evitar el volumen excesivo.<\/p>\n<p>Adem\u00e1s, la gesti\u00f3n del flequillo variar\u00e1: alisarlo diariamente puede ser tedioso, mientras que optar por un estilo m\u00e1s desenfadado puede aportarte un aire m\u00e1s fresco y juvenil.<\/p>\n<h4>Tu Estilo Personal<\/h4>\n<p>Finalmente, el flequillo que elijas debe alinearse con tu estilo personal. Si te encanta un look bohemio, un flequillo desordenado puede complementar tus conjuntos. Si prefieres algo m\u00e1s cl\u00e1sico, un flequillo recto y pulido podr\u00eda ser exactamente lo que buscas.<\/p>\n<p>Es fundamental que el flequillo no solo realce tus rasgos, sino que tambi\u00e9n se sienta aut\u00e9ntico. Preg\u00fantate: \u201c\u00bfMe sentir\u00e9 c\u00f3moda con este flequillo en mi d\u00eda a d\u00eda?\u201d La respuesta te guiar\u00e1 en tu elecci\u00f3n.<\/p>\n<h4>Consejo de Expertos<\/h4>\n<p>Antes de tomar la decisi\u00f3n final, ser\u00eda ideal consultar a un estilista profesional. No solo pueden ofrecerte su perspectiva experta, sino tambi\u00e9n sugerirte opciones que quiz\u00e1s no hab\u00edas considerado. Adem\u00e1s, te ayudar\u00e1n a encontrar el equilibrio entre las tendencias actuales y tu estilo personal.<\/p>\n<h3>Conclusi\u00f3n<\/h3>\n<p>Un flequillo puede ser una forma sencilla y efectiva de reinventarte. Si lo eliges teniendo en cuenta la forma de tu rostro, la textura de tu cabello y tu estilo, estar\u00e1s un paso m\u00e1s cerca de conseguir el look deseado. As\u00ed que, atr\u00e9vete a experimentar y descubre c\u00f3mo este peque\u00f1o pero poderoso cambio puede impactar tu imagen y, por ende, tu confianza. \u00a1Explora, divi\u00e9rtete y si\u00e9ntete incre\u00edble con tu nuevo flequillo!<\/p>\n<p><em> &#8221; Fuentes columnadigital.com &#8221; <\/em><\/p>\n","protected":false},"excerpt":{"rendered":"<p>Descubre el Estilo que Resalta tu Personalidad: C\u00f3mo Elegir el Flequillo Perfecto Cuando se trata de cambiar de look, el flequillo puede ser la opci\u00f3n ideal para transformar tu imagen sin necesidad de un cambio dr\u00e1stico. Sin embargo, elegir el flequillo perfecto puede ser un desaf\u00edo. La forma de tu rostro, la textura de tu [&hellip;]<\/p>\n","protected":false},"author":4,"featured_media":1080926,"comment_status":"open","ping_status":"closed","sticky":false,"template":"","format":"standard","meta":{"om_disable_all_campaigns":false,"jnews-multi-image_gallery":[],"jnews_single_post":[],"jnews_primary_category":[],"jnews_social_meta":[],"footnotes":""},"categories":[39],"tags":[3381,39783,233985,175893,201310,258900,39180,7758,200510,258902,258901,6517,659,43418,2182,22873,1381],"class_list":["post-1080925","post","type-post","status-publish","format-standard","has-post-thumbnail","hentry","category-viajes","tag-belleza","tag-cabello","tag-columna-digital","tag-consejos-de-belleza","tag-corte-de-cabello","tag-corte-de-flequillo","tag-cuidado-del-cabello","tag-estilo","tag-estilo-personal","tag-flequillo","tag-forma-del-rostro","tag-guia","tag-moda","tag-rostro","tag-tendencias","tag-tendencias-de-moda","tag-tips"],"_links":{"self":[{"href":"https:\/\/dimensionturistica.com\/es\/wp-json\/wp\/v2\/posts\/1080925","targetHints":{"allow":["GET"]}}],"collection":[{"href":"https:\/\/dimensionturistica.com\/es\/wp-json\/wp\/v2\/posts"}],"about":[{"href":"https:\/\/dimensionturistica.com\/es\/wp-json\/wp\/v2\/types\/post"}],"author":[{"embeddable":true,"href":"https:\/\/dimensionturistica.com\/es\/wp-json\/wp\/v2\/users\/4"}],"replies":[{"embeddable":true,"href":"https:\/\/dimensionturistica.com\/es\/wp-json\/wp\/v2\/comments?post=1080925"}],"version-history":[{"count":1,"href":"https:\/\/dimensionturistica.com\/es\/wp-json\/wp\/v2\/posts\/1080925\/revisions"}],"predecessor-version":[{"id":1080927,"href":"https:\/\/dimensionturistica.com\/es\/wp-json\/wp\/v2\/posts\/1080925\/revisions\/1080927"}],"wp:featuredmedia":[{"embeddable":true,"href":"https:\/\/dimensionturistica.com\/es\/wp-json\/wp\/v2\/media\/1080926"}],"wp:attachment":[{"href":"https:\/\/dimensionturistica.com\/es\/wp-json\/wp\/v2\/media?parent=1080925"}],"wp:term":[{"taxonomy":"category","embeddable":true,"href":"https:\/\/dimensionturistica.com\/es\/wp-json\/wp\/v2\/categories?post=1080925"},{"taxonomy":"post_tag","embeddable":true,"href":"https:\/\/dimensionturistica.com\/es\/wp-json\/wp\/v2\/tags?post=1080925"}],"curies":[{"name":"wp","href":"https:\/\/api.w.org\/{rel}","templated":true}]}}