{"id":1080922,"date":"2025-12-02T21:13:01","date_gmt":"2025-12-02T21:13:01","guid":{"rendered":"https:\/\/dimensionturistica.com\/es\/?p=1080922"},"modified":"2025-12-02T21:13:01","modified_gmt":"2025-12-02T21:13:01","slug":"el-telon-se-levanta-para-alicia-graf-mack-nueva-directora-artistica-de-ailey","status":"publish","type":"post","link":"https:\/\/dimensionturistica.com\/es\/el-telon-se-levanta-para-alicia-graf-mack-nueva-directora-artistica-de-ailey\/","title":{"rendered":"El Tel\u00f3n se Levanta para Alicia Graf Mack, Nueva Directora Art\u00edstica de Ailey"},"content":{"rendered":"<h3>Alicia Graf Mack: Innovaci\u00f3n y Visi\u00f3n en la Danza Contempor\u00e1nea<\/h3>\n<p>En el vibrante cruce entre la danza y la moda, Alicia Graf Mack se erige como una figura pionera. Con su reciente nombramiento como directora art\u00edstica de la compa\u00f1\u00eda Alvin Ailey American Dance Theater, Graf Mack no solo lleva su talento coreogr\u00e1fico a un nuevo nivel, sino que tambi\u00e9n redefine lo que significa ser un l\u00edder en el mundo de la danza.<\/p>\n<p>Graf Mack, quien es una destacada core\u00f3grafa y bailarina, ha forjado su camino a trav\u00e9s de una combinaci\u00f3n \u00fanica de formaci\u00f3n acad\u00e9mica y experiencia profesional en el escenario. Su trabajo ha trascendido los l\u00edmites tradicionales, incorporando elementos de estilo personal que resuenan con las audiencias modernas. Esta innovadora visi\u00f3n no solo aporta frescura a la compa\u00f1\u00eda, sino que tambi\u00e9n invita a otros artistas a explorar nuevas formas de expresi\u00f3n.<\/p>\n<p>Lo que distingue a Alicia Graf Mack es su habilidad para entrelazar la danza con la narrativa visual, creando obras que son tanto est\u00e9ticamente impactantes como emocionalmente resonantes. Su enfoque de la coreograf\u00eda est\u00e1 profundamente influenciado por su experiencia en el mundo de la moda, lo que le permite emplear vestuarios y escenograf\u00edas que capturan la esencia del momento, haciendo de cada actuaci\u00f3n una experiencia \u00fanica.<\/p>\n<p>A trav\u00e9s de su liderazgo, la compa\u00f1\u00eda est\u00e1 experimentando una evoluci\u00f3n que promete llevar la danza a nuevas audiencias y espacios. Graf Mack ha demostrado que las barreras entre el arte y la cultura pop son cada vez m\u00e1s difusas, y su trabajo no solo refleja esta realidad, sino que tambi\u00e9n la celebra. Con una mirada puesta en la diversidad y la inclusi\u00f3n, su compromiso por dar voz a historias variadas se convierte en un sello distintivo de su direcci\u00f3n.<\/p>\n<p>La respuesta a su nombramiento ha sido abrumadoramente positiva, generando un di\u00e1logo apasionado entre amantes de la danza, cr\u00edticos y nuevos espectadores. Muchos expresan que su enfoque contempor\u00e1neo revitalizar\u00e1 la misi\u00f3n de Ailey: llevar el poder de la danza afroamericana a un p\u00fablico global. Adem\u00e1s, su capacidad para conectar con diferentes formas de arte le permite abrir oportunidades para colaboraciones emocionantes que trascienden lo convencional.<\/p>\n<p>A medida que el mundo de la danza evoluciona, la influencia de Alicia Graf Mack se siente cada vez m\u00e1s. Su papel en Ailey es un testimonio de c\u00f3mo la visi\u00f3n y la creatividad pueden transformar no solo una compa\u00f1\u00eda, sino el panorama art\u00edstico en su conjunto. Con cada paso que da, establece un nuevo est\u00e1ndar que inspira a futuras generaciones a abrazar su individualidad y diversidad art\u00edstica. <\/p>\n<p>Alicia Graf Mack nos recuerda que la danza no es solo un arte en movimiento, sino una forma de contar historias que une y transforma a las comunidades. A medida que avanza en su carrera, el impacto de su direcci\u00f3n seguir\u00e1 reverberando m\u00e1s all\u00e1 de los escenarios, creando una nueva manera de experimentar la danza y la moda al mismo tiempo.<\/p>\n<p><em> &#8221; Fuentes www.vogue.com &#8221; <\/em><\/p>\n","protected":false},"excerpt":{"rendered":"<p>Alicia Graf Mack: Innovaci\u00f3n y Visi\u00f3n en la Danza Contempor\u00e1nea En el vibrante cruce entre la danza y la moda, Alicia Graf Mack se erige como una figura pionera. Con su reciente nombramiento como directora art\u00edstica de la compa\u00f1\u00eda Alvin Ailey American Dance Theater, Graf Mack no solo lleva su talento coreogr\u00e1fico a un nuevo [&hellip;]<\/p>\n","protected":false},"author":14,"featured_media":1080923,"comment_status":"open","ping_status":"closed","sticky":false,"template":"","format":"standard","meta":{"om_disable_all_campaigns":false,"jnews-multi-image_gallery":[],"jnews_single_post":[],"jnews_primary_category":[],"jnews_social_meta":[],"footnotes":""},"categories":[144872],"tags":[198594,258896,258895,258897,231,258898,205322,88162,85814,258899,435,198639,217489,373],"class_list":["post-1080922","post","type-post","status-publish","format-standard","has-post-thumbnail","hentry","category-fashion","tag-_sensitivecontent","tag-ailey","tag-alicia-graf-mack","tag-artistic-director","tag-arts","tag-choreography","tag-cultural-impact","tag-dance","tag-leadership","tag-modern-dance","tag-performing-arts","tag-splitscreenimagerightfullbleed","tag-storytypeprofile","tag-web"],"_links":{"self":[{"href":"https:\/\/dimensionturistica.com\/es\/wp-json\/wp\/v2\/posts\/1080922","targetHints":{"allow":["GET"]}}],"collection":[{"href":"https:\/\/dimensionturistica.com\/es\/wp-json\/wp\/v2\/posts"}],"about":[{"href":"https:\/\/dimensionturistica.com\/es\/wp-json\/wp\/v2\/types\/post"}],"author":[{"embeddable":true,"href":"https:\/\/dimensionturistica.com\/es\/wp-json\/wp\/v2\/users\/14"}],"replies":[{"embeddable":true,"href":"https:\/\/dimensionturistica.com\/es\/wp-json\/wp\/v2\/comments?post=1080922"}],"version-history":[{"count":1,"href":"https:\/\/dimensionturistica.com\/es\/wp-json\/wp\/v2\/posts\/1080922\/revisions"}],"predecessor-version":[{"id":1080924,"href":"https:\/\/dimensionturistica.com\/es\/wp-json\/wp\/v2\/posts\/1080922\/revisions\/1080924"}],"wp:featuredmedia":[{"embeddable":true,"href":"https:\/\/dimensionturistica.com\/es\/wp-json\/wp\/v2\/media\/1080923"}],"wp:attachment":[{"href":"https:\/\/dimensionturistica.com\/es\/wp-json\/wp\/v2\/media?parent=1080922"}],"wp:term":[{"taxonomy":"category","embeddable":true,"href":"https:\/\/dimensionturistica.com\/es\/wp-json\/wp\/v2\/categories?post=1080922"},{"taxonomy":"post_tag","embeddable":true,"href":"https:\/\/dimensionturistica.com\/es\/wp-json\/wp\/v2\/tags?post=1080922"}],"curies":[{"name":"wp","href":"https:\/\/api.w.org\/{rel}","templated":true}]}}