{"id":1080730,"date":"2025-12-02T13:05:53","date_gmt":"2025-12-02T13:05:53","guid":{"rendered":"https:\/\/dimensionturistica.com\/es\/?p=1080730"},"modified":"2025-12-02T13:05:53","modified_gmt":"2025-12-02T13:05:53","slug":"respuesta-ante-la-oleada-de-reclamos-por-los-viajes","status":"publish","type":"post","link":"https:\/\/dimensionturistica.com\/es\/respuesta-ante-la-oleada-de-reclamos-por-los-viajes\/","title":{"rendered":"Respuesta ante la oleada de reclamos por los viajes"},"content":{"rendered":"<p><strong>En el Ojo del Hurac\u00e1n: La Controversia de los Viajes del IMSERSO<\/strong><\/p>\n<p>En los \u00faltimos meses, el sector del turismo ha estado en el centro de un debate ferviente, y, curiosamente, el IMSERSO se ha convertido en el foco de atenci\u00f3n. Las quejas de los viajeros, especialmente del segmento de mayores, han surgido con una fuerza inesperada, desatando una ola de cr\u00edticas que ha llevado a la instituci\u00f3n a reaccionar de forma r\u00e1pida y decidida.<\/p>\n<p>El programa de viajes del IMSERSO, que ha sido un salvavidas para muchos jubilados deseosos de explorar nuevos destinos, ha enfrentado cr\u00edticas significativas. Los inconformismos han surgido de varios frentes: desde problemas log\u00edsticos hasta la calidad de los servicios ofrecidos. Muchos viajeros han expresado su frustraci\u00f3n por las irregularidades en el cumplimiento de las expectativas prometidas, convirtiendo una experiencia que deber\u00eda ser enriquecedora en una fuente de estr\u00e9s.<\/p>\n<p>La respuesta del IMSERSO ha sido redoblar sus esfuerzos para abordar estas quejas. En un intento por recuperar la confianza de sus usuarios, la entidad ha prometido revisar y mejorar los protocolos que rigen sus viajes. Esto incluye una reevaluaci\u00f3n de los proveedores relacionados y una revisi\u00f3n exhaustiva de las rutas y servicios. La intenci\u00f3n es no solo corregir problemas emergentes, sino tambi\u00e9n reafirmar su compromiso con un turismo accesible y de calidad para uno de los sectores m\u00e1s vulnerables de la poblaci\u00f3n.<\/p>\n<p>Sin embargo, esta situaci\u00f3n plantea preguntas m\u00e1s amplias sobre la gesti\u00f3n del turismo para personas mayores. \u00bfEstamos ofreciendo las experiencias adecuadas que realmente satisfacen sus necesidades? Muchos de estos viajeros buscan no solo un destino, sino una conexi\u00f3n genuina con el lugar y la posibilidad de disfrutar de su tiempo con tranquilidad y confort.<\/p>\n<p>La pandemia ha cambiado la manera en que vemos el turismo. Las expectativas han evolucionado y ahora, m\u00e1s que nunca, es crucial escuchar las voces de los viajeros. Si bien el IMSERSO est\u00e1 tomando medidas, la clave para el \u00e9xito en este sector radica en la comunicaci\u00f3n efectiva y en la implementaci\u00f3n de soluciones que se alineen con las expectativas de los viajeros.<\/p>\n<p>A medida que miramos hacia el futuro, el desaf\u00edo ser\u00e1 construir un modelo de viaje que no solo sea seguro y accesible, sino que tambi\u00e9n ofrezca experiencias memorables a quienes conf\u00edan en programas como el del IMSERSO para explorar el mundo. Para todos aquellos que aman viajar, es vital recordar que las aventuras son mucho m\u00e1s que simplemente visitar un lugar; se trata tambi\u00e9n de la calidad del servicio y de la atenci\u00f3n al detalle que, al final del d\u00eda, pueden hacer que un viaje sea inolvidable por las razones correctas. <\/p>\n<p>As\u00ed que, mientras el IMSERSO trabaja en sus mejoras, tambi\u00e9n es un momento propicio para que las agencias de viajes y los operadores tur\u00edsticos reflexionen sobre c\u00f3mo pueden contribuir a que el turismo para mayores sea una experiencia positiva y enriquecedora. El futuro es prometedor, siempre que se escuchen las necesidades de quienes est\u00e1n en la cima de la vida, listos para explorar el mundo con entusiasmo.<\/p>\n<p><em> &#8221; Sources www.preferente.com &#8221; <\/em><\/p>\n","protected":false},"excerpt":{"rendered":"<p>En el Ojo del Hurac\u00e1n: La Controversia de los Viajes del IMSERSO En los \u00faltimos meses, el sector del turismo ha estado en el centro de un debate ferviente, y, curiosamente, el IMSERSO se ha convertido en el foco de atenci\u00f3n. Las quejas de los viajeros, especialmente del segmento de mayores, han surgido con una [&hellip;]<\/p>\n","protected":false},"author":4,"featured_media":1080731,"comment_status":"open","ping_status":"closed","sticky":false,"template":"","format":"standard","meta":{"om_disable_all_campaigns":false,"jnews-multi-image_gallery":[],"jnews_single_post":[],"jnews_primary_category":[],"jnews_social_meta":[],"footnotes":""},"categories":[40],"tags":[11324,770,813,47428,14288,45507,544,545],"class_list":["post-1080730","post","type-post","status-publish","format-standard","has-post-thumbnail","hentry","category-industria","tag-accesibilidad","tag-espana","tag-imserso","tag-politicas-sociales","tag-quejas","tag-reacciones","tag-turismo","tag-viajes"],"_links":{"self":[{"href":"https:\/\/dimensionturistica.com\/es\/wp-json\/wp\/v2\/posts\/1080730","targetHints":{"allow":["GET"]}}],"collection":[{"href":"https:\/\/dimensionturistica.com\/es\/wp-json\/wp\/v2\/posts"}],"about":[{"href":"https:\/\/dimensionturistica.com\/es\/wp-json\/wp\/v2\/types\/post"}],"author":[{"embeddable":true,"href":"https:\/\/dimensionturistica.com\/es\/wp-json\/wp\/v2\/users\/4"}],"replies":[{"embeddable":true,"href":"https:\/\/dimensionturistica.com\/es\/wp-json\/wp\/v2\/comments?post=1080730"}],"version-history":[{"count":1,"href":"https:\/\/dimensionturistica.com\/es\/wp-json\/wp\/v2\/posts\/1080730\/revisions"}],"predecessor-version":[{"id":1080732,"href":"https:\/\/dimensionturistica.com\/es\/wp-json\/wp\/v2\/posts\/1080730\/revisions\/1080732"}],"wp:featuredmedia":[{"embeddable":true,"href":"https:\/\/dimensionturistica.com\/es\/wp-json\/wp\/v2\/media\/1080731"}],"wp:attachment":[{"href":"https:\/\/dimensionturistica.com\/es\/wp-json\/wp\/v2\/media?parent=1080730"}],"wp:term":[{"taxonomy":"category","embeddable":true,"href":"https:\/\/dimensionturistica.com\/es\/wp-json\/wp\/v2\/categories?post=1080730"},{"taxonomy":"post_tag","embeddable":true,"href":"https:\/\/dimensionturistica.com\/es\/wp-json\/wp\/v2\/tags?post=1080730"}],"curies":[{"name":"wp","href":"https:\/\/api.w.org\/{rel}","templated":true}]}}