{"id":1080579,"date":"2025-12-02T04:56:47","date_gmt":"2025-12-02T04:56:47","guid":{"rendered":"https:\/\/dimensionturistica.com\/es\/?p=1080579"},"modified":"2025-12-02T04:56:47","modified_gmt":"2025-12-02T04:56:47","slug":"desmitificando-los-5-conceptos-erroneos-sobre-la-proteina-en-polvo-segun-una-nutricionista-profesional","status":"publish","type":"post","link":"https:\/\/dimensionturistica.com\/es\/desmitificando-los-5-conceptos-erroneos-sobre-la-proteina-en-polvo-segun-una-nutricionista-profesional\/","title":{"rendered":"Desmitificando los 5 conceptos err\u00f3neos sobre la prote\u00edna en polvo seg\u00fan una nutricionista profesional."},"content":{"rendered":"<h2>Desmitificando la Prote\u00edna en Polvo: Todo Lo Que Necesitas Saber<\/h2>\n<p>En el vertiginoso mundo de la moda y el bienestar, la prote\u00edna en polvo ha ocupado un lugar privilegiado. Desde influencers hasta atletas, todos parecen tener un batido en la mano. Pero con la popularidad viene la desinformaci\u00f3n. Hoy, rompemos algunos mitos comunes que rodean a este suplemento, cuidadosamente desglosados por expertos.<\/p>\n<h3>Mito 1: \u201cLa prote\u00edna en polvo es solo para los culturistas\u201d<\/h3>\n<p>Una de las creencias m\u00e1s arraigadas es que la prote\u00edna en polvo est\u00e1 reservada \u00fanicamente para quienes buscan aumentar su masa muscular. Sin embargo, la realidad es que cualquier persona puede beneficiarse de este suplemento, especialmente aquellas que llevan un estilo de vida activo. La prote\u00edna es esencial para la reparaci\u00f3n muscular, la producci\u00f3n de enzimas y hormonas, y en la salud general de tu organismo. <\/p>\n<h3>Mito 2: \u201cTomar prote\u00edna en polvo te har\u00e1 ganar peso\u201d<\/h3>\n<p>Si bien es cierto que consumir m\u00e1s calor\u00edas de las que tu cuerpo quema puede llevar al aumento de peso, la prote\u00edna en polvo en s\u00ed misma no es la culpable. Este suplemento puede ser una herramienta eficaz para controlar el apetito y saciar tus antojos. Integra la cantidad adecuada en tu dieta y podr\u00e1s mantener un peso saludable mientras construyes m\u00fasculo magro.<\/p>\n<h3>Mito 3: \u201cTodos los polvos de prote\u00edna son iguales\u201d<\/h3>\n<p>\u00a1Falso! En el mercado existe una amplia variedad de suplementos de prote\u00edna, desde suero de leche hasta prote\u00ednas vegetales. Cada tipo tiene su propio perfil nutricional y beneficios. Es fundamental saber elegir cu\u00e1l se adapta mejor a tus necesidades y estilo de vida. Adem\u00e1s, siempre es recomendable leer las etiquetas y optar por productos que no contengan aditivos innecesarios.<\/p>\n<h3>Mito 4: \u201cLa prote\u00edna en polvo es un sustituto de las comidas\u201d<\/h3>\n<p>Si bien la prote\u00edna puede ser un complemento \u00fatil, no debe ser vista como un reemplazo completo de las comidas. La alimentaci\u00f3n balanceada es clave para una salud \u00f3ptima, y los nutrientes que provienen de los alimentos enteros son insustituibles. La prote\u00edna en polvo puede agregar ese toque extra a tus batidos, pero no debe ser la \u00fanica fuente de nutrientes en tu dieta.<\/p>\n<h3>Mito 5: \u201cNecesitas consumir grandes cantidades de prote\u00edna\u201d<\/h3>\n<p>Lo que realmente importa es la cantidad de prote\u00edna que tu cuerpo necesita, y esta var\u00eda seg\u00fan la edad, el nivel de actividad y los objetivos personales. Un nutricionista puede ayudarte a determinar la cantidad adecuada en funci\u00f3n de tu estilo de vida y tus necesidades espec\u00edficas. No se trata de saturar tu cuerpo de prote\u00edna, sino de aportar la cantidad justa para maximizar tus resultados.<\/p>\n<h3>Recomendaciones Clave<\/h3>\n<p>Primero, consulta a un profesional para ajustar tu ingesta proteica de forma adecuada. Segundo, no te limites al batido de la ma\u00f1ana; la prote\u00edna en polvo puede ser un gran aliado en postres, salsas y otros platillos. Incorporar este suplemento de manera inteligente puede enriquecer tu dieta y ayudarte a alcanzar tus metas de bienestar.<\/p>\n<h3>Conclusi\u00f3n<\/h3>\n<p>La prote\u00edna en polvo puede ser un complemento valioso en tu rutina de salud y bienestar, siempre que se use con conocimiento. Romper los mitos que la rodean es el primer paso hacia una vida m\u00e1s informada y equilibrada. \u00a1Atr\u00e9vete a experimentar y descubre c\u00f3mo puede transformar tus h\u00e1bitos saludables!<\/p>\n<p><em> &#8221; Fuentes www.vogue.mx &#8221; <\/em><\/p>\n","protected":false},"excerpt":{"rendered":"<p>Desmitificando la Prote\u00edna en Polvo: Todo Lo Que Necesitas Saber En el vertiginoso mundo de la moda y el bienestar, la prote\u00edna en polvo ha ocupado un lugar privilegiado. Desde influencers hasta atletas, todos parecen tener un batido en la mano. Pero con la popularidad viene la desinformaci\u00f3n. Hoy, rompemos algunos mitos comunes que rodean [&hellip;]<\/p>\n","protected":false},"author":14,"featured_media":1080580,"comment_status":"open","ping_status":"closed","sticky":false,"template":"","format":"standard","meta":{"om_disable_all_campaigns":false,"jnews-multi-image_gallery":[],"jnews_single_post":[],"jnews_primary_category":[],"jnews_social_meta":[],"footnotes":""},"categories":[144872],"tags":[10689,9899,54025,17224,49756,10692,60940,228974,649,24489],"class_list":["post-1080579","post","type-post","status-publish","format-standard","has-post-thumbnail","hentry","category-fashion","tag-alimentacion","tag-bienestar","tag-dietetica","tag-fitness","tag-mitos","tag-nutricion","tag-nutricionista","tag-proteina-en-polvo","tag-salud","tag-suplementos"],"_links":{"self":[{"href":"https:\/\/dimensionturistica.com\/es\/wp-json\/wp\/v2\/posts\/1080579","targetHints":{"allow":["GET"]}}],"collection":[{"href":"https:\/\/dimensionturistica.com\/es\/wp-json\/wp\/v2\/posts"}],"about":[{"href":"https:\/\/dimensionturistica.com\/es\/wp-json\/wp\/v2\/types\/post"}],"author":[{"embeddable":true,"href":"https:\/\/dimensionturistica.com\/es\/wp-json\/wp\/v2\/users\/14"}],"replies":[{"embeddable":true,"href":"https:\/\/dimensionturistica.com\/es\/wp-json\/wp\/v2\/comments?post=1080579"}],"version-history":[{"count":1,"href":"https:\/\/dimensionturistica.com\/es\/wp-json\/wp\/v2\/posts\/1080579\/revisions"}],"predecessor-version":[{"id":1080581,"href":"https:\/\/dimensionturistica.com\/es\/wp-json\/wp\/v2\/posts\/1080579\/revisions\/1080581"}],"wp:featuredmedia":[{"embeddable":true,"href":"https:\/\/dimensionturistica.com\/es\/wp-json\/wp\/v2\/media\/1080580"}],"wp:attachment":[{"href":"https:\/\/dimensionturistica.com\/es\/wp-json\/wp\/v2\/media?parent=1080579"}],"wp:term":[{"taxonomy":"category","embeddable":true,"href":"https:\/\/dimensionturistica.com\/es\/wp-json\/wp\/v2\/categories?post=1080579"},{"taxonomy":"post_tag","embeddable":true,"href":"https:\/\/dimensionturistica.com\/es\/wp-json\/wp\/v2\/tags?post=1080579"}],"curies":[{"name":"wp","href":"https:\/\/api.w.org\/{rel}","templated":true}]}}