{"id":1080566,"date":"2025-12-02T04:47:12","date_gmt":"2025-12-02T04:47:12","guid":{"rendered":"https:\/\/dimensionturistica.com\/es\/?p=1080566"},"modified":"2025-12-02T04:47:12","modified_gmt":"2025-12-02T04:47:12","slug":"el-buro-de-congresos-y-visitantes-de-aguascalientes-llevo-a-cabo-su-tercera-entrega-de-resultados","status":"publish","type":"post","link":"https:\/\/dimensionturistica.com\/es\/el-buro-de-congresos-y-visitantes-de-aguascalientes-llevo-a-cabo-su-tercera-entrega-de-resultados\/","title":{"rendered":"El Bur\u00f3 de Congresos y Visitantes de Aguascalientes, llevo a cabo su tercera entrega de resultados"},"content":{"rendered":"\n<p><\/p>\n\n\n\n<figure class=\"wp-block-gallery has-nested-images columns-default is-cropped wp-block-gallery-1 is-layout-flex wp-block-gallery-is-layout-flex\">\n<figure class=\"wp-block-image size-large\"><img decoding=\"async\" width=\"500\" height=\"375\" data-id=\"1080567\" src=\"https:\/\/dimensionturistica.com\/es\/wp-content\/uploads\/2025\/12\/2AGUAS.jpg\" alt=\"\" class=\"wp-image-1080567\" srcset=\"https:\/\/dimensionturistica.com\/es\/wp-content\/uploads\/2025\/12\/2AGUAS.jpg 500w, https:\/\/dimensionturistica.com\/es\/wp-content\/uploads\/2025\/12\/2AGUAS-300x225.jpg 300w\" sizes=\"(max-width: 500px) 100vw, 500px\" \/><\/figure>\n<\/figure>\n\n\n\n<p>En el hist\u00f3rico Front\u00f3n M\u00e9xico en la CDMX, se llev\u00f3 a cabo en evento &#8220;Aguascalientes para el Mundo&#8221; del Bur\u00f3 de Congresos y Visitantes (BCV) de Aguascalientes a cargo de la Directora del Bur\u00f3, Ver\u00f3nica Gonz\u00e1lez, quien resalt\u00f3 ante organizadores de eventos (meeting planners), agentes de viajes, operadoras mayoristas, profesionales del turismo del segmento MICE, profesionales de la cadena de valor e invitados especiales, los resultados del trabajo y compromiso que durante este a\u00f1o el BCV realiz\u00f3 para que Aguascalientes siga creciendo y siendo \u201cEl gigante de M\u00e9xico&#8221;.<\/p>\n\n\n\n<figure class=\"wp-block-gallery has-nested-images columns-default is-cropped wp-block-gallery-2 is-layout-flex wp-block-gallery-is-layout-flex\">\n<figure class=\"wp-block-image size-large\"><img decoding=\"async\" width=\"1024\" height=\"683\" data-id=\"1080568\" src=\"https:\/\/dimensionturistica.com\/es\/wp-content\/uploads\/2025\/12\/005-1024x683.jpg\" alt=\"\" class=\"wp-image-1080568\" srcset=\"https:\/\/dimensionturistica.com\/es\/wp-content\/uploads\/2025\/12\/005-1024x683.jpg 1024w, https:\/\/dimensionturistica.com\/es\/wp-content\/uploads\/2025\/12\/005-300x200.jpg 300w, https:\/\/dimensionturistica.com\/es\/wp-content\/uploads\/2025\/12\/005-768x512.jpg 768w, https:\/\/dimensionturistica.com\/es\/wp-content\/uploads\/2025\/12\/005-1536x1024.jpg 1536w, https:\/\/dimensionturistica.com\/es\/wp-content\/uploads\/2025\/12\/005-2048x1365.jpg 2048w, https:\/\/dimensionturistica.com\/es\/wp-content\/uploads\/2025\/12\/005-750x500.jpg 750w, https:\/\/dimensionturistica.com\/es\/wp-content\/uploads\/2025\/12\/005-1140x760.jpg 1140w\" sizes=\"(max-width: 1024px) 100vw, 1024px\" \/><\/figure>\n<\/figure>\n\n\n\n<p>El formato de este evento fue una reuni\u00f3n entre amigos, donde se tocaron temas sobre la identidad del Estado, su gastronom\u00eda, su cultura, sus tradiciones y la gran infraestructura que tiene Aguascalientes, para llevar a cabo, convenciones, congresos y expos, entre otros eventos; haciendo menci\u00f3n de los proyectos realizados y los que vienen en un futuro cercano, ofreciendo a sus visitantes toda clase oportunidades e informaci\u00f3n para conocer realmente todo lo que es Aguascalientes.<\/p>\n\n\n\n<figure class=\"wp-block-gallery has-nested-images columns-default is-cropped wp-block-gallery-3 is-layout-flex wp-block-gallery-is-layout-flex\">\n<figure class=\"wp-block-image size-large\"><img decoding=\"async\" width=\"414\" height=\"281\" data-id=\"1080569\" src=\"https:\/\/dimensionturistica.com\/es\/wp-content\/uploads\/2025\/12\/1AGUAS.jpg\" alt=\"\" class=\"wp-image-1080569\" srcset=\"https:\/\/dimensionturistica.com\/es\/wp-content\/uploads\/2025\/12\/1AGUAS.jpg 414w, https:\/\/dimensionturistica.com\/es\/wp-content\/uploads\/2025\/12\/1AGUAS-300x204.jpg 300w\" sizes=\"(max-width: 414px) 100vw, 414px\" \/><\/figure>\n<\/figure>\n\n\n\n<p>En este evento \u00edntimo se dio a degustar platillos con un mensaje de seducci\u00f3n y sabores, desde unas tostadas de la Catrina Garbancera, hasta un mole con pollo y arroz rojo, platillos acompa\u00f1ados por vinos de Aguascalientes. Para cerrar con broche de oro, unos dulces t\u00edpicos tradicionales de la regi\u00f3n, haciendo de esta comida una experiencia gastron\u00f3mica inigualable, llena de sabor, cultura y tradici\u00f3n.<\/p>\n\n\n\n<figure class=\"wp-block-gallery has-nested-images columns-default is-cropped wp-block-gallery-4 is-layout-flex wp-block-gallery-is-layout-flex\">\n<figure class=\"wp-block-image size-large\"><img decoding=\"async\" width=\"500\" height=\"375\" data-id=\"1080570\" src=\"https:\/\/dimensionturistica.com\/es\/wp-content\/uploads\/2025\/12\/4AGUAS.jpg\" alt=\"\" class=\"wp-image-1080570\" srcset=\"https:\/\/dimensionturistica.com\/es\/wp-content\/uploads\/2025\/12\/4AGUAS.jpg 500w, https:\/\/dimensionturistica.com\/es\/wp-content\/uploads\/2025\/12\/4AGUAS-300x225.jpg 300w\" sizes=\"(max-width: 500px) 100vw, 500px\" \/><\/figure>\n<\/figure>\n\n\n\n<p>La gastronom\u00eda y cultura de la regi\u00f3n ha logrado posicionar a Aguascalientes, como un estado lleno de abundancia, tradici\u00f3n, oportunidades e historia. El Bur\u00f3 ha logrado generar una oferta integral y elevar la captaci\u00f3n de congresos en beneficio de la industria del turismo en forma aut\u00e9ntica y abierta, dando a conocer lo que significa crecer en un sector que exige consistencia y planeaci\u00f3n.<\/p>\n\n\n\n<figure class=\"wp-block-gallery has-nested-images columns-default is-cropped wp-block-gallery-5 is-layout-flex wp-block-gallery-is-layout-flex\">\n<figure class=\"wp-block-image size-large\"><img decoding=\"async\" width=\"500\" height=\"375\" data-id=\"1080571\" src=\"https:\/\/dimensionturistica.com\/es\/wp-content\/uploads\/2025\/12\/7AGUAS.jpg\" alt=\"\" class=\"wp-image-1080571\" srcset=\"https:\/\/dimensionturistica.com\/es\/wp-content\/uploads\/2025\/12\/7AGUAS.jpg 500w, https:\/\/dimensionturistica.com\/es\/wp-content\/uploads\/2025\/12\/7AGUAS-300x225.jpg 300w\" sizes=\"(max-width: 500px) 100vw, 500px\" \/><\/figure>\n<\/figure>\n\n\n\n<p>Posteriormente se llev\u00f3 a cabo un peque\u00f1o networking con exquisitos cocteles y un pre-show para dar entrada a la obra musical del Sr. Nacho Cano \u201cLa Malinche\u201d, obra esc\u00e9nica del mestizaje, identidad y transformaci\u00f3n, cerrando la jornada con temas de nuestra historia.<\/p>\n\n\n\n<p><\/p>\n","protected":false},"excerpt":{"rendered":"<p>En el hist\u00f3rico Front\u00f3n M\u00e9xico en la CDMX, se llev\u00f3 a cabo en evento &#8220;Aguascalientes para el Mundo&#8221; del Bur\u00f3 de Congresos y Visitantes (BCV) de Aguascalientes a cargo de la Directora del Bur\u00f3, Ver\u00f3nica Gonz\u00e1lez, quien resalt\u00f3 ante organizadores de eventos (meeting planners), agentes de viajes, operadoras mayoristas, profesionales del turismo del segmento MICE, [&hellip;]<\/p>\n","protected":false},"author":1,"featured_media":0,"comment_status":"open","ping_status":"closed","sticky":false,"template":"","format":"standard","meta":{"om_disable_all_campaigns":false,"jnews-multi-image_gallery":[],"jnews_single_post":[],"jnews_primary_category":[],"jnews_social_meta":[],"footnotes":""},"categories":[39],"tags":[],"class_list":["post-1080566","post","type-post","status-publish","format-standard","hentry","category-viajes"],"_links":{"self":[{"href":"https:\/\/dimensionturistica.com\/es\/wp-json\/wp\/v2\/posts\/1080566","targetHints":{"allow":["GET"]}}],"collection":[{"href":"https:\/\/dimensionturistica.com\/es\/wp-json\/wp\/v2\/posts"}],"about":[{"href":"https:\/\/dimensionturistica.com\/es\/wp-json\/wp\/v2\/types\/post"}],"author":[{"embeddable":true,"href":"https:\/\/dimensionturistica.com\/es\/wp-json\/wp\/v2\/users\/1"}],"replies":[{"embeddable":true,"href":"https:\/\/dimensionturistica.com\/es\/wp-json\/wp\/v2\/comments?post=1080566"}],"version-history":[{"count":1,"href":"https:\/\/dimensionturistica.com\/es\/wp-json\/wp\/v2\/posts\/1080566\/revisions"}],"predecessor-version":[{"id":1080572,"href":"https:\/\/dimensionturistica.com\/es\/wp-json\/wp\/v2\/posts\/1080566\/revisions\/1080572"}],"wp:attachment":[{"href":"https:\/\/dimensionturistica.com\/es\/wp-json\/wp\/v2\/media?parent=1080566"}],"wp:term":[{"taxonomy":"category","embeddable":true,"href":"https:\/\/dimensionturistica.com\/es\/wp-json\/wp\/v2\/categories?post=1080566"},{"taxonomy":"post_tag","embeddable":true,"href":"https:\/\/dimensionturistica.com\/es\/wp-json\/wp\/v2\/tags?post=1080566"}],"curies":[{"name":"wp","href":"https:\/\/api.w.org\/{rel}","templated":true}]}}