{"id":1080542,"date":"2025-12-02T04:10:51","date_gmt":"2025-12-02T04:10:51","guid":{"rendered":"https:\/\/dimensionturistica.com\/es\/?p=1080542"},"modified":"2025-12-02T04:10:51","modified_gmt":"2025-12-02T04:10:51","slug":"aeromexico-lanzan-su-nuevo-codigo-compartido-con-scandinavian-airlines","status":"publish","type":"post","link":"https:\/\/dimensionturistica.com\/es\/aeromexico-lanzan-su-nuevo-codigo-compartido-con-scandinavian-airlines\/","title":{"rendered":"Aerom\u00e9xico lanzan su nuevo c\u00f3digo compartido con Scandinavian Airlines."},"content":{"rendered":"\n<figure class=\"wp-block-gallery has-nested-images columns-default is-cropped wp-block-gallery-1 is-layout-flex wp-block-gallery-is-layout-flex\">\n<figure class=\"wp-block-image size-large\"><img decoding=\"async\" width=\"500\" height=\"281\" data-id=\"1080543\" src=\"https:\/\/dimensionturistica.com\/es\/wp-content\/uploads\/2025\/12\/1AERO.jpg\" alt=\"\" class=\"wp-image-1080543\" srcset=\"https:\/\/dimensionturistica.com\/es\/wp-content\/uploads\/2025\/12\/1AERO.jpg 500w, https:\/\/dimensionturistica.com\/es\/wp-content\/uploads\/2025\/12\/1AERO-300x169.jpg 300w\" sizes=\"(max-width: 500px) 100vw, 500px\" \/><\/figure>\n<\/figure>\n\n\n\n<p>Aerom\u00e9xico y Scandinavian Airlines (SAS) fortalecer\u00e1n su alianza a trav\u00e9s del lanzamiento de un nuevo c\u00f3digo compartido, efectivo a partir del 1 de diciembre de 2025. Este paso permitir\u00e1 a los clientes de ambas compa\u00f1\u00edas acceder a una amplia red de destinos y mayores beneficios al realizar viajes entre M\u00e9xico y los pa\u00edses Escandinavos.<\/p>\n\n\n\n<p>Con la implementaci\u00f3n de este nuevo acuerdo, los pasajeros de SAS podr\u00e1n conectar f\u00e1cilmente hacia el Aeropuerto Internacional de la Ciudad de M\u00e9xico desde Copenhague, Estocolmo y Oslo, v\u00eda Estados Unidos y Canad\u00e1, a trav\u00e9s de aeropuertos como San Francisco, Boston, Newark, Seattle, Chicago, Los \u00c1ngeles, Nueva York, Miami, Washington D.C. y Toronto. De igual manera, los clientes de Aerom\u00e9xico podr\u00e1n acceder f\u00e1cilmente a la red de rutas operada por SAS en Dinamarca, Noruega y Suecia.<\/p>\n\n\n\n<figure class=\"wp-block-gallery has-nested-images columns-default is-cropped wp-block-gallery-2 is-layout-flex wp-block-gallery-is-layout-flex\">\n<figure class=\"wp-block-image size-large\"><img decoding=\"async\" width=\"500\" height=\"402\" data-id=\"1080544\" src=\"https:\/\/dimensionturistica.com\/es\/wp-content\/uploads\/2025\/12\/7AERO.jpg\" alt=\"\" class=\"wp-image-1080544\" srcset=\"https:\/\/dimensionturistica.com\/es\/wp-content\/uploads\/2025\/12\/7AERO.jpg 500w, https:\/\/dimensionturistica.com\/es\/wp-content\/uploads\/2025\/12\/7AERO-300x241.jpg 300w\" sizes=\"(max-width: 500px) 100vw, 500px\" \/><\/figure>\n<\/figure>\n\n\n\n<p>\u201cCon el lanzamiento del nuevo c\u00f3digo compartido con Aerom\u00e9xico fortaleceremos el principal centro operativo de SAS en Copenhague, brindando acceso a varios destinos en M\u00e9xico. Los pasajeros ahora podr\u00e1n conectar con la Ciudad de M\u00e9xico, Guadalajara y Canc\u00fan, as\u00ed como con numerosos destinos culturales e hist\u00f3ricos de esta regi\u00f3n. Con ello ampliamos la conectividad a Europa, Asia y Norteam\u00e9rica. Gracias a la confiabilidad y el alto desempe\u00f1o en puntualidad de SAS, todos los viajes contin\u00faan siendo \u00e1giles y seguros\u201d, se\u00f1al\u00f3 Paul Verhagen, Vicepresidente Ejecutivo y Director Comercial de SAS.<\/p>\n\n\n\n<p>Con este nuevo acuerdo, los pasajeros de ambas aerol\u00edneas disfrutar\u00e1n de viajes con un solo boleto de avi\u00f3n y documentaci\u00f3n de equipaje de origen a destino, garantizando una experiencia mucho m\u00e1s \u00e1gil y eficiente. Los socios de Aerom\u00e9xico Rewards y Eurobonus, podr\u00e1n disfrutar de los beneficios que ofrece la alianza SkyTeam, tales como la acumulaci\u00f3n y redenci\u00f3n de puntos, abordaje prioritario y acceso a salones premier.<\/p>\n\n\n\n<figure class=\"wp-block-gallery has-nested-images columns-default is-cropped wp-block-gallery-3 is-layout-flex wp-block-gallery-is-layout-flex\">\n<figure class=\"wp-block-image size-large\"><img decoding=\"async\" width=\"500\" height=\"407\" data-id=\"1080545\" src=\"https:\/\/dimensionturistica.com\/es\/wp-content\/uploads\/2025\/12\/2AERO.jpg\" alt=\"\" class=\"wp-image-1080545\" srcset=\"https:\/\/dimensionturistica.com\/es\/wp-content\/uploads\/2025\/12\/2AERO.jpg 500w, https:\/\/dimensionturistica.com\/es\/wp-content\/uploads\/2025\/12\/2AERO-300x244.jpg 300w\" sizes=\"(max-width: 500px) 100vw, 500px\" \/><\/figure>\n<\/figure>\n\n\n\n<p>\u201cLa implementaci\u00f3n de este nuevo acuerdo nos brinda la oportunidad de acercar a nuestros clientes a una mayor variedad de destinos, adem\u00e1s de atraer a viajeros provenientes de los pa\u00edses Escandinavos hacia la amplia oferta tur\u00edstica que M\u00e9xico tiene para ofrecer. Con ello, alcanzamos un total de 14 aerol\u00edneas socias con las que mantenemos acuerdos de c\u00f3digo compartido, a trav\u00e9s de los cuales reforzamos nuestro compromiso de conectar a M\u00e9xico con el mundo, no solo mediante las rutas que operamos directamente, sino tambi\u00e9n a trav\u00e9s de la red de aliados estrat\u00e9gicos, como lo es SAS.\u201d coment\u00f3 Giancarlo Mulinelli, Vicepresidente Senior de Ventas Globales en Aerom\u00e9xico.<\/p>\n\n\n\n<figure class=\"wp-block-gallery has-nested-images columns-default is-cropped wp-block-gallery-4 is-layout-flex wp-block-gallery-is-layout-flex\">\n<figure class=\"wp-block-image size-large\"><img decoding=\"async\" width=\"474\" height=\"164\" data-id=\"1080546\" src=\"https:\/\/dimensionturistica.com\/es\/wp-content\/uploads\/2025\/12\/3ARO.jpg\" alt=\"\" class=\"wp-image-1080546\" srcset=\"https:\/\/dimensionturistica.com\/es\/wp-content\/uploads\/2025\/12\/3ARO.jpg 474w, https:\/\/dimensionturistica.com\/es\/wp-content\/uploads\/2025\/12\/3ARO-300x104.jpg 300w\" sizes=\"(max-width: 474px) 100vw, 474px\" \/><\/figure>\n<\/figure>\n\n\n\n<p>Este nuevo acuerdo expandir\u00e1 las opciones de conectividad y ofrecer\u00e1 mayor comodidad a los pasajeros, con trayectos mucho m\u00e1s \u00e1giles y mayor oferta de destinos entre los dos continentes.<\/p>\n\n\n\n<p>La venta de boletos para este c\u00f3digo compartido ya est\u00e1 disponible en los canales oficiales de ambas aerol\u00edneas, con viajes efectivos a partir del 6 de diciembre.<\/p>\n","protected":false},"excerpt":{"rendered":"<p>Aerom\u00e9xico y Scandinavian Airlines (SAS) fortalecer\u00e1n su alianza a trav\u00e9s del lanzamiento de un nuevo c\u00f3digo compartido, efectivo a partir del 1 de diciembre de 2025. Este paso permitir\u00e1 a los clientes de ambas compa\u00f1\u00edas acceder a una amplia red de destinos y mayores beneficios al realizar viajes entre M\u00e9xico y los pa\u00edses Escandinavos. Con [&hellip;]<\/p>\n","protected":false},"author":1,"featured_media":0,"comment_status":"open","ping_status":"closed","sticky":false,"template":"","format":"standard","meta":{"om_disable_all_campaigns":false,"jnews-multi-image_gallery":[],"jnews_single_post":[],"jnews_primary_category":[],"jnews_social_meta":[],"footnotes":""},"categories":[39],"tags":[],"class_list":["post-1080542","post","type-post","status-publish","format-standard","hentry","category-viajes"],"_links":{"self":[{"href":"https:\/\/dimensionturistica.com\/es\/wp-json\/wp\/v2\/posts\/1080542","targetHints":{"allow":["GET"]}}],"collection":[{"href":"https:\/\/dimensionturistica.com\/es\/wp-json\/wp\/v2\/posts"}],"about":[{"href":"https:\/\/dimensionturistica.com\/es\/wp-json\/wp\/v2\/types\/post"}],"author":[{"embeddable":true,"href":"https:\/\/dimensionturistica.com\/es\/wp-json\/wp\/v2\/users\/1"}],"replies":[{"embeddable":true,"href":"https:\/\/dimensionturistica.com\/es\/wp-json\/wp\/v2\/comments?post=1080542"}],"version-history":[{"count":1,"href":"https:\/\/dimensionturistica.com\/es\/wp-json\/wp\/v2\/posts\/1080542\/revisions"}],"predecessor-version":[{"id":1080547,"href":"https:\/\/dimensionturistica.com\/es\/wp-json\/wp\/v2\/posts\/1080542\/revisions\/1080547"}],"wp:attachment":[{"href":"https:\/\/dimensionturistica.com\/es\/wp-json\/wp\/v2\/media?parent=1080542"}],"wp:term":[{"taxonomy":"category","embeddable":true,"href":"https:\/\/dimensionturistica.com\/es\/wp-json\/wp\/v2\/categories?post=1080542"},{"taxonomy":"post_tag","embeddable":true,"href":"https:\/\/dimensionturistica.com\/es\/wp-json\/wp\/v2\/tags?post=1080542"}],"curies":[{"name":"wp","href":"https:\/\/api.w.org\/{rel}","templated":true}]}}