{"id":1080523,"date":"2025-12-02T03:39:24","date_gmt":"2025-12-02T03:39:24","guid":{"rendered":"https:\/\/dimensionturistica.com\/es\/?p=1080523"},"modified":"2025-12-02T03:40:34","modified_gmt":"2025-12-02T03:40:34","slug":"concluye-con-exito-el-1er-foro-regional-de-turismo-sostenible-y-social-en-ciudadjuarez-chihuahua-se-proyecta-como-referente-nacional-en-sostenibilidad-turistica","status":"publish","type":"post","link":"https:\/\/dimensionturistica.com\/es\/concluye-con-exito-el-1er-foro-regional-de-turismo-sostenible-y-social-en-ciudadjuarez-chihuahua-se-proyecta-como-referente-nacional-en-sostenibilidad-turistica\/","title":{"rendered":"Concluye con \u00e9xito el 1er Foro Regional de Turismo Sostenible y Social en Ciudad Ju\u00e1rez. Chihuahua se proyecta como referente nacional en sostenibilidad tur\u00edstica"},"content":{"rendered":"\n<p><\/p>\n\n\n\n<figure class=\"wp-block-gallery has-nested-images columns-default is-cropped wp-block-gallery-1 is-layout-flex wp-block-gallery-is-layout-flex\">\n<figure class=\"wp-block-image size-large\"><img decoding=\"async\" width=\"500\" height=\"332\" data-id=\"1080524\" src=\"https:\/\/dimensionturistica.com\/es\/wp-content\/uploads\/2025\/12\/4FORO.jpg\" alt=\"\" class=\"wp-image-1080524\" srcset=\"https:\/\/dimensionturistica.com\/es\/wp-content\/uploads\/2025\/12\/4FORO.jpg 500w, https:\/\/dimensionturistica.com\/es\/wp-content\/uploads\/2025\/12\/4FORO-300x199.jpg 300w\" sizes=\"(max-width: 500px) 100vw, 500px\" \/><\/figure>\n<\/figure>\n\n\n\n<p>Con un llamado a \u201cconstruir un futuro que empieza hoy\u201d, concluy\u00f3 el Primer Foro Regional de Turismo Sostenible y Social, un encuentro hist\u00f3rico para el estado de Chihuahua que reuni\u00f3 a l\u00edderes nacionales e internacionales comprometidos con transformar la actividad tur\u00edstica en una herramienta de desarrollo justo, responsable y humano.<\/p>\n\n\n\n<p>El evento, realizado del 25 y 26 de noviembre, convoc\u00f3 a representantes del sector p\u00fablico, privado, acad\u00e9mico y comunitario para reflexionar y construir soluciones desde una perspectiva integral de sostenibilidad, inclusi\u00f3n y responsabilidad social.<\/p>\n\n\n\n<figure class=\"wp-block-gallery has-nested-images columns-default is-cropped wp-block-gallery-2 is-layout-flex wp-block-gallery-is-layout-flex\">\n<figure class=\"wp-block-image size-large\"><img decoding=\"async\" width=\"500\" height=\"332\" data-id=\"1080525\" src=\"https:\/\/dimensionturistica.com\/es\/wp-content\/uploads\/2025\/12\/1FORO.jpg\" alt=\"\" class=\"wp-image-1080525\" srcset=\"https:\/\/dimensionturistica.com\/es\/wp-content\/uploads\/2025\/12\/1FORO.jpg 500w, https:\/\/dimensionturistica.com\/es\/wp-content\/uploads\/2025\/12\/1FORO-300x199.jpg 300w\" sizes=\"(max-width: 500px) 100vw, 500px\" \/><\/figure>\n<\/figure>\n\n\n\n<p>Durante la inauguraci\u00f3n, se destac\u00f3 que el turismo, cuando se hace con conciencia, tiene la capacidad de dar voz, dignidad e identidad a las comunidades, mensaje que marc\u00f3 el esp\u00edritu del foro. \u201cSi el turismo no mejora la vida de la gente, entonces no cumple su prop\u00f3sito\u201d, se expres\u00f3 durante el discurso de bienvenida, subrayando la necesidad de fortalecer la cadena de valor con una visi\u00f3n humana y sostenible.<\/p>\n\n\n\n<p>Un programa de alto nivel con voces internacionales<\/p>\n\n\n\n<p>El foro integr\u00f3 conferencias magistrales, paneles, talleres y conversaciones que abordaron los principales retos y oportunidades del turismo sostenible en M\u00e9xico y Latinoam\u00e9rica.<\/p>\n\n\n\n<p>Algunos de los momentos m\u00e1s destacados del programa se incluyen:<\/p>\n\n\n\n<figure class=\"wp-block-gallery has-nested-images columns-default is-cropped wp-block-gallery-3 is-layout-flex wp-block-gallery-is-layout-flex\">\n<figure class=\"wp-block-image size-large\"><img decoding=\"async\" width=\"500\" height=\"332\" data-id=\"1080526\" src=\"https:\/\/dimensionturistica.com\/es\/wp-content\/uploads\/2025\/12\/2FORO.jpg\" alt=\"\" class=\"wp-image-1080526\" srcset=\"https:\/\/dimensionturistica.com\/es\/wp-content\/uploads\/2025\/12\/2FORO.jpg 500w, https:\/\/dimensionturistica.com\/es\/wp-content\/uploads\/2025\/12\/2FORO-300x199.jpg 300w\" sizes=\"(max-width: 500px) 100vw, 500px\" \/><\/figure>\n<\/figure>\n\n\n\n<p>\u2022 Encuentros Humanos para regenerar personas, conferencia impartida por Jorge Moller, Director para Latinoam\u00e9rica y el Caribe de GSTC.<\/p>\n\n\n\n<p>Comparti\u00f3 que todo lo sostenible debe ser para que las comunidades puedan vivir mejor, porque al final, el turismo sostenible es desarrollo sostenible.<\/p>\n\n\n\n<p>Su mensaje nos invita a transformar la forma en que entendemos y hacemos<\/p>\n\n\n\n<p>turismo: el desaf\u00edo es cambiar la forma, volver a lo humano, a los encuentros<\/p>\n\n\n\n<p>aut\u00e9nticos y a una relaci\u00f3n respetuosa con el territorio.<\/p>\n\n\n\n<p>\u2022 Panel \u201cCorredor Bicultural Oso\u2013Jaguar: conservaci\u00f3n y turismo sostenible\u201d,<\/p>\n\n\n\n<figure class=\"wp-block-gallery has-nested-images columns-default is-cropped wp-block-gallery-4 is-layout-flex wp-block-gallery-is-layout-flex\">\n<figure class=\"wp-block-image size-large\"><img decoding=\"async\" width=\"500\" height=\"332\" data-id=\"1080527\" src=\"https:\/\/dimensionturistica.com\/es\/wp-content\/uploads\/2025\/12\/3FORO.jpg\" alt=\"\" class=\"wp-image-1080527\" srcset=\"https:\/\/dimensionturistica.com\/es\/wp-content\/uploads\/2025\/12\/3FORO.jpg 500w, https:\/\/dimensionturistica.com\/es\/wp-content\/uploads\/2025\/12\/3FORO-300x199.jpg 300w\" sizes=\"(max-width: 500px) 100vw, 500px\" \/><\/figure>\n<\/figure>\n\n\n\n<p>con la participaci\u00f3n de o Olga Leticia Rumayor, Subsecretaria de Recursos Naturales de Coahuila o Lorena Gudi\u00f1o, Coordinadora de la Alianza Mexicana-Alemana de Cambio Clim\u00e1tico<\/p>\n\n\n\n<p>o Perla Saavedra, Directora de Planeaci\u00f3n y Pol\u00edtica Tur\u00edstica Sostenible<\/p>\n\n\n\n<p>de Nuevo Le\u00f3n o Moderado por Vicente Ferreyra, Vicepresidente de Turismo<\/p>\n\n\n\n<p>Sustentable del Sustainable &amp; Social Tourism Summit<\/p>\n\n\n\n<figure class=\"wp-block-gallery has-nested-images columns-default is-cropped wp-block-gallery-5 is-layout-flex wp-block-gallery-is-layout-flex\">\n<figure class=\"wp-block-image size-large\"><img decoding=\"async\" width=\"500\" height=\"332\" data-id=\"1080528\" src=\"https:\/\/dimensionturistica.com\/es\/wp-content\/uploads\/2025\/12\/5FORO.jpg\" alt=\"\" class=\"wp-image-1080528\" srcset=\"https:\/\/dimensionturistica.com\/es\/wp-content\/uploads\/2025\/12\/5FORO.jpg 500w, https:\/\/dimensionturistica.com\/es\/wp-content\/uploads\/2025\/12\/5FORO-300x199.jpg 300w\" sizes=\"(max-width: 500px) 100vw, 500px\" \/><\/figure>\n<\/figure>\n\n\n\n<p>Se destac\u00f3 la importancia de conectar esfuerzos para proteger territorios clave del oso negro y el jaguar, generar alianzas y promover un modelo de turismo que conserve, eduque y beneficie a las comunidades locales.<\/p>\n\n\n\n<p>\u2022 Conversatorio sobre compromiso empresarial en el turismo sostenible, donde participaron:<\/p>\n\n\n\n<p>o Miriam Reza, Wave of Change, Grupo Iberostar<\/p>\n\n\n\n<p>o Rogelio Ramos, Hoteles Mar\u00eda Bonita<\/p>\n\n\n\n<p>o Javier Puente, Asociaci\u00f3n de Hoteles de la CDMX<\/p>\n\n\n\n<p>o Moderado por Fernando Mandri Bellot, Presidente del Sustainable &amp; Social Tourism Summit<\/p>\n\n\n\n<p>La conversaci\u00f3n dej\u00f3 claro que la sostenibilidad no es una tendencia, sino un<\/p>\n\n\n\n<p>compromiso empresarial que ya est\u00e1 marcando la diferencia.<\/p>\n\n\n\n<figure class=\"wp-block-gallery has-nested-images columns-default is-cropped wp-block-gallery-6 is-layout-flex wp-block-gallery-is-layout-flex\">\n<figure class=\"wp-block-image size-large\"><img decoding=\"async\" width=\"500\" height=\"332\" data-id=\"1080529\" src=\"https:\/\/dimensionturistica.com\/es\/wp-content\/uploads\/2025\/12\/6FORO.jpg\" alt=\"\" class=\"wp-image-1080529\" srcset=\"https:\/\/dimensionturistica.com\/es\/wp-content\/uploads\/2025\/12\/6FORO.jpg 500w, https:\/\/dimensionturistica.com\/es\/wp-content\/uploads\/2025\/12\/6FORO-300x199.jpg 300w\" sizes=\"(max-width: 500px) 100vw, 500px\" \/><\/figure>\n<\/figure>\n\n\n\n<p>\u2022 Como parte del Primer Foro sobre Sostenibilidad y Responsabilidad Social,<\/p>\n\n\n\n<p>Ra\u00fal Rodr\u00edguez, Director del Parque Barrancas, habl\u00f3 sobre las \u201cAcciones de<\/p>\n\n\n\n<p>turismo sostenible en Chihuahua: caso Parque Barrancas y experiencia comunitaria\u201d. El Parque Barrancas del Cobre se ha convertido en un referente<\/p>\n\n\n\n<p>nacional en la implementaci\u00f3n de estrategias sostenibles que integran conservaci\u00f3n ambiental, desarrollo regional y participaci\u00f3n comunitaria.<\/p>\n\n\n\n<p>\u2022 Conferencia magistral \u201cLa ciencia detr\u00e1s del viajero responsable\u201d, impartida<\/p>\n\n\n\n<p>por Sandra Abreu, de Avia Export, Grupo Aviatur (Colombia). Una reflexi\u00f3n profunda sobre los factores que motivan a las y los viajeros a elegir experiencias m\u00e1s conscientes, y una invitaci\u00f3n a seguir construyendo un turismo que genere impacto positivo en nuestras comunidades y destinos Ciudad Ju\u00e1rez consolida un liderazgo emergente<\/p>\n\n\n\n<p>El foro posiciona a Ciudad Ju\u00e1rez como un punto de referencia para la<\/p>\n\n\n\n<p>transformaci\u00f3n tur\u00edstica en el norte del pa\u00eds, apostando por un modelo que priorice<\/p>\n\n\n\n<figure class=\"wp-block-gallery has-nested-images columns-default is-cropped wp-block-gallery-7 is-layout-flex wp-block-gallery-is-layout-flex\">\n<figure class=\"wp-block-image size-large\"><img decoding=\"async\" width=\"500\" height=\"332\" data-id=\"1080530\" src=\"https:\/\/dimensionturistica.com\/es\/wp-content\/uploads\/2025\/12\/7FORO.jpg\" alt=\"\" class=\"wp-image-1080530\" srcset=\"https:\/\/dimensionturistica.com\/es\/wp-content\/uploads\/2025\/12\/7FORO.jpg 500w, https:\/\/dimensionturistica.com\/es\/wp-content\/uploads\/2025\/12\/7FORO-300x199.jpg 300w\" sizes=\"(max-width: 500px) 100vw, 500px\" \/><\/figure>\n<\/figure>\n\n\n\n<p>a las personas, la conservaci\u00f3n del entorno y la inclusi\u00f3n social.<\/p>\n\n\n\n<p>\u201cQue el norte no solo observe, que el norte lidere\u201d, fue una de las frases que reson\u00f3 entre los asistentes, marcando el compromiso de convertir a los municipios de la regi\u00f3n en laboratorios vivos de sostenibilidad e innovaci\u00f3n tur\u00edstica.<\/p>\n\n\n\n<p>Un pacto colectivo para el futuro<\/p>\n\n\n\n<p>El Primer Foro Regional de Turismo Sostenible y Social concluy\u00f3 con el acuerdo com\u00fan de dar continuidad al trabajo iniciado, reforzar alianzas y encaminar esfuerzos hacia pol\u00edticas p\u00fablicas, pr\u00e1cticas empresariales y proyectos comunitarios que permitan que el turismo en Chihuahua proteja, transforme y perdure.<\/p>\n\n\n\n<p>En el marco del evento, se entregaron 10 Sellos Especializados en Turismo Incluyente, reconociendo a empresas de distintas regiones de Chihuahua por su compromiso con un turismo m\u00e1s accesible.<\/p>\n\n\n\n<p>El foro cerr\u00f3 con un balance muy positivo, reuniendo a 160 asistentes provenientes de 17 estados de la Rep\u00fablica Mexicana, adem\u00e1s de contar con una fuerte participaci\u00f3n local con 59 asistentes de Ciudad Ju\u00e1rez y 17 del resto del estado de Chihuahua, as\u00ed como la presencia internacional de un representante de Honduras.<\/p>\n\n\n\n<p>&nbsp;El programa destac\u00f3 por su diversidad de voces y perspectivas globales, al contar con ponentes invitados de Chile, Colombia y Espa\u00f1a, reforzando el car\u00e1cter regional e internacional del encuentro y consolidando al foro como un espacio clave para la cooperaci\u00f3n y el intercambio de buenas pr\u00e1cticas en turismo sostenible y social.<\/p>\n\n\n\n<p>M\u00e1s informaci\u00f3n sobre el FORO: El Foro es un evento que se desprende del<\/p>\n\n\n\n<p>Sustainable &amp; Social Tourism Summit que es el foro l\u00edder en Iberoam\u00e9rica dedicado a promover la sostenibilidad, la responsabilidad social y la solidaridad en el turismo.<\/p>\n\n\n\n<p>El Foro pretende ser una plataforma para reunir a empresarios, autoridades,<\/p>\n\n\n\n<p>acad\u00e9micos, organizaciones civiles y especialistas internacionales para impulsar modelos tur\u00edsticos que generen beneficios econ\u00f3micos sin comprometer el bienestar social ni el equilibrio ambiental. A trav\u00e9s de conferencias, talleres, paneles y espacios de intercambio.<\/p>\n\n\n\n<p>Para m\u00e1s informaci\u00f3n, visita nuestro sitio web: [www.sustainablesocialtourism.org] o \u00fanete a la conversaci\u00f3n en redes sociales.<\/p>\n","protected":false},"excerpt":{"rendered":"<p>Con un llamado a \u201cconstruir un futuro que empieza hoy\u201d, concluy\u00f3 el Primer Foro Regional de Turismo Sostenible y Social, un encuentro hist\u00f3rico para el estado de Chihuahua que reuni\u00f3 a l\u00edderes nacionales e internacionales comprometidos con transformar la actividad tur\u00edstica en una herramienta de desarrollo justo, responsable y humano. El evento, realizado del 25 [&hellip;]<\/p>\n","protected":false},"author":1,"featured_media":0,"comment_status":"open","ping_status":"closed","sticky":false,"template":"","format":"standard","meta":{"om_disable_all_campaigns":false,"jnews-multi-image_gallery":[],"jnews_single_post":[],"jnews_primary_category":[],"jnews_social_meta":[],"footnotes":""},"categories":[40],"tags":[],"class_list":["post-1080523","post","type-post","status-publish","format-standard","hentry","category-industria"],"_links":{"self":[{"href":"https:\/\/dimensionturistica.com\/es\/wp-json\/wp\/v2\/posts\/1080523","targetHints":{"allow":["GET"]}}],"collection":[{"href":"https:\/\/dimensionturistica.com\/es\/wp-json\/wp\/v2\/posts"}],"about":[{"href":"https:\/\/dimensionturistica.com\/es\/wp-json\/wp\/v2\/types\/post"}],"author":[{"embeddable":true,"href":"https:\/\/dimensionturistica.com\/es\/wp-json\/wp\/v2\/users\/1"}],"replies":[{"embeddable":true,"href":"https:\/\/dimensionturistica.com\/es\/wp-json\/wp\/v2\/comments?post=1080523"}],"version-history":[{"count":2,"href":"https:\/\/dimensionturistica.com\/es\/wp-json\/wp\/v2\/posts\/1080523\/revisions"}],"predecessor-version":[{"id":1080533,"href":"https:\/\/dimensionturistica.com\/es\/wp-json\/wp\/v2\/posts\/1080523\/revisions\/1080533"}],"wp:attachment":[{"href":"https:\/\/dimensionturistica.com\/es\/wp-json\/wp\/v2\/media?parent=1080523"}],"wp:term":[{"taxonomy":"category","embeddable":true,"href":"https:\/\/dimensionturistica.com\/es\/wp-json\/wp\/v2\/categories?post=1080523"},{"taxonomy":"post_tag","embeddable":true,"href":"https:\/\/dimensionturistica.com\/es\/wp-json\/wp\/v2\/tags?post=1080523"}],"curies":[{"name":"wp","href":"https:\/\/api.w.org\/{rel}","templated":true}]}}