{"id":1080499,"date":"2025-12-02T02:53:22","date_gmt":"2025-12-02T02:53:22","guid":{"rendered":"https:\/\/dimensionturistica.com\/es\/?p=1080499"},"modified":"2025-12-02T02:53:22","modified_gmt":"2025-12-02T02:53:22","slug":"loreal-groupe-revelo-el-impacto-socioeconomico-que-tiene-en-el-pais-desde-su-llegada-hace-mas-de-63-anos","status":"publish","type":"post","link":"https:\/\/dimensionturistica.com\/es\/loreal-groupe-revelo-el-impacto-socioeconomico-que-tiene-en-el-pais-desde-su-llegada-hace-mas-de-63-anos\/","title":{"rendered":"L\u2019Or\u00e9al Groupe revel\u00f3 el impacto socioecon\u00f3mico que tiene en el pa\u00eds desde su llegada hace m\u00e1s de 63 a\u00f1os.\u00a0 \u00a0"},"content":{"rendered":"\n<figure class=\"wp-block-gallery has-nested-images columns-default is-cropped wp-block-gallery-1 is-layout-flex wp-block-gallery-is-layout-flex\">\n<figure class=\"wp-block-image size-large\"><img decoding=\"async\" width=\"500\" height=\"295\" data-id=\"1080500\" src=\"https:\/\/dimensionturistica.com\/es\/wp-content\/uploads\/2025\/12\/11LOREAL.jpg\" alt=\"\" class=\"wp-image-1080500\" srcset=\"https:\/\/dimensionturistica.com\/es\/wp-content\/uploads\/2025\/12\/11LOREAL.jpg 500w, https:\/\/dimensionturistica.com\/es\/wp-content\/uploads\/2025\/12\/11LOREAL-300x177.jpg 300w\" sizes=\"(max-width: 500px) 100vw, 500px\" \/><figcaption class=\"wp-element-caption\">hdr<\/figcaption><\/figure>\n<\/figure>\n\n\n\n<p>L&#8217;Or\u00e9al Groupe M\u00e9xico present\u00f3 los resultados del estudio realizado por la reconocida consultora econ\u00f3mica Aster\u00e8s sobre el impacto socioecon\u00f3mico de la compa\u00f1\u00eda en M\u00e9xico; esto, durante el evento\u202f&#8221;La Esencialidad de la Belleza&#8221;. El estudio demostr\u00f3 c\u00f3mo la belleza es un potente motor de bienestar econ\u00f3mico y social, generando un efecto multiplicador que beneficia a innumerables empresas y comunidades mexicanas.<\/p>\n\n\n\n<figure class=\"wp-block-gallery has-nested-images columns-default is-cropped wp-block-gallery-2 is-layout-flex wp-block-gallery-is-layout-flex\">\n<figure class=\"wp-block-image size-large\"><img decoding=\"async\" width=\"500\" height=\"433\" data-id=\"1080501\" src=\"https:\/\/dimensionturistica.com\/es\/wp-content\/uploads\/2025\/12\/45LOREAL.jpg\" alt=\"\" class=\"wp-image-1080501\" srcset=\"https:\/\/dimensionturistica.com\/es\/wp-content\/uploads\/2025\/12\/45LOREAL.jpg 500w, https:\/\/dimensionturistica.com\/es\/wp-content\/uploads\/2025\/12\/45LOREAL-300x260.jpg 300w\" sizes=\"(max-width: 500px) 100vw, 500px\" \/><figcaption class=\"wp-element-caption\">hdr<\/figcaption><\/figure>\n<\/figure>\n\n\n\n<p>Por la ma\u00f1ana, el\u202fpresidente de la Canipec\u202f(C\u00e1mara Nacional de la Industria de Productos Cosm\u00e9ticos) y\u202fdirectivos de L&#8217;Or\u00e9al Groupe presentaron los hallazgos clave que destacan el papel esencial de la belleza en el desarrollo econ\u00f3mico de M\u00e9xico y el profundo compromiso de L&#8217;Or\u00e9al con la sostenibilidad y el crecimiento inclusivo.<\/p>\n\n\n\n<p>Luis Miguel Moreno, director de asuntos p\u00fablicos y comunicaci\u00f3n de L\u2019Or\u00e9al Groupe M\u00e9xico, destac\u00f3 la esencialidad de la belleza, haciendo un recorrido desde sus or\u00edgenes hasta la actualidad. Su intervenci\u00f3n estableci\u00f3 el contexto hist\u00f3rico y cultural que posiciona a la belleza como un elemento fundamental del bienestar humano y el desarrollo social.<\/p>\n\n\n\n<figure class=\"wp-block-gallery has-nested-images columns-default is-cropped wp-block-gallery-3 is-layout-flex wp-block-gallery-is-layout-flex\">\n<figure class=\"wp-block-image size-large\"><img decoding=\"async\" width=\"500\" height=\"476\" data-id=\"1080502\" src=\"https:\/\/dimensionturistica.com\/es\/wp-content\/uploads\/2025\/12\/67LOREAL.jpg\" alt=\"\" class=\"wp-image-1080502\" srcset=\"https:\/\/dimensionturistica.com\/es\/wp-content\/uploads\/2025\/12\/67LOREAL.jpg 500w, https:\/\/dimensionturistica.com\/es\/wp-content\/uploads\/2025\/12\/67LOREAL-300x286.jpg 300w\" sizes=\"(max-width: 500px) 100vw, 500px\" \/><figcaption class=\"wp-element-caption\">hdr<\/figcaption><\/figure>\n<\/figure>\n\n\n\n<p>Por su parte, Carlos Berzunza, presidente de la Canipec\u202f(C\u00e1mara Nacional de la Industria de Productos Cosm\u00e9ticos) present\u00f3 un panorama macro sobre la industria de la belleza en M\u00e9xico, destacando su relevancia econ\u00f3mica y su potencial de crecimiento. La industria de cuidado personal y belleza supera los\u202f$280 mil millones de pesos\u202fy se consolida como un sector clave para el desarrollo del pa\u00eds.<\/p>\n\n\n\n<figure class=\"wp-block-gallery has-nested-images columns-default is-cropped wp-block-gallery-4 is-layout-flex wp-block-gallery-is-layout-flex\">\n<figure class=\"wp-block-image size-large\"><img decoding=\"async\" width=\"423\" height=\"452\" data-id=\"1080504\" src=\"https:\/\/dimensionturistica.com\/es\/wp-content\/uploads\/2025\/12\/12LOREAL.jpg\" alt=\"\" class=\"wp-image-1080504\" srcset=\"https:\/\/dimensionturistica.com\/es\/wp-content\/uploads\/2025\/12\/12LOREAL.jpg 423w, https:\/\/dimensionturistica.com\/es\/wp-content\/uploads\/2025\/12\/12LOREAL-281x300.jpg 281w\" sizes=\"(max-width: 423px) 100vw, 423px\" \/><figcaption class=\"wp-element-caption\">hdr<\/figcaption><\/figure>\n<\/figure>\n\n\n\n<p>Durante su intervenci\u00f3n, Deborah Armstrong, CEO de L&#8217;Or\u00e9al Groupe en M\u00e9xico, present\u00f3 los resultados del estudio de Aster\u00e8s, que revelan el impacto multiplicador de la compa\u00f1\u00eda y destac\u00f3 el compromiso a largo plazo de la empresa: &#8220;Los 63 a\u00f1os de historia de L\u2019Or\u00e9al en M\u00e9xico son un testimonio de nuestra firme creencia en este din\u00e1mico mercado. Vemos un inmenso potencial para un crecimiento continuo y estamos dedicados a invertir en el futuro de M\u00e9xico, no solo ofreciendo un portafolio diverso e innovador, si no tambi\u00e9n impulsando tanto oportunidades econ\u00f3micas como desarrollo sostenible. Nuestro impacto en la creaci\u00f3n de empleo, el abastecimiento local y los programas comunitarios refleja nuestra profunda lealtad al crecimiento inclusivo y la creaci\u00f3n de un impacto positivo para todos los mexicanos y mexicanas&#8221;.<\/p>\n\n\n\n<p>Datos clave del estudio:<\/p>\n\n\n\n<figure class=\"wp-block-gallery has-nested-images columns-default is-cropped wp-block-gallery-5 is-layout-flex wp-block-gallery-is-layout-flex\">\n<figure class=\"wp-block-image size-large\"><img decoding=\"async\" width=\"500\" height=\"420\" data-id=\"1080507\" src=\"https:\/\/dimensionturistica.com\/es\/wp-content\/uploads\/2025\/12\/34LOREAL.jpg\" alt=\"\" class=\"wp-image-1080507\" srcset=\"https:\/\/dimensionturistica.com\/es\/wp-content\/uploads\/2025\/12\/34LOREAL.jpg 500w, https:\/\/dimensionturistica.com\/es\/wp-content\/uploads\/2025\/12\/34LOREAL-300x252.jpg 300w\" sizes=\"(max-width: 500px) 100vw, 500px\" \/><figcaption class=\"wp-element-caption\">hdr<\/figcaption><\/figure>\n<\/figure>\n\n\n\n<p>15 empleos adicionales\u202fgenerados por cada puesto creado directamente, muy por encima del promedio nacional<\/p>\n\n\n\n<p>M\u00e1s de\u202f46,000 empleos totales\u202f(2,800 directos y m\u00e1s de 43,000 indirectos e inducidos)<\/p>\n\n\n\n<p>M\u00e1s de 20,000 empleos indirectos\u202fa trav\u00e9s de gastos operativos<\/p>\n\n\n\n<p>M\u00e1s de 26,000 empleos\u202fgenerados por la red de distribuci\u00f3n<\/p>\n\n\n\n<p>Producci\u00f3n de m\u00e1s de\u202f420 millones de unidades\u202fanualmente en dos plantas de manufactura<\/p>\n\n\n\n<p>Red de m\u00e1s de\u202f1,900 salones de belleza\u202fasociados<\/p>\n\n\n\n<figure class=\"wp-block-gallery has-nested-images columns-default is-cropped wp-block-gallery-6 is-layout-flex wp-block-gallery-is-layout-flex\">\n<figure class=\"wp-block-image size-large\"><img decoding=\"async\" width=\"500\" height=\"333\" data-id=\"1080508\" src=\"https:\/\/dimensionturistica.com\/es\/wp-content\/uploads\/2025\/12\/2LOREAL.jpg\" alt=\"\" class=\"wp-image-1080508\" srcset=\"https:\/\/dimensionturistica.com\/es\/wp-content\/uploads\/2025\/12\/2LOREAL.jpg 500w, https:\/\/dimensionturistica.com\/es\/wp-content\/uploads\/2025\/12\/2LOREAL-300x200.jpg 300w\" sizes=\"(max-width: 500px) 100vw, 500px\" \/><\/figure>\n<\/figure>\n\n\n\n<p>Empoderamiento del ecosistema local:<\/p>\n\n\n\n<p>Colaboraci\u00f3n estrat\u00e9gica con PyMEs mexicanas en manufactura, distribuci\u00f3n y servicios<\/p>\n\n\n\n<p>Abastecimiento local que impulsa cadenas de suministro nacionales<\/p>\n\n\n\n<p>Apoyo a profesionales de la belleza: peluqueros, maquilladores, dermat\u00f3logos, farmac\u00e9uticos y asesores<\/p>\n\n\n\n<p>Araceli Becerril, directora de responsabilidad corporativa de la compa\u00f1\u00eda, present\u00f3 el compromiso ambiental y social de L&#8217;Or\u00e9al Groupe en M\u00e9xico, destacando programas que han transformado vidas y comunidades mexicanas:<\/p>\n\n\n\n<p>Impacto social:<\/p>\n\n\n\n<p>&#8220;Belleza por un Futuro&#8221;: M\u00e1s de 4,200 mujeres capacitadas en maquillaje y estilismo<\/p>\n\n\n\n<p>&#8220;Para las Mujeres en la Ciencia&#8221;: M\u00e1s de 116 cient\u00edficas mexicanas apoyadas financieramente<\/p>\n\n\n\n<p>&#8220;Stand Up Contra el Acoso Callejero&#8221;: M\u00e1s de 230,000 personas capacitadas<\/p>\n\n\n\n<p>&#8220;Abastecimiento Solidario&#8221;: Acceso a trabajo e ingresos para m\u00e1s de 2,500 personas en comunidades vulnerables<\/p>\n\n\n\n<p>Fondo L&#8217;Or\u00e9al: M\u00e1s de\u202f26 millones de pesos\u202fdestinados a m\u00e1s de 10 ONG mexicanas<\/p>\n\n\n\n<p>Sostenibilidad ambiental:<\/p>\n\n\n\n<p>100% energ\u00eda renovable\u202fen todos los sitios de operaci\u00f3n en M\u00e9xico<\/p>\n\n\n\n<figure class=\"wp-block-gallery has-nested-images columns-default is-cropped wp-block-gallery-7 is-layout-flex wp-block-gallery-is-layout-flex\">\n<figure class=\"wp-block-image size-large\"><img decoding=\"async\" width=\"500\" height=\"333\" data-id=\"1080509\" src=\"https:\/\/dimensionturistica.com\/es\/wp-content\/uploads\/2025\/12\/1LOREAL.jpg\" alt=\"\" class=\"wp-image-1080509\" srcset=\"https:\/\/dimensionturistica.com\/es\/wp-content\/uploads\/2025\/12\/1LOREAL.jpg 500w, https:\/\/dimensionturistica.com\/es\/wp-content\/uploads\/2025\/12\/1LOREAL-300x200.jpg 300w\" sizes=\"(max-width: 500px) 100vw, 500px\" \/><\/figure>\n<\/figure>\n\n\n\n<p>Tecnolog\u00eda Waterloop\u202fen la planta de CDMX, que permite reutilizar el 100% del agua en procesos industriales, la primera planta de L&#8217;Or\u00e9al en Am\u00e9rica Latina con esta tecnolog\u00eda<\/p>\n\n\n\n<p>Implementaci\u00f3n de Waterloop en la planta de San Luis Potos\u00ed programada para 2026<\/p>\n\n\n\n<p>Al finalizar las presentaciones, los asistentes disfrutaron de una museograf\u00eda especialmente dise\u00f1ada que contiene toda la informaci\u00f3n del estudio de Aster\u00e8s. Este recorrido inmersivo les permiti\u00f3 explorar en profundidad los datos, hallazgos e impactos que posicionan a la belleza como un sector esencial para el desarrollo econ\u00f3mico y social de M\u00e9xico. Entre los asistentes tambi\u00e9n estuvieron Alejandro Murat, Senador de la Rep\u00fablica e Ignacio Torres, representante de la Secretar\u00eda de Econom\u00eda.<\/p>\n\n\n\n<p>El evento &#8220;La Esencialidad de la Belleza&#8221; reafirm\u00f3 el compromiso de L&#8217;Or\u00e9al Groupe con el crecimiento y desarrollo continuo de M\u00e9xico, consolidando su posici\u00f3n como un socio vital en la construcci\u00f3n de un futuro m\u00e1s brillante para el pa\u00eds y sus comunidades.<\/p>\n","protected":false},"excerpt":{"rendered":"<p>L&#8217;Or\u00e9al Groupe M\u00e9xico present\u00f3 los resultados del estudio realizado por la reconocida consultora econ\u00f3mica Aster\u00e8s sobre el impacto socioecon\u00f3mico de la compa\u00f1\u00eda en M\u00e9xico; esto, durante el evento\u202f&#8221;La Esencialidad de la Belleza&#8221;. El estudio demostr\u00f3 c\u00f3mo la belleza es un potente motor de bienestar econ\u00f3mico y social, generando un efecto multiplicador que beneficia a innumerables [&hellip;]<\/p>\n","protected":false},"author":1,"featured_media":0,"comment_status":"open","ping_status":"closed","sticky":false,"template":"","format":"standard","meta":{"om_disable_all_campaigns":false,"jnews-multi-image_gallery":[],"jnews_single_post":[],"jnews_primary_category":[],"jnews_social_meta":[],"footnotes":""},"categories":[144872],"tags":[],"class_list":["post-1080499","post","type-post","status-publish","format-standard","hentry","category-fashion"],"_links":{"self":[{"href":"https:\/\/dimensionturistica.com\/es\/wp-json\/wp\/v2\/posts\/1080499","targetHints":{"allow":["GET"]}}],"collection":[{"href":"https:\/\/dimensionturistica.com\/es\/wp-json\/wp\/v2\/posts"}],"about":[{"href":"https:\/\/dimensionturistica.com\/es\/wp-json\/wp\/v2\/types\/post"}],"author":[{"embeddable":true,"href":"https:\/\/dimensionturistica.com\/es\/wp-json\/wp\/v2\/users\/1"}],"replies":[{"embeddable":true,"href":"https:\/\/dimensionturistica.com\/es\/wp-json\/wp\/v2\/comments?post=1080499"}],"version-history":[{"count":1,"href":"https:\/\/dimensionturistica.com\/es\/wp-json\/wp\/v2\/posts\/1080499\/revisions"}],"predecessor-version":[{"id":1080511,"href":"https:\/\/dimensionturistica.com\/es\/wp-json\/wp\/v2\/posts\/1080499\/revisions\/1080511"}],"wp:attachment":[{"href":"https:\/\/dimensionturistica.com\/es\/wp-json\/wp\/v2\/media?parent=1080499"}],"wp:term":[{"taxonomy":"category","embeddable":true,"href":"https:\/\/dimensionturistica.com\/es\/wp-json\/wp\/v2\/categories?post=1080499"},{"taxonomy":"post_tag","embeddable":true,"href":"https:\/\/dimensionturistica.com\/es\/wp-json\/wp\/v2\/tags?post=1080499"}],"curies":[{"name":"wp","href":"https:\/\/api.w.org\/{rel}","templated":true}]}}