{"id":1080374,"date":"2025-12-01T21:56:27","date_gmt":"2025-12-01T21:56:27","guid":{"rendered":"https:\/\/dimensionturistica.com\/es\/?p=1080374"},"modified":"2025-12-01T21:56:27","modified_gmt":"2025-12-01T21:56:27","slug":"dia-mundial-del-sida-expertos-llaman-a-frenar-avance-de-casos-de-vih-en-mexico","status":"publish","type":"post","link":"https:\/\/dimensionturistica.com\/es\/dia-mundial-del-sida-expertos-llaman-a-frenar-avance-de-casos-de-vih-en-mexico\/","title":{"rendered":"D\u00eda Mundial del Sida: Expertos llaman a frenar avance de casos de VIH en M\u00e9xico"},"content":{"rendered":"\n<figure class=\"wp-block-gallery has-nested-images columns-default is-cropped wp-block-gallery-1 is-layout-flex wp-block-gallery-is-layout-flex\">\n<figure class=\"wp-block-image size-large\"><img decoding=\"async\" width=\"500\" height=\"507\" data-id=\"1080375\" src=\"https:\/\/dimensionturistica.com\/es\/wp-content\/uploads\/2025\/12\/11SIDA.jpg\" alt=\"\" class=\"wp-image-1080375\" srcset=\"https:\/\/dimensionturistica.com\/es\/wp-content\/uploads\/2025\/12\/11SIDA.jpg 500w, https:\/\/dimensionturistica.com\/es\/wp-content\/uploads\/2025\/12\/11SIDA-296x300.jpg 296w, https:\/\/dimensionturistica.com\/es\/wp-content\/uploads\/2025\/12\/11SIDA-75x75.jpg 75w\" sizes=\"(max-width: 500px) 100vw, 500px\" \/><\/figure>\n<\/figure>\n\n\n\n<p>En su m\u00e1s reciente Bolet\u00edn Epidemiol\u00f3gico, la Secretar\u00eda de Salud ha confirmado cerca de 16 mil nuevos casos de VIH a nivel nacional durante este 2025\u00b9, por lo que este padecimiento contin\u00faa representando un desaf\u00edo de salud p\u00fablica y refuerza la necesidad de contar con programas de prevenci\u00f3n con cobertura amplia e innovaci\u00f3n terap\u00e9utica que permita ampliar el panorama de posibilidades para las personas que viven con VIH.<\/p>\n\n\n\n<p>\u201cEl VIH (Virus de Inmunodeficiencia Humana) es un virus que ataca las c\u00e9lulas que ayudan al cuerpo a luchar contra distintas afecciones, haciendo que la persona sea m\u00e1s vulnerable a otras infecciones y patolog\u00edas. Tanto mujeres como hombres, j\u00f3venes y ni\u00f1os pueden adquirir este virus al exponerse a cualquiera de las formas de transmisi\u00f3n: sexual, sangu\u00ednea y perinatal, no importando raza, orientaci\u00f3n sexual, nivel socioecon\u00f3mico o religi\u00f3n\u201d, coment\u00f3 el Dr. Sigfrido Rangel, director m\u00e9dico de GSK M\u00e9xico.<\/p>\n\n\n\n<figure class=\"wp-block-gallery has-nested-images columns-default is-cropped wp-block-gallery-2 is-layout-flex wp-block-gallery-is-layout-flex\">\n<figure class=\"wp-block-image size-large\"><img decoding=\"async\" width=\"500\" height=\"904\" data-id=\"1080376\" src=\"https:\/\/dimensionturistica.com\/es\/wp-content\/uploads\/2025\/12\/88SIDA.jpg\" alt=\"\" class=\"wp-image-1080376\" srcset=\"https:\/\/dimensionturistica.com\/es\/wp-content\/uploads\/2025\/12\/88SIDA.jpg 500w, https:\/\/dimensionturistica.com\/es\/wp-content\/uploads\/2025\/12\/88SIDA-166x300.jpg 166w\" sizes=\"(max-width: 500px) 100vw, 500px\" \/><\/figure>\n<\/figure>\n\n\n\n<p>Algunos de los primeros signos y s\u00edntomas del VIH pueden tener similitud con los de una gripe y suelen presentarse entre dos y cuatro semanas despu\u00e9s de la exposici\u00f3n al virus. Sin embargo, hay personas que no experimentan sintomatolog\u00eda en esta etapa inicial, o bien estos pueden aparecer hasta fases m\u00e1s avanzadas de la infecci\u00f3n.2<\/p>\n\n\n\n<p>\u201cEl estigma y la discriminaci\u00f3n crean un entorno adverso para las personas que viven con VIH, afectando su diagn\u00f3stico oportuno y retrasando el acceso al cuidado que necesitan para preservar su salud y bienestar. Al no contar con un seguimiento m\u00e9dico adecuado, el VIH puede conllevar a la enfermedad del SIDA (s\u00edndrome de inmunodeficiencia adquirida), esta es la \u00faltima fase de la infecci\u00f3n por el VIH que ocurre cuando el sistema inmunol\u00f3gico del cuerpo est\u00e1 gravemente deteriorado a causa del virus\u201d, indic\u00f3 Javier Mart\u00ednez, presidente de la Red Mexicana de Personas que Viven con VIH\/SIDA.<\/p>\n\n\n\n<p>En este contexto, la reciente decisi\u00f3n del gobierno mexicano de establecer a dolutegravir\/lamivudina como esquema preferente en el sistema de salud p\u00fablica para 2025 y 2026 marca un avance para los pacientes y el sistema de salud.3 La inclusi\u00f3n de este esquema completo de dos f\u00e1rmacos en una sola tableta permite que m\u00e1s personas que viven con VIH (PVVIH) accedan a una terapia con menos f\u00e1rmacos.<\/p>\n\n\n\n<figure class=\"wp-block-gallery has-nested-images columns-default is-cropped wp-block-gallery-3 is-layout-flex wp-block-gallery-is-layout-flex\">\n<figure class=\"wp-block-image size-large\"><img decoding=\"async\" width=\"500\" height=\"662\" data-id=\"1080377\" src=\"https:\/\/dimensionturistica.com\/es\/wp-content\/uploads\/2025\/12\/3SIDA.jpg\" alt=\"\" class=\"wp-image-1080377\" srcset=\"https:\/\/dimensionturistica.com\/es\/wp-content\/uploads\/2025\/12\/3SIDA.jpg 500w, https:\/\/dimensionturistica.com\/es\/wp-content\/uploads\/2025\/12\/3SIDA-227x300.jpg 227w\" sizes=\"(max-width: 500px) 100vw, 500px\" \/><\/figure>\n<\/figure>\n\n\n\n<p>\u201cEsta innovaci\u00f3n ofrece beneficios tangibles para los pacientes, manteniendo la misma eficacia que los tratamientos de tres f\u00e1rmacos, como la reducci\u00f3n de la carga medicamentosa, menor impacto en peso, menor toxicidad a largo plazo y menos interacciones farmacol\u00f3gicas. Es un claro ejemplo de c\u00f3mo la innovaci\u00f3n puede optimizar recursos p\u00fablicos y, al mismo tiempo, mejorar sustancialmente el bienestar a largo plazo de las personas que viven con el virus\u201d, puntualiz\u00f3 el Dr. Rangel.<\/p>\n\n\n\n<p>En tan solo una d\u00e9cada, seg\u00fan los informes de la Direcci\u00f3n General de Epidemiolog\u00eda de la Secretar\u00eda de Salud, se han registrado 180 mil 319 casos de VIH, de los cuales m\u00e1s de 39 mil han sido diagnosticados en j\u00f3venes de 15 a 24 a\u00f1os.4<\/p>\n\n\n\n<p>\u201cFrente a este contexto, en l\u00ednea con los esfuerzos globales para mejorar la salud y el bienestar de las personas que viven con VIH, GSK M\u00e9xico, a trav\u00e9s de ViiV Healthcare y su programa de apoyo a comunidades afectadas por VIH\/SIDA Positive Action, apoyan a las diversas comunidades para aumentar la prevenci\u00f3n y la atenci\u00f3n del VIH en M\u00e9xico, adem\u00e1s de abordar temas como son los estigmas sociales y de esta manera generar confianza en la atenci\u00f3n del VIH entre las comunidades afectadas, apoyando directamente a las organizaciones de la sociedad civil\u201d, se\u00f1al\u00f3 Rafael Polanco, Government Affairs Patient Advocacy Manager en GSK M\u00e9xico.<\/p>\n\n\n\n<figure class=\"wp-block-gallery has-nested-images columns-default is-cropped wp-block-gallery-4 is-layout-flex wp-block-gallery-is-layout-flex\">\n<figure class=\"wp-block-image size-large\"><img decoding=\"async\" width=\"576\" height=\"1024\" data-id=\"1080378\" src=\"https:\/\/dimensionturistica.com\/es\/wp-content\/uploads\/2025\/12\/IMG_20251127_113943053-576x1024.jpg\" alt=\"\" class=\"wp-image-1080378\" srcset=\"https:\/\/dimensionturistica.com\/es\/wp-content\/uploads\/2025\/12\/IMG_20251127_113943053-576x1024.jpg 576w, https:\/\/dimensionturistica.com\/es\/wp-content\/uploads\/2025\/12\/IMG_20251127_113943053-169x300.jpg 169w, https:\/\/dimensionturistica.com\/es\/wp-content\/uploads\/2025\/12\/IMG_20251127_113943053-768x1365.jpg 768w, https:\/\/dimensionturistica.com\/es\/wp-content\/uploads\/2025\/12\/IMG_20251127_113943053-864x1536.jpg 864w, https:\/\/dimensionturistica.com\/es\/wp-content\/uploads\/2025\/12\/IMG_20251127_113943053-1152x2048.jpg 1152w, https:\/\/dimensionturistica.com\/es\/wp-content\/uploads\/2025\/12\/IMG_20251127_113943053-750x1333.jpg 750w, https:\/\/dimensionturistica.com\/es\/wp-content\/uploads\/2025\/12\/IMG_20251127_113943053-1140x2027.jpg 1140w, https:\/\/dimensionturistica.com\/es\/wp-content\/uploads\/2025\/12\/IMG_20251127_113943053-scaled.jpg 1440w\" sizes=\"(max-width: 576px) 100vw, 576px\" \/><figcaption class=\"wp-element-caption\">ai<\/figcaption><\/figure>\n<\/figure>\n\n\n\n<p>La prevenci\u00f3n y el acceso a la salud sexual son derechos fundamentales para todas las personas, sin importar su edad. La colaboraci\u00f3n entre la industria, especialistas y la sociedad civil permite generar acciones que empoderen a las personas mediante herramientas que les ayuden a hacer frente al VIH.<\/p>\n\n\n\n<p>En el marco del D\u00eda Mundial del Sida que se conmemora cada 01 de diciembre, este tipo de iniciativas son clave para construir comunidades mejor informadas, m\u00e1s empoderadas y resilientes, as\u00ed como para ofrecer un panorama m\u00e1s favorable en la reducci\u00f3n de nuevos casos y frenar el avance del VIH en M\u00e9xico<\/p>\n","protected":false},"excerpt":{"rendered":"<p>En su m\u00e1s reciente Bolet\u00edn Epidemiol\u00f3gico, la Secretar\u00eda de Salud ha confirmado cerca de 16 mil nuevos casos de VIH a nivel nacional durante este 2025\u00b9, por lo que este padecimiento contin\u00faa representando un desaf\u00edo de salud p\u00fablica y refuerza la necesidad de contar con programas de prevenci\u00f3n con cobertura amplia e innovaci\u00f3n terap\u00e9utica que [&hellip;]<\/p>\n","protected":false},"author":1,"featured_media":0,"comment_status":"open","ping_status":"closed","sticky":false,"template":"","format":"standard","meta":{"om_disable_all_campaigns":false,"jnews-multi-image_gallery":[],"jnews_single_post":[],"jnews_primary_category":[],"jnews_social_meta":[],"footnotes":""},"categories":[40],"tags":[],"class_list":["post-1080374","post","type-post","status-publish","format-standard","hentry","category-industria"],"_links":{"self":[{"href":"https:\/\/dimensionturistica.com\/es\/wp-json\/wp\/v2\/posts\/1080374","targetHints":{"allow":["GET"]}}],"collection":[{"href":"https:\/\/dimensionturistica.com\/es\/wp-json\/wp\/v2\/posts"}],"about":[{"href":"https:\/\/dimensionturistica.com\/es\/wp-json\/wp\/v2\/types\/post"}],"author":[{"embeddable":true,"href":"https:\/\/dimensionturistica.com\/es\/wp-json\/wp\/v2\/users\/1"}],"replies":[{"embeddable":true,"href":"https:\/\/dimensionturistica.com\/es\/wp-json\/wp\/v2\/comments?post=1080374"}],"version-history":[{"count":1,"href":"https:\/\/dimensionturistica.com\/es\/wp-json\/wp\/v2\/posts\/1080374\/revisions"}],"predecessor-version":[{"id":1080379,"href":"https:\/\/dimensionturistica.com\/es\/wp-json\/wp\/v2\/posts\/1080374\/revisions\/1080379"}],"wp:attachment":[{"href":"https:\/\/dimensionturistica.com\/es\/wp-json\/wp\/v2\/media?parent=1080374"}],"wp:term":[{"taxonomy":"category","embeddable":true,"href":"https:\/\/dimensionturistica.com\/es\/wp-json\/wp\/v2\/categories?post=1080374"},{"taxonomy":"post_tag","embeddable":true,"href":"https:\/\/dimensionturistica.com\/es\/wp-json\/wp\/v2\/tags?post=1080374"}],"curies":[{"name":"wp","href":"https:\/\/api.w.org\/{rel}","templated":true}]}}