{"id":1080285,"date":"2025-12-01T17:52:33","date_gmt":"2025-12-01T17:52:33","guid":{"rendered":"https:\/\/dimensionturistica.com\/es\/?p=1080285"},"modified":"2025-12-01T17:52:33","modified_gmt":"2025-12-01T17:52:33","slug":"fever-xmas-foodie-asi-sera-la-edicion-2025-de-sneakers-trucks","status":"publish","type":"post","link":"https:\/\/dimensionturistica.com\/es\/fever-xmas-foodie-asi-sera-la-edicion-2025-de-sneakers-trucks\/","title":{"rendered":"FEVER XMAS FOODIE: As\u00ed ser\u00e1 la edici\u00f3n 2025 de Sneakers &#038; Trucks"},"content":{"rendered":"\n<p><\/p>\n\n\n\n<figure class=\"wp-block-gallery has-nested-images columns-default is-cropped wp-block-gallery-1 is-layout-flex wp-block-gallery-is-layout-flex\">\n<figure class=\"wp-block-image size-large\"><img decoding=\"async\" width=\"500\" height=\"148\" data-id=\"1080286\" src=\"https:\/\/dimensionturistica.com\/es\/wp-content\/uploads\/2025\/12\/1SNAK.jpg\" alt=\"\" class=\"wp-image-1080286\" srcset=\"https:\/\/dimensionturistica.com\/es\/wp-content\/uploads\/2025\/12\/1SNAK.jpg 500w, https:\/\/dimensionturistica.com\/es\/wp-content\/uploads\/2025\/12\/1SNAK-300x89.jpg 300w\" sizes=\"(max-width: 500px) 100vw, 500px\" \/><\/figure>\n<\/figure>\n\n\n\n<p>Disfruta de la nueva y muy navide\u00f1a edici\u00f3n del evento de moda urbana m\u00e1s esperado de este fin de a\u00f1o FEVER XMAS FOODIE: Sneakers &amp; Trucks 2025. Una experiencia \u00fanica tra\u00edda por el equipo de Sneaker Fever para cerrar este 2025 con estilo, m\u00fasica y sabor Desde las 11:00 hasta las 20:00 horas, El Front\u00f3n Bucareli se transformar\u00e1 en el epicentro de la cultura urbana, reuniendo una gran variedad de sneakers, streetwear, arte y gastronom\u00eda en un ambiente navide\u00f1o lleno de energ\u00eda y buena vibra.<\/p>\n\n\n\n<figure class=\"wp-block-gallery has-nested-images columns-default is-cropped wp-block-gallery-2 is-layout-flex wp-block-gallery-is-layout-flex\">\n<figure class=\"wp-block-image size-large\"><img decoding=\"async\" width=\"500\" height=\"666\" data-id=\"1080287\" src=\"https:\/\/dimensionturistica.com\/es\/wp-content\/uploads\/2025\/12\/2SNAK.jpg\" alt=\"\" class=\"wp-image-1080287\" srcset=\"https:\/\/dimensionturistica.com\/es\/wp-content\/uploads\/2025\/12\/2SNAK.jpg 500w, https:\/\/dimensionturistica.com\/es\/wp-content\/uploads\/2025\/12\/2SNAK-225x300.jpg 225w\" sizes=\"(max-width: 500px) 100vw, 500px\" \/><\/figure>\n<\/figure>\n\n\n\n<p>En esta edici\u00f3n encontrar\u00e1n una amplia selecci\u00f3n de sneakers, moda urbana, juguetes y muchos productos m\u00e1s, perfectos para encontrar el regalo ideal de estas fiestas decembrinas o simplemente para consentirse con lo mejor del streetstyle. El evento reunir\u00e1 tiendas, dise\u00f1adores y coleccionistas que lo convertir\u00e1n en el espacio favorito para todos los apasionados de la cultura urban y sneakerhead.<\/p>\n\n\n\n<figure class=\"wp-block-gallery has-nested-images columns-default is-cropped wp-block-gallery-3 is-layout-flex wp-block-gallery-is-layout-flex\">\n<figure class=\"wp-block-image size-large\"><img decoding=\"async\" width=\"500\" height=\"339\" data-id=\"1080288\" src=\"https:\/\/dimensionturistica.com\/es\/wp-content\/uploads\/2025\/12\/3SNAK.jpg\" alt=\"\" class=\"wp-image-1080288\" srcset=\"https:\/\/dimensionturistica.com\/es\/wp-content\/uploads\/2025\/12\/3SNAK.jpg 500w, https:\/\/dimensionturistica.com\/es\/wp-content\/uploads\/2025\/12\/3SNAK-300x203.jpg 300w\" sizes=\"(max-width: 500px) 100vw, 500px\" \/><\/figure>\n<\/figure>\n\n\n\n<p>La comida se vuelve protagonista junto con los sneakers y el streetwear gracias a Peregrino Gastron\u00f3mico y su curadur\u00eda en la zona gastron\u00f3mica que contar\u00e1 con una gran selecci\u00f3n de food trucks y exponentes culinarios como Mi Compa Chava, Tacos Domingo, Mama Ricotta, El Cher\u00e1n, y muchos otros establecimientos m\u00e1s ofreciendo una variedad de sabores para todos los paladares y colaborando con personalidades del mundo del arte y moda urbana.<\/p>\n\n\n\n<p>Adem\u00e1s, habr\u00e1 m\u00fasica en vivo con DJs que acompa\u00f1ar\u00e1n el d\u00eda con mezclas<\/p>\n\n\n\n<p>incre\u00edbles.<\/p>\n\n\n\n<p>En colaboraci\u00f3n con Pl\u00e1stico Macizo, esta edici\u00f3n incluir\u00e1 una exhibici\u00f3n especial<\/p>\n\n\n\n<figure class=\"wp-block-gallery has-nested-images columns-default is-cropped wp-block-gallery-4 is-layout-flex wp-block-gallery-is-layout-flex\">\n<figure class=\"wp-block-image size-large\"><img decoding=\"async\" width=\"500\" height=\"375\" data-id=\"1080289\" src=\"https:\/\/dimensionturistica.com\/es\/wp-content\/uploads\/2025\/12\/6SNAK.jpg\" alt=\"\" class=\"wp-image-1080289\" srcset=\"https:\/\/dimensionturistica.com\/es\/wp-content\/uploads\/2025\/12\/6SNAK.jpg 500w, https:\/\/dimensionturistica.com\/es\/wp-content\/uploads\/2025\/12\/6SNAK-300x225.jpg 300w\" sizes=\"(max-width: 500px) 100vw, 500px\" \/><\/figure>\n<\/figure>\n\n\n\n<p>de juguetes de dise\u00f1ador y arte contempor\u00e1neo, creando una atm\u00f3sfer inigualable para todos los asistentes.<\/p>\n\n\n\n<p>\u00a1No te pierdas de FEVER XMAS FOODIE: Sneakers &amp; Trucks 2025! Un evento pet friendly y 100% familiar, ideal para compartir y disfrutar con tus seres m\u00e1s queridos. El costo de la entrada general en preventa es de $100 (m\u00e1s cargos), y el d\u00eda del evento tendr\u00e1 un precio de $150. Puedes adquirir tus entradas en este link:https:\/\/sneakers-and-trucks.boletia.com\/<\/p>\n\n\n\n<p>Recuerda que los ni\u00f1os menores a 6 a\u00f1os entran gratis<\/p>\n\n\n\n<p>Llega a la navidad con la mejor vibra y regalos fuera de serie.<\/p>\n\n\n\n<p>Visita nuestras redes sociales:<\/p>\n\n\n\n<p>FB\/ Sneaker Fever<\/p>\n\n\n\n<p>TW\/ @sneakerfevermx<\/p>\n\n\n\n<p>IG \/ @sneakerfevermx<\/p>\n\n\n\n<figure class=\"wp-block-embed\"><div class=\"wp-block-embed__wrapper\">\nhttps:\/\/sneakerfever.mx\n<\/div><\/figure>\n","protected":false},"excerpt":{"rendered":"<p>Disfruta de la nueva y muy navide\u00f1a edici\u00f3n del evento de moda urbana m\u00e1s esperado de este fin de a\u00f1o FEVER XMAS FOODIE: Sneakers &amp; Trucks 2025. Una experiencia \u00fanica tra\u00edda por el equipo de Sneaker Fever para cerrar este 2025 con estilo, m\u00fasica y sabor Desde las 11:00 hasta las 20:00 horas, El Front\u00f3n [&hellip;]<\/p>\n","protected":false},"author":1,"featured_media":0,"comment_status":"open","ping_status":"closed","sticky":false,"template":"","format":"standard","meta":{"om_disable_all_campaigns":false,"jnews-multi-image_gallery":[],"jnews_single_post":{"format":"standard"},"jnews_primary_category":[],"jnews_social_meta":[],"footnotes":""},"categories":[43],"tags":[],"class_list":["post-1080285","post","type-post","status-publish","format-standard","hentry","category-gourmet"],"_links":{"self":[{"href":"https:\/\/dimensionturistica.com\/es\/wp-json\/wp\/v2\/posts\/1080285","targetHints":{"allow":["GET"]}}],"collection":[{"href":"https:\/\/dimensionturistica.com\/es\/wp-json\/wp\/v2\/posts"}],"about":[{"href":"https:\/\/dimensionturistica.com\/es\/wp-json\/wp\/v2\/types\/post"}],"author":[{"embeddable":true,"href":"https:\/\/dimensionturistica.com\/es\/wp-json\/wp\/v2\/users\/1"}],"replies":[{"embeddable":true,"href":"https:\/\/dimensionturistica.com\/es\/wp-json\/wp\/v2\/comments?post=1080285"}],"version-history":[{"count":1,"href":"https:\/\/dimensionturistica.com\/es\/wp-json\/wp\/v2\/posts\/1080285\/revisions"}],"predecessor-version":[{"id":1080290,"href":"https:\/\/dimensionturistica.com\/es\/wp-json\/wp\/v2\/posts\/1080285\/revisions\/1080290"}],"wp:attachment":[{"href":"https:\/\/dimensionturistica.com\/es\/wp-json\/wp\/v2\/media?parent=1080285"}],"wp:term":[{"taxonomy":"category","embeddable":true,"href":"https:\/\/dimensionturistica.com\/es\/wp-json\/wp\/v2\/categories?post=1080285"},{"taxonomy":"post_tag","embeddable":true,"href":"https:\/\/dimensionturistica.com\/es\/wp-json\/wp\/v2\/tags?post=1080285"}],"curies":[{"name":"wp","href":"https:\/\/api.w.org\/{rel}","templated":true}]}}