{"id":1080231,"date":"2025-12-01T16:08:47","date_gmt":"2025-12-01T16:08:47","guid":{"rendered":"https:\/\/dimensionturistica.com\/es\/?p=1080231"},"modified":"2025-12-01T16:08:47","modified_gmt":"2025-12-01T16:08:47","slug":"feromonas-piel-y-deseo-la-ciencia-detras-del-vello-corporal","status":"publish","type":"post","link":"https:\/\/dimensionturistica.com\/es\/feromonas-piel-y-deseo-la-ciencia-detras-del-vello-corporal\/","title":{"rendered":"Feromonas, piel y deseo: la ciencia detr\u00e1s del vello corporal"},"content":{"rendered":"\n<p><\/p>\n\n\n\n<figure class=\"wp-block-gallery has-nested-images columns-default is-cropped wp-block-gallery-1 is-layout-flex wp-block-gallery-is-layout-flex\">\n<figure class=\"wp-block-image size-large\"><img decoding=\"async\" width=\"500\" height=\"281\" data-id=\"1080232\" src=\"https:\/\/dimensionturistica.com\/es\/wp-content\/uploads\/2025\/12\/1BELLO.jpg\" alt=\"\" class=\"wp-image-1080232\" srcset=\"https:\/\/dimensionturistica.com\/es\/wp-content\/uploads\/2025\/12\/1BELLO.jpg 500w, https:\/\/dimensionturistica.com\/es\/wp-content\/uploads\/2025\/12\/1BELLO-300x169.jpg 300w\" sizes=\"(max-width: 500px) 100vw, 500px\" \/><\/figure>\n<\/figure>\n\n\n\n<p>En los \u00faltimos a\u00f1os, cada vez m\u00e1s personas est\u00e1n reclamando el derecho a habitar su cuerpo sin filtros. El vello \u2014ya sea en las axilas, el pubis o el pecho\u2014 se ha convertido en una forma de expresi\u00f3n er\u00f3tica.<\/p>\n\n\n\n<p>&nbsp;Para algunas personas, el vello transmite naturalidad, fuerza y autenticidad; para otras, despierta fantas\u00edas asociadas a lo salvaje o lo primitivo. Su textura, su olor y su contacto con la piel pueden generar est\u00edmulos sensoriales \u00fanicos que incrementan la excitaci\u00f3n.<\/p>\n\n\n\n<p>En el \u00e1mbito sexol\u00f3gico, se ha observado que cuando una persona se siente c\u00f3moda con su cuerpo, su deseo y su disfrute aumentan, sin importar si est\u00e1 depilada o no. La seguridad es el verdadero afrodis\u00edaco.<\/p>\n\n\n\n<p>El vello corporal no es ni bueno ni malo, ni sexy ni anti-sexy. Es una manifestaci\u00f3n m\u00e1s de qui\u00e9n eres y de c\u00f3mo eliges presentarte. Puede ser un turn on si te conecta con tu sensualidad, o un turn off si no te hace sentir c\u00f3modx<\/p>\n\n\n\n<p>Lo importante no es lo que prefiera la sociedad, sino lo que te encienda a ti.<\/p>\n\n\n\n<figure class=\"wp-block-gallery has-nested-images columns-default is-cropped wp-block-gallery-2 is-layout-flex wp-block-gallery-is-layout-flex\">\n<figure class=\"wp-block-image size-large\"><img decoding=\"async\" width=\"500\" height=\"333\" data-id=\"1080233\" src=\"https:\/\/dimensionturistica.com\/es\/wp-content\/uploads\/2025\/12\/2BELLO.jpg\" alt=\"\" class=\"wp-image-1080233\" srcset=\"https:\/\/dimensionturistica.com\/es\/wp-content\/uploads\/2025\/12\/2BELLO.jpg 500w, https:\/\/dimensionturistica.com\/es\/wp-content\/uploads\/2025\/12\/2BELLO-300x200.jpg 300w\" sizes=\"(max-width: 500px) 100vw, 500px\" \/><\/figure>\n<\/figure>\n\n\n\n<p>Diablurs, vocera oficial de JOYclub, nos comparte algunos turn off y turn on que pueden existir sobre el vello corporal<\/p>\n\n\n\n<p>Turn off:<\/p>\n\n\n\n<p>La obligaci\u00f3n disfrazada de elecci\u00f3n. Cuando la depilaci\u00f3n es obligada para \u201cser deseable\u201d, el deseo deja de ser propio.<\/p>\n\n\n\n<p>El canon infantilizado. El ideal del cuerpo sin un solo pelo tiene ecos de pureza imposible. Madurar tambi\u00e9n es aceptar que el cuerpo crece, florece\u2026 y s\u00ed, tiene vello.<\/p>\n\n\n\n<p>Los efectos secundarios. Foliculitis, irritaci\u00f3n, microcortes: no hay nada deseable en el ardor post-cera.<\/p>\n\n\n\n<p>Turn on:<\/p>\n\n\n\n<p>La autonom\u00eda corporal. Lo verdaderamente sexy es elegir. Si te depilas porque te gusta la sensaci\u00f3n de la piel tersa o porque el ritual te hace sentir poderosa, eso es empoderamiento con brillo propio.<\/p>\n\n\n\n<p>Protege la piel de fricci\u00f3n y microorganismos, reduciendo el riesgo de ITS por contacto.<\/p>\n\n\n\n<p>Retiene feromonas, esas mol\u00e9culas invisibles que participan en el deseo. En otras palabras: el vello tambi\u00e9n tiene su propio perfume er\u00f3tico.<\/p>\n\n\n\n<p>El erotismo no est\u00e1 en la ausencia de vello, sino en la presencia de autenticidad. El verdadero turn on es sentirse libre en la propia piel. Conoce m\u00e1s sobre vello en corporalidades femeninas con Diablurs AQU\u00cd.<\/p>\n","protected":false},"excerpt":{"rendered":"<p>En los \u00faltimos a\u00f1os, cada vez m\u00e1s personas est\u00e1n reclamando el derecho a habitar su cuerpo sin filtros. El vello \u2014ya sea en las axilas, el pubis o el pecho\u2014 se ha convertido en una forma de expresi\u00f3n er\u00f3tica. &nbsp;Para algunas personas, el vello transmite naturalidad, fuerza y autenticidad; para otras, despierta fantas\u00edas asociadas a [&hellip;]<\/p>\n","protected":false},"author":1,"featured_media":0,"comment_status":"open","ping_status":"closed","sticky":false,"template":"","format":"standard","meta":{"om_disable_all_campaigns":false,"jnews-multi-image_gallery":[],"jnews_single_post":[],"jnews_primary_category":[],"jnews_social_meta":[],"footnotes":""},"categories":[144872],"tags":[],"class_list":["post-1080231","post","type-post","status-publish","format-standard","hentry","category-fashion"],"_links":{"self":[{"href":"https:\/\/dimensionturistica.com\/es\/wp-json\/wp\/v2\/posts\/1080231","targetHints":{"allow":["GET"]}}],"collection":[{"href":"https:\/\/dimensionturistica.com\/es\/wp-json\/wp\/v2\/posts"}],"about":[{"href":"https:\/\/dimensionturistica.com\/es\/wp-json\/wp\/v2\/types\/post"}],"author":[{"embeddable":true,"href":"https:\/\/dimensionturistica.com\/es\/wp-json\/wp\/v2\/users\/1"}],"replies":[{"embeddable":true,"href":"https:\/\/dimensionturistica.com\/es\/wp-json\/wp\/v2\/comments?post=1080231"}],"version-history":[{"count":1,"href":"https:\/\/dimensionturistica.com\/es\/wp-json\/wp\/v2\/posts\/1080231\/revisions"}],"predecessor-version":[{"id":1080235,"href":"https:\/\/dimensionturistica.com\/es\/wp-json\/wp\/v2\/posts\/1080231\/revisions\/1080235"}],"wp:attachment":[{"href":"https:\/\/dimensionturistica.com\/es\/wp-json\/wp\/v2\/media?parent=1080231"}],"wp:term":[{"taxonomy":"category","embeddable":true,"href":"https:\/\/dimensionturistica.com\/es\/wp-json\/wp\/v2\/categories?post=1080231"},{"taxonomy":"post_tag","embeddable":true,"href":"https:\/\/dimensionturistica.com\/es\/wp-json\/wp\/v2\/tags?post=1080231"}],"curies":[{"name":"wp","href":"https:\/\/api.w.org\/{rel}","templated":true}]}}