{"id":1080215,"date":"2025-12-01T15:32:43","date_gmt":"2025-12-01T15:32:43","guid":{"rendered":"https:\/\/dimensionturistica.com\/es\/?p=1080215"},"modified":"2025-12-01T15:32:43","modified_gmt":"2025-12-01T15:32:43","slug":"cada-vez-tengo-menos-seguridad-asi-que-nunca-afirmo-que-nunca","status":"publish","type":"post","link":"https:\/\/dimensionturistica.com\/es\/cada-vez-tengo-menos-seguridad-asi-que-nunca-afirmo-que-nunca\/","title":{"rendered":"Cada vez tengo menos seguridad, as\u00ed que nunca afirmo que nunca"},"content":{"rendered":"<h3>Viajes en el Tempo: La Esencia del Aventura<\/h3>\n<p>La idea de viajar en el tiempo siempre ha sido un tema fascinante para escritores, cineastas y so\u00f1adores. Sin embargo, mientras exploramos el vasto horizonte de posibilidades en el turismo moderno, nos preguntamos: \u00bfrealmente podr\u00edamos considerar nuestros viajes como una forma de viajar en el tiempo? Al igual que los personajes de las historias m\u00e1s intrigantes, cada uno de nosotros se embarca en un viaje no solo f\u00edsico, sino tambi\u00e9n emocional y temporal cuando visitamos nuevos lugares.<\/p>\n<p>Imaginemos, por un momento, que cada destino nos ofrece la oportunidad de trasladarnos a diferentes \u00e9pocas, de revivir momentos significativos que han moldeado nuestra historia. Desde las antiguas ruinas mayas en M\u00e9xico hasta los majestuosos templos de Angkor Wat en Camboya, cada rinc\u00f3n del mundo cuenta una historia y, al visitarlo, nos sumergimos en un tiempo que no es solo contempor\u00e1neo, sino rico en cultura y legado.<\/p>\n<p>En la b\u00fasqueda de experiencias aut\u00e9nticas, muchos viajeros se est\u00e1n alejando de los circuitos tur\u00edsticos tradicionales y adentr\u00e1ndose en fascinantes rutas menos transitadas, donde la historia se siente palpable. Un tour por los vi\u00f1edos de Bordeaux puede transportarnos a la Francia del siglo XVIII, mientras que una caminata por los caminos despejados de Machu Picchu nos llena de asombro ante la grandeza de los incas. Lo que encontramos en estos viajes no son solo yacimientos y paisajes, sino fragmentos de un tiempo que a\u00fan vive en la memoria colectiva de sus culturas.<\/p>\n<p>Sin embargo, hay una reflexi\u00f3n m\u00e1s profunda en el viaje. A medida que nos acercamos a estos lugares, tambi\u00e9n nos enfrentamos a nuestra propia percepci\u00f3n del tiempo. Cada vez que un viajero se asoma a una nueva experiencia, vive un peque\u00f1o &#8220;ajuste temporal&#8221;: se reconecta con su esencia, dejando atr\u00e1s la rutina diaria para abrazar el misterio de lo desconocido. Es una danza de autodescubrimiento, donde lo familiar y lo extra\u00f1o se entrelazan.<\/p>\n<p>El concepto de viajar en el tiempo no es solo una cuesti\u00f3n de fantas\u00eda, sino una realidad en la que cada paso que damos nos invita a ser parte de algo m\u00e1s grande. Los festivales tradicionales, las costumbres locales y las historias compartidas en un caf\u00e9 pueden convertir un simple viaje en una traves\u00eda intertemporal.<\/p>\n<p>As\u00ed que la pr\u00f3xima vez que planifiques tu aventura, recuerda que no solo est\u00e1s cruzando fronteras geogr\u00e1ficas. Est\u00e1s viajando a trav\u00e9s del tiempo, reviviendo pasados y construyendo memorias que inevitablemente se convertir\u00e1n en parte de tu propia historia personal. En cada destino, hay un eco de tiempos pasados que resuena, record\u00e1ndonos que el verdadero viaje no solo se mide en kil\u00f3metros, sino en experiencias que transforman nuestro ser y nos hacen m\u00e1s conscientes del mundo que nos rodea. \u00bfQu\u00e9 nuevos tiempos explorar\u00e1s en tu pr\u00f3ximo viaje?<\/p>\n<p><em> &#8221; Fuentes www.cnnchile.com &#8221; <\/em><\/p>\n","protected":false},"excerpt":{"rendered":"<p>Viajes en el Tempo: La Esencia del Aventura La idea de viajar en el tiempo siempre ha sido un tema fascinante para escritores, cineastas y so\u00f1adores. Sin embargo, mientras exploramos el vasto horizonte de posibilidades en el turismo moderno, nos preguntamos: \u00bfrealmente podr\u00edamos considerar nuestros viajes como una forma de viajar en el tiempo? Al [&hellip;]<\/p>\n","protected":false},"author":4,"featured_media":1080216,"comment_status":"open","ping_status":"closed","sticky":false,"template":"","format":"standard","meta":{"om_disable_all_campaigns":false,"jnews-multi-image_gallery":[],"jnews_single_post":[],"jnews_primary_category":[],"jnews_social_meta":[],"footnotes":""},"categories":[39],"tags":[6189,84126,39218,11264,2386,4482,6509,26664,234674,1359],"class_list":["post-1080215","post","type-post","status-publish","format-standard","has-post-thumbnail","hentry","category-viajes","tag-cambio","tag-certezas","tag-crecimiento-personal","tag-dudas","tag-filosofia","tag-incertidumbre","tag-mentalidad","tag-reflexion","tag-sabiduria","tag-vida"],"_links":{"self":[{"href":"https:\/\/dimensionturistica.com\/es\/wp-json\/wp\/v2\/posts\/1080215","targetHints":{"allow":["GET"]}}],"collection":[{"href":"https:\/\/dimensionturistica.com\/es\/wp-json\/wp\/v2\/posts"}],"about":[{"href":"https:\/\/dimensionturistica.com\/es\/wp-json\/wp\/v2\/types\/post"}],"author":[{"embeddable":true,"href":"https:\/\/dimensionturistica.com\/es\/wp-json\/wp\/v2\/users\/4"}],"replies":[{"embeddable":true,"href":"https:\/\/dimensionturistica.com\/es\/wp-json\/wp\/v2\/comments?post=1080215"}],"version-history":[{"count":1,"href":"https:\/\/dimensionturistica.com\/es\/wp-json\/wp\/v2\/posts\/1080215\/revisions"}],"predecessor-version":[{"id":1080217,"href":"https:\/\/dimensionturistica.com\/es\/wp-json\/wp\/v2\/posts\/1080215\/revisions\/1080217"}],"wp:featuredmedia":[{"embeddable":true,"href":"https:\/\/dimensionturistica.com\/es\/wp-json\/wp\/v2\/media\/1080216"}],"wp:attachment":[{"href":"https:\/\/dimensionturistica.com\/es\/wp-json\/wp\/v2\/media?parent=1080215"}],"wp:term":[{"taxonomy":"category","embeddable":true,"href":"https:\/\/dimensionturistica.com\/es\/wp-json\/wp\/v2\/categories?post=1080215"},{"taxonomy":"post_tag","embeddable":true,"href":"https:\/\/dimensionturistica.com\/es\/wp-json\/wp\/v2\/tags?post=1080215"}],"curies":[{"name":"wp","href":"https:\/\/api.w.org\/{rel}","templated":true}]}}