{"id":1080206,"date":"2025-12-01T15:23:25","date_gmt":"2025-12-01T15:23:25","guid":{"rendered":"https:\/\/dimensionturistica.com\/es\/?p=1080206"},"modified":"2025-12-01T15:23:25","modified_gmt":"2025-12-01T15:23:25","slug":"bajaj-presenta-la-nueva-pulsar-f250","status":"publish","type":"post","link":"https:\/\/dimensionturistica.com\/es\/bajaj-presenta-la-nueva-pulsar-f250\/","title":{"rendered":"BAJAJ presenta la nueva PULSAR F250"},"content":{"rendered":"\n<figure class=\"wp-block-gallery has-nested-images columns-default is-cropped wp-block-gallery-1 is-layout-flex wp-block-gallery-is-layout-flex\">\n<figure class=\"wp-block-image size-large\"><img decoding=\"async\" width=\"500\" height=\"281\" data-id=\"1080207\" src=\"https:\/\/dimensionturistica.com\/es\/wp-content\/uploads\/2025\/12\/1MOTO.jpg\" alt=\"\" class=\"wp-image-1080207\" srcset=\"https:\/\/dimensionturistica.com\/es\/wp-content\/uploads\/2025\/12\/1MOTO.jpg 500w, https:\/\/dimensionturistica.com\/es\/wp-content\/uploads\/2025\/12\/1MOTO-300x169.jpg 300w\" sizes=\"(max-width: 500px) 100vw, 500px\" \/><\/figure>\n<\/figure>\n\n\n\n<p>En el marco de Expo Moto 2025, el evento m\u00e1s relevante del motociclismo en nuestro pa\u00eds, BAJAJ present\u00f3 la nueva Pulsar F250, un modelo de motos que busca satisfacer las necesidades y gustos de los bikers urbanos que gui\u00f1an el ojo a las pistas y al mundo deportivo.<\/p>\n\n\n\n<figure class=\"wp-block-gallery has-nested-images columns-default is-cropped wp-block-gallery-2 is-layout-flex wp-block-gallery-is-layout-flex\">\n<figure class=\"wp-block-image size-large\"><img decoding=\"async\" width=\"520\" height=\"292\" data-id=\"1080208\" src=\"https:\/\/dimensionturistica.com\/es\/wp-content\/uploads\/2025\/12\/7MOTO.jpg\" alt=\"\" class=\"wp-image-1080208\" srcset=\"https:\/\/dimensionturistica.com\/es\/wp-content\/uploads\/2025\/12\/7MOTO.jpg 520w, https:\/\/dimensionturistica.com\/es\/wp-content\/uploads\/2025\/12\/7MOTO-300x168.jpg 300w\" sizes=\"(max-width: 520px) 100vw, 520px\" \/><\/figure>\n<\/figure>\n\n\n\n<p>Esta nueva incorporaci\u00f3n a la familia Pulsar no solo mantiene el legado de poder y control con precisi\u00f3n de la marca, sino que tambi\u00e9n continua con el legado de altos est\u00e1ndares en cuanto a tecnolog\u00eda y dise\u00f1o aerodin\u00e1mico en su segmento.<\/p>\n\n\n\n<p>La nueva Pulsar F250 no solo ofrece una est\u00e9tica tipo deportivo de pista m\u00e1s moderna sino que tambi\u00e9n cuenta con tecnolog\u00eda completamente digital, funcionalidades avanzadas como conectividad para smartphones y navegaci\u00f3n TFT. A lo anterior se suma tanto su iluminaci\u00f3n LED como sus frenos ABS de doble canal que garantizan un mayor nivel de visibilidad y seguridad en ruta.<\/p>\n\n\n\n<figure class=\"wp-block-gallery has-nested-images columns-default is-cropped wp-block-gallery-3 is-layout-flex wp-block-gallery-is-layout-flex\">\n<figure class=\"wp-block-image size-large\"><img decoding=\"async\" width=\"500\" height=\"500\" data-id=\"1080209\" src=\"https:\/\/dimensionturistica.com\/es\/wp-content\/uploads\/2025\/12\/2MOTO.jpg\" alt=\"\" class=\"wp-image-1080209\" srcset=\"https:\/\/dimensionturistica.com\/es\/wp-content\/uploads\/2025\/12\/2MOTO.jpg 500w, https:\/\/dimensionturistica.com\/es\/wp-content\/uploads\/2025\/12\/2MOTO-300x300.jpg 300w, https:\/\/dimensionturistica.com\/es\/wp-content\/uploads\/2025\/12\/2MOTO-150x150.jpg 150w, https:\/\/dimensionturistica.com\/es\/wp-content\/uploads\/2025\/12\/2MOTO-75x75.jpg 75w, https:\/\/dimensionturistica.com\/es\/wp-content\/uploads\/2025\/12\/2MOTO-350x350.jpg 350w\" sizes=\"(max-width: 500px) 100vw, 500px\" \/><\/figure>\n<\/figure>\n\n\n\n<p>La Pulsar F250 est\u00e1 equipada con un motor monocil\u00edndrico de 249.07 cc refrigerado por aceite que desarrolla 24.5 Hp y 21.5 Nm de par m\u00e1ximo y sistema de inyecci\u00f3n de combustible (FI), lo que proporciona un eficiente consumo de gasolina. El motor se combina con una caja de cambios de cinco velocidades, ideal para la ciudad, e incluye embrague antirrebote. Alcanza una velocidad m\u00e1xima de aproximadamente 135 km\/hr.<\/p>\n\n\n\n<p>Otro aspecto distintivo de la F250 es su frente carenado y si dise\u00f1o aerodin\u00e1mico, inspirado en las motos de pista, as\u00ed como los manillares con clips m\u00e1s deportivos. Ideal para el biker urbano que se identifica con las pistas de carreras.<\/p>\n\n\n\n<p>Pulsar F250 pronto estar\u00e1 disponible en todos los distribuidores autorizados Bajaj y pronto se dar\u00e1n a conocer m\u00e1s detalles al respecto; as\u00ed que si buscas una moto que te brinde poder y control precisos para la ciudad, dise\u00f1o inigualable y una aliada para conquistar distintos destinos, esta sin duda, ser\u00e1 tu pr\u00f3xima moto.<\/p>\n\n\n\n<figure class=\"wp-block-gallery has-nested-images columns-default is-cropped wp-block-gallery-4 is-layout-flex wp-block-gallery-is-layout-flex\">\n<figure class=\"wp-block-image size-large\"><img decoding=\"async\" width=\"500\" height=\"290\" data-id=\"1080210\" src=\"https:\/\/dimensionturistica.com\/es\/wp-content\/uploads\/2025\/12\/4MOTO.jpg\" alt=\"\" class=\"wp-image-1080210\" srcset=\"https:\/\/dimensionturistica.com\/es\/wp-content\/uploads\/2025\/12\/4MOTO.jpg 500w, https:\/\/dimensionturistica.com\/es\/wp-content\/uploads\/2025\/12\/4MOTO-300x174.jpg 300w\" sizes=\"(max-width: 500px) 100vw, 500px\" \/><\/figure>\n<\/figure>\n\n\n\n<p>Para obtener mayor informaci\u00f3n de la marca, no olvides visitar: mexico.globalbajaj.com, as\u00ed como, seguir en redes sociales a la marca: Facebook BajajMexicoOficial, YouTube Bajaj M\u00e9xico Oficial, Instagram bajajmexicooficial y Tiktok: bajajmexicooficial<\/p>\n","protected":false},"excerpt":{"rendered":"<p>En el marco de Expo Moto 2025, el evento m\u00e1s relevante del motociclismo en nuestro pa\u00eds, BAJAJ present\u00f3 la nueva Pulsar F250, un modelo de motos que busca satisfacer las necesidades y gustos de los bikers urbanos que gui\u00f1an el ojo a las pistas y al mundo deportivo. Esta nueva incorporaci\u00f3n a la familia Pulsar [&hellip;]<\/p>\n","protected":false},"author":1,"featured_media":0,"comment_status":"open","ping_status":"closed","sticky":false,"template":"","format":"standard","meta":{"om_disable_all_campaigns":false,"jnews-multi-image_gallery":[],"jnews_single_post":{"format":"standard"},"jnews_primary_category":[],"jnews_social_meta":[],"footnotes":""},"categories":[40],"tags":[],"class_list":["post-1080206","post","type-post","status-publish","format-standard","hentry","category-industria"],"_links":{"self":[{"href":"https:\/\/dimensionturistica.com\/es\/wp-json\/wp\/v2\/posts\/1080206","targetHints":{"allow":["GET"]}}],"collection":[{"href":"https:\/\/dimensionturistica.com\/es\/wp-json\/wp\/v2\/posts"}],"about":[{"href":"https:\/\/dimensionturistica.com\/es\/wp-json\/wp\/v2\/types\/post"}],"author":[{"embeddable":true,"href":"https:\/\/dimensionturistica.com\/es\/wp-json\/wp\/v2\/users\/1"}],"replies":[{"embeddable":true,"href":"https:\/\/dimensionturistica.com\/es\/wp-json\/wp\/v2\/comments?post=1080206"}],"version-history":[{"count":1,"href":"https:\/\/dimensionturistica.com\/es\/wp-json\/wp\/v2\/posts\/1080206\/revisions"}],"predecessor-version":[{"id":1080211,"href":"https:\/\/dimensionturistica.com\/es\/wp-json\/wp\/v2\/posts\/1080206\/revisions\/1080211"}],"wp:attachment":[{"href":"https:\/\/dimensionturistica.com\/es\/wp-json\/wp\/v2\/media?parent=1080206"}],"wp:term":[{"taxonomy":"category","embeddable":true,"href":"https:\/\/dimensionturistica.com\/es\/wp-json\/wp\/v2\/categories?post=1080206"},{"taxonomy":"post_tag","embeddable":true,"href":"https:\/\/dimensionturistica.com\/es\/wp-json\/wp\/v2\/tags?post=1080206"}],"curies":[{"name":"wp","href":"https:\/\/api.w.org\/{rel}","templated":true}]}}