{"id":1080091,"date":"2025-12-01T09:22:59","date_gmt":"2025-12-01T09:22:59","guid":{"rendered":"https:\/\/dimensionturistica.com\/es\/?p=1080091"},"modified":"2025-12-01T09:22:59","modified_gmt":"2025-12-01T09:22:59","slug":"escapada-sostenible-a-evora-un-recorrido-reflexivo-por-el-alentejo-para-el-puente-de-diciembre","status":"publish","type":"post","link":"https:\/\/dimensionturistica.com\/es\/escapada-sostenible-a-evora-un-recorrido-reflexivo-por-el-alentejo-para-el-puente-de-diciembre\/","title":{"rendered":"Escapada sostenible a \u00c9vora: un recorrido reflexivo por el Alentejo para el puente de diciembre"},"content":{"rendered":"<h3>Escapada al Alentejo: Un viaje consciente en \u00c9vora<\/h3>\n<p>Si est\u00e1s buscando una fuga fascinante que combine historia, naturaleza y una profunda conexi\u00f3n cultural, \u00c9vora, en la regi\u00f3n del Alentejo, es el destino perfecto para tu pr\u00f3xima escapada. Durante el puente de diciembre, esta ciudad portuguesa se convierte en un aut\u00e9ntico refugio donde la tradici\u00f3n se encuentra con el encanto contempor\u00e1neo.<\/p>\n<h4>Un viaje a trav\u00e9s del tiempo<\/h4>\n<p>\u00c9vora, declarada Patrimonio de la Humanidad por la UNESCO, te invita a explorar su rico pasado. Sus calles empedradas y edificios hist\u00f3ricos reflejan siglos de historia, desde los vestigios romanos, como el imponente templo de Diana, hasta la arquitectura g\u00f3tica de la Catedral de \u00c9vora. Un recorrido por el Museo de \u00c9vora y la Universidad de \u00c9vora te permitir\u00e1 sumergirte en el arte y la cultura locales, mientras que la famosa Capilla de los Huesos te recordar\u00e1 la fragilidad de la vida, en un impactante y conmovedor escenario.<\/p>\n<h4>Experiencia gastron\u00f3mica \u00fanica<\/h4>\n<p>La gastronom\u00eda del Alentejo es un fest\u00edn para los sentidos. En esta regi\u00f3n, la comida es un reflejo de su entorno: los productos locales son estrella en platos que invitan a disfrutar y compartir. No te pierdas la oportunidad de saborear el famoso &#8220;cozido \u00e0 portuguesa&#8221;, un guiso de carne y verduras que deleita a locales y visitantes por igual. Complementa tu experiencia con un vino de la regi\u00f3n, conocido por su calidad y car\u00e1cter.<\/p>\n<h4>Naturaleza y sostenibilidad<\/h4>\n<p>El Alentejo no solo es un deleite cultural, sino tambi\u00e9n un regalo para los amantes de la naturaleza. La regi\u00f3n cuenta con vastas llanuras, olivos centenarios y hermosos paisajes que invitan a perderse y desconectar. Optar por actividades al aire libre, como caminatas o paseos en bicicleta, no solo es una forma saludable de explorar, sino tambi\u00e9n una manera de apoyar un turismo m\u00e1s consciente y respetuoso con el medio ambiente.<\/p>\n<h4>Un refugio para el bienestar<\/h4>\n<p>Encerrando esta experiencia est\u00e1 la oportunidad de conectar con uno mismo. El Alentejo, con sus paisajes serenos y ritmo pausado, es el lugar ideal para la reflexi\u00f3n y el descanso. Muchos alojamientos en la zona se centran en el bienestar, ofreciendo desde tratamientos de spa hasta retiros de meditaci\u00f3n. As\u00ed, podr\u00e1s retornar de tu escapada revitalizado y con una nueva visi\u00f3n del mundo.<\/p>\n<h4>Conclusi\u00f3n<\/h4>\n<p>El puente de diciembre en \u00c9vora promete ser un viaje inolvidable. Este destino no solo ofrece una experiencia tur\u00edstica rica y variada, sino que tambi\u00e9n invita a una reflexi\u00f3n m\u00e1s profunda sobre nuestro papel en el mundo. Si buscas una escapada con prop\u00f3sito que respete la historia y la naturaleza, \u00c9vora y el Alentejo te est\u00e1n esperando. Conecta con la esencia de Portugal y d\u00e9jate envolver por la magia de este rinc\u00f3n encantador.<\/p>\n<p><em> &#8221; Fuentes www.inoutviajes.com &#8221; <\/em><\/p>\n","protected":false},"excerpt":{"rendered":"<p>Escapada al Alentejo: Un viaje consciente en \u00c9vora Si est\u00e1s buscando una fuga fascinante que combine historia, naturaleza y una profunda conexi\u00f3n cultural, \u00c9vora, en la regi\u00f3n del Alentejo, es el destino perfecto para tu pr\u00f3xima escapada. Durante el puente de diciembre, esta ciudad portuguesa se convierte en un aut\u00e9ntico refugio donde la tradici\u00f3n se [&hellip;]<\/p>\n","protected":false},"author":4,"featured_media":1080092,"comment_status":"open","ping_status":"closed","sticky":false,"template":"","format":"standard","meta":{"om_disable_all_campaigns":false,"jnews-multi-image_gallery":[],"jnews_single_post":[],"jnews_primary_category":[],"jnews_social_meta":[],"footnotes":""},"categories":[39],"tags":[6186,74811,662,4192,3637,33232,258629,2189,1511,1473,35740,544,681,193291,545],"class_list":["post-1080091","post","type-post","status-publish","format-standard","has-post-thumbnail","hentry","category-viajes","tag-alentejo","tag-consciente","tag-cultura","tag-diciembre","tag-escapada","tag-escapada-de-fin-de-semana","tag-evora","tag-naturaleza","tag-portugal","tag-puente","tag-puente-de-diciembre","tag-turismo","tag-viaje","tag-viaje-consciente","tag-viajes"],"_links":{"self":[{"href":"https:\/\/dimensionturistica.com\/es\/wp-json\/wp\/v2\/posts\/1080091","targetHints":{"allow":["GET"]}}],"collection":[{"href":"https:\/\/dimensionturistica.com\/es\/wp-json\/wp\/v2\/posts"}],"about":[{"href":"https:\/\/dimensionturistica.com\/es\/wp-json\/wp\/v2\/types\/post"}],"author":[{"embeddable":true,"href":"https:\/\/dimensionturistica.com\/es\/wp-json\/wp\/v2\/users\/4"}],"replies":[{"embeddable":true,"href":"https:\/\/dimensionturistica.com\/es\/wp-json\/wp\/v2\/comments?post=1080091"}],"version-history":[{"count":1,"href":"https:\/\/dimensionturistica.com\/es\/wp-json\/wp\/v2\/posts\/1080091\/revisions"}],"predecessor-version":[{"id":1080093,"href":"https:\/\/dimensionturistica.com\/es\/wp-json\/wp\/v2\/posts\/1080091\/revisions\/1080093"}],"wp:featuredmedia":[{"embeddable":true,"href":"https:\/\/dimensionturistica.com\/es\/wp-json\/wp\/v2\/media\/1080092"}],"wp:attachment":[{"href":"https:\/\/dimensionturistica.com\/es\/wp-json\/wp\/v2\/media?parent=1080091"}],"wp:term":[{"taxonomy":"category","embeddable":true,"href":"https:\/\/dimensionturistica.com\/es\/wp-json\/wp\/v2\/categories?post=1080091"},{"taxonomy":"post_tag","embeddable":true,"href":"https:\/\/dimensionturistica.com\/es\/wp-json\/wp\/v2\/tags?post=1080091"}],"curies":[{"name":"wp","href":"https:\/\/api.w.org\/{rel}","templated":true}]}}