{"id":1080001,"date":"2025-12-01T02:11:01","date_gmt":"2025-12-01T02:11:01","guid":{"rendered":"https:\/\/dimensionturistica.com\/es\/?p=1080001"},"modified":"2025-12-01T02:11:01","modified_gmt":"2025-12-01T02:11:01","slug":"amlo-admite-desplazamientos-secretos-a-la-cdmx-para-ver-a-su-esposa-beatriz-gutierrez-muller-durante-su-descanso","status":"publish","type":"post","link":"https:\/\/dimensionturistica.com\/es\/amlo-admite-desplazamientos-secretos-a-la-cdmx-para-ver-a-su-esposa-beatriz-gutierrez-muller-durante-su-descanso\/","title":{"rendered":"AMLO admite desplazamientos secretos a la CDMX para ver a su esposa Beatriz Guti\u00e9rrez M\u00fcller durante su descanso."},"content":{"rendered":"<h3>Destinos Sorprendentes: Los Viajes Discretos de AMLO a la CDMX<\/h3>\n<p>En el bullicioso mundo del turismo, a menudo se pasa por alto la vida privada de las figuras p\u00fablicas y las din\u00e1micas que las envuelven. Recientemente, la atenci\u00f3n se ha centrado en los desplazamientos personales del presidente de M\u00e9xico, Andr\u00e9s Manuel L\u00f3pez Obrador (AMLO), hacia la Ciudad de M\u00e9xico. Lo singular de estos viajes radica no solo en su necesidad de conectarse con su esposa, Beatriz Guti\u00e9rrez M\u00fcller, sino tambi\u00e9n en el trasfondo de turismo \u00edntimo que ello representa.<\/p>\n<h3>Un Viaje Con Prop\u00f3sito<\/h3>\n<p>En medio de una agenda compleja y alocada que caracteriza a los l\u00edderes mundiales, los viajes de AMLO son un recordatorio de la humanidad y la vida familiar detr\u00e1s de la pol\u00edtica. La Ciudad de M\u00e9xico, rica en cultura y tradiciones, se convierte en el escenario ideal para estos encuentros. Barrios emblem\u00e1ticos como Coyoac\u00e1n o el hist\u00f3rico centro se transforman en refugios personales, donde la vida cotidiana puede ser tan sorprendente como mantener un di\u00e1logo amoroso.<\/p>\n<h3>La CDMX: Un Espacio de Encuentros<\/h3>\n<p>Cada viaje tiene su encanto. En la capital, el presidente puede recorrer tranquilamente toques de historia y gastronom\u00eda mexicana que inspiran momentos de tranquilidad. Espacios como el Museo Frida Kahlo o las vibrantes calles del Mercado de Coyoac\u00e1n no solo alimentan el paladar, sino tambi\u00e9n el alma. La oferta cultural de la ciudad es ampl\u00edsima, y se convierte en contexto perfecto para encuentros significativos lejos de la rutina.<\/p>\n<h3>M\u00e1s Que Turismo<\/h3>\n<p>Los viajes discretos de AMLO resaltan tambi\u00e9n el concepto de \u201cturismo emocional\u201d, en el que el viaje se convierte en una oportunidad para reconectar con lo que realmente importa: las relaciones y la familia. La idea de que un presidente, inmerso en la pol\u00edtica diaria, encuentre el tiempo para los momentos m\u00e1s humanos es un mensaje poderoso sobre la importancia de la familia en cualquier contexto, incluso en el agitado d\u00eda a d\u00eda de un l\u00edder.<\/p>\n<h3>Reflexiones sobre el Viaje<\/h3>\n<p>La perspectiva de un viaje hacia la CDMX va m\u00e1s all\u00e1 de aprovechar la infraestructura y belleza de la ciudad. Este tipo de desplazamientos destaca la necesidad de las personas, sin importar su estatus, de encontrar equilibrio y espacios de respiro en medio de las responsabilidades.<\/p>\n<p>As\u00ed, la Ciudad de M\u00e9xico se erige como un destino que, aunque frecuentado por el turismo tradicional, tambi\u00e9n posee capas de significado m\u00e1s profundo que merecen ser exploradas. Nos recuerda que los viajes significativos pueden surgir en las formas m\u00e1s inesperadas. La pr\u00f3xima vez que pienses en la capital mexicana, recuerda que detr\u00e1s de cada rinc\u00f3n hay historias de encuentros y la b\u00fasqueda de conexiones aut\u00e9nticas, incluso entre quienes lideran el destino de una naci\u00f3n. <\/p>\n<p>Sin duda, estos viajes discreto de AMLO a la Ciudad de M\u00e9xico, lejos de ser meras interrupciones en su agenda, nos invitan a redescubrir el valor de lo personal en la b\u00fasqueda de la calidad de vida y las relaciones humanas en el vasto mundo del turismo.<\/p>\n<p><em> &#8221; Fuentes www.infobae.com &#8221; <\/em><\/p>\n","protected":false},"excerpt":{"rendered":"<p>Destinos Sorprendentes: Los Viajes Discretos de AMLO a la CDMX En el bullicioso mundo del turismo, a menudo se pasa por alto la vida privada de las figuras p\u00fablicas y las din\u00e1micas que las envuelven. Recientemente, la atenci\u00f3n se ha centrado en los desplazamientos personales del presidente de M\u00e9xico, Andr\u00e9s Manuel L\u00f3pez Obrador (AMLO), hacia [&hellip;]<\/p>\n","protected":false},"author":4,"featured_media":1080002,"comment_status":"open","ping_status":"closed","sticky":false,"template":"","format":"standard","meta":{"om_disable_all_campaigns":false,"jnews-multi-image_gallery":[],"jnews_single_post":[],"jnews_primary_category":[],"jnews_social_meta":[],"footnotes":""},"categories":[39],"tags":[973,32330,1689,769,705,546,13916,258599],"class_list":["post-1080001","post","type-post","status-publish","format-standard","has-post-thumbnail","hentry","category-viajes","tag-amlo","tag-beatriz-gutierrez-muller","tag-cdmx","tag-mexico","tag-noticias","tag-politica","tag-retiro","tag-viajes-discretos"],"_links":{"self":[{"href":"https:\/\/dimensionturistica.com\/es\/wp-json\/wp\/v2\/posts\/1080001","targetHints":{"allow":["GET"]}}],"collection":[{"href":"https:\/\/dimensionturistica.com\/es\/wp-json\/wp\/v2\/posts"}],"about":[{"href":"https:\/\/dimensionturistica.com\/es\/wp-json\/wp\/v2\/types\/post"}],"author":[{"embeddable":true,"href":"https:\/\/dimensionturistica.com\/es\/wp-json\/wp\/v2\/users\/4"}],"replies":[{"embeddable":true,"href":"https:\/\/dimensionturistica.com\/es\/wp-json\/wp\/v2\/comments?post=1080001"}],"version-history":[{"count":1,"href":"https:\/\/dimensionturistica.com\/es\/wp-json\/wp\/v2\/posts\/1080001\/revisions"}],"predecessor-version":[{"id":1080003,"href":"https:\/\/dimensionturistica.com\/es\/wp-json\/wp\/v2\/posts\/1080001\/revisions\/1080003"}],"wp:featuredmedia":[{"embeddable":true,"href":"https:\/\/dimensionturistica.com\/es\/wp-json\/wp\/v2\/media\/1080002"}],"wp:attachment":[{"href":"https:\/\/dimensionturistica.com\/es\/wp-json\/wp\/v2\/media?parent=1080001"}],"wp:term":[{"taxonomy":"category","embeddable":true,"href":"https:\/\/dimensionturistica.com\/es\/wp-json\/wp\/v2\/categories?post=1080001"},{"taxonomy":"post_tag","embeddable":true,"href":"https:\/\/dimensionturistica.com\/es\/wp-json\/wp\/v2\/tags?post=1080001"}],"curies":[{"name":"wp","href":"https:\/\/api.w.org\/{rel}","templated":true}]}}