{"id":1079928,"date":"2025-11-30T19:27:51","date_gmt":"2025-11-30T19:27:51","guid":{"rendered":"https:\/\/dimensionturistica.com\/es\/?p=1079928"},"modified":"2025-11-30T19:27:51","modified_gmt":"2025-11-30T19:27:51","slug":"las-celebridades-mejor-vestidas-de-la-semana-se-preparan-para-las-fiestas-navidenas","status":"publish","type":"post","link":"https:\/\/dimensionturistica.com\/es\/las-celebridades-mejor-vestidas-de-la-semana-se-preparan-para-las-fiestas-navidenas\/","title":{"rendered":"Las Celebridades Mejor Vestidas de la Semana Se Preparan para las Fiestas Navide\u00f1as"},"content":{"rendered":"<h2>Las Estrellas del Estilo: Un Recorrido por los Atuendos M\u00e1s Impactantes<\/h2>\n<p>La moda se transforma en una de las manifestaciones m\u00e1s poderosas en la cultura contempor\u00e1nea, y las alfombras rojas se convierten en escaparates donde cada paso es un despliegue de creatividad y audacia. Este a\u00f1o, varias celebridades han deslumbrado con sus elecciones de vestuario, convirti\u00e9ndose en referencia de estilo. Te invitamos a descubrir las tendencias que han marcado pauta y el ingenio detr\u00e1s de cada uno de estos looks.<\/p>\n<h3>Tessa Thompson: El Encanto del Clasicismo Moderno<\/h3>\n<p>Tessa Thompson ha capturado la esencia del clasicismo con un giro contempor\u00e1neo. Su elecci\u00f3n por prendas estructuradas y tonos neutros la distingue de la multitud. El uso de texturas ricas y las l\u00edneas limpias en sus atuendos crean un equilibrio perfecto entre elegancia y modernidad. Su estilo es un recordatorio de la belleza que se encuentra en la simplicidad y la sofisticaci\u00f3n.<\/p>\n<h3>Jenna Ortega: Rebelde y Chic<\/h3>\n<p>La joven actriz ha irrumpido en la escena de la moda con su estilo audaz y juguet\u00f3n. Sus looks, que mezclan influencias de los a\u00f1os 90 con toques actuales, la han convertido en un referente para la nueva generaci\u00f3n. Jenna se atreve a experimentar con colores vibrantes y patrones inesperados, mostrando que la moda puede ser tanto una declaraci\u00f3n de individualidad como una forma de arte.<\/p>\n<h3>Anya Taylor-Joy: La Realeza de la Alfombra Roja<\/h3>\n<p>Anya Taylor-Joy ha llevado el concepto de elegancia a otro nivel. Con sus elecciones dram\u00e1ticas y su capacidad para encarnar diferentes eras, se establece como una musa moderna. Sus vestidos, cargados de detalles elaborados y siluetas audaces, no solo cautivan la vista, sino que cuentan una historia. Cada aparici\u00f3n en la alfombra roja es una lecci\u00f3n de c\u00f3mo la moda puede trascender el tiempo.<\/p>\n<h3>El Poder del Color y la Textura<\/h3>\n<p>En este desfile de estilo, una constante ha sido la exploraci\u00f3n del color y la textura. Los tonos pastel y los estampados florales emergen como protagonistas, mientras que las texturas opulentas, como la seda y el terciopelo, ofrecen una sensaci\u00f3n de lujo. Las celebridades est\u00e1n, evidentemente, dispuestas a romper con la monoton\u00eda y abrazar la diversidad est\u00e9tica en sus elecciones.<\/p>\n<h3>Accesorios que Marcan la Diferencia<\/h3>\n<p>No se puede hablar de moda sin considerar los accesorios. Desde joyas con dise\u00f1o contempor\u00e1neo hasta bolsos de marcas emergentes, cada detalle cuenta. Las apuestas por piezas \u00fanicas que complementan el atuendo sin robarle protagonismo son clave para obtener un look integral. Estos peque\u00f1os toques son, a menudo, los que m\u00e1s resuenan en el mundo de la moda.<\/p>\n<h3>La Influencia de las Redes Sociales<\/h3>\n<p>La visibilidad de estos looks se ve amplificada por las redes sociales, donde una imagen puede volverse viral en minutos. Las celebridades sacan el m\u00e1ximo provecho de estas plataformas para mostrar su estilo personal y conectar con una audiencia global. La moda se convierte en un di\u00e1logo donde cada publicaci\u00f3n puede influir en tendencias futuras.<\/p>\n<h3>Un Legado en Construcci\u00f3n<\/h3>\n<p>Cada presentaci\u00f3n en la alfombra roja no solo es un momento de moda; es parte de un legado en construcci\u00f3n. Las elecciones de vestuario de estas estrellas est\u00e1n configurando lo que consideramos elegante y moderno, desdibujando las l\u00edneas entre la moda y la autoexpresi\u00f3n. Con cada vestido, cada accesorio y cada detalle, est\u00e1n definiendo el futuro del estilo.<\/p>\n<p>La moda, en su esencia, es un reflejo de qui\u00e9nes somos y de c\u00f3mo queremos ser percibidos. Las elecciones de estilo de estas figuras ic\u00f3nicas no solo capturan la atenci\u00f3n, sino que tambi\u00e9n inspiran a millones a explorar su propia relaci\u00f3n con la moda. Con cada nueva aparici\u00f3n, el espect\u00e1culo contin\u00faa, y la anticipaci\u00f3n por lo que vendr\u00e1 apenas comienza.<\/p>\n<p><em> &#8221; Fuentes www.vogue.com &#8221; <\/em><\/p>\n","protected":false},"excerpt":{"rendered":"<p>Las Estrellas del Estilo: Un Recorrido por los Atuendos M\u00e1s Impactantes La moda se transforma en una de las manifestaciones m\u00e1s poderosas en la cultura contempor\u00e1nea, y las alfombras rojas se convierten en escaparates donde cada paso es un despliegue de creatividad y audacia. Este a\u00f1o, varias celebridades han deslumbrado con sus elecciones de vestuario, [&hellip;]<\/p>\n","protected":false},"author":14,"featured_media":1079929,"comment_status":"open","ping_status":"closed","sticky":false,"template":"","format":"standard","meta":{"om_disable_all_campaigns":false,"jnews-multi-image_gallery":[],"jnews_single_post":[],"jnews_primary_category":[],"jnews_social_meta":[],"footnotes":""},"categories":[144872],"tags":[198562,237,166,256891,165,52943,372,6194,7816],"class_list":["post-1079928","post","type-post","status-publish","format-standard","has-post-thumbnail","hentry","category-fashion","tag-best-dressed","tag-celebrity","tag-fashion","tag-holiday-parties","tag-red-carpet","tag-stars","tag-style","tag-trends","tag-week"],"_links":{"self":[{"href":"https:\/\/dimensionturistica.com\/es\/wp-json\/wp\/v2\/posts\/1079928","targetHints":{"allow":["GET"]}}],"collection":[{"href":"https:\/\/dimensionturistica.com\/es\/wp-json\/wp\/v2\/posts"}],"about":[{"href":"https:\/\/dimensionturistica.com\/es\/wp-json\/wp\/v2\/types\/post"}],"author":[{"embeddable":true,"href":"https:\/\/dimensionturistica.com\/es\/wp-json\/wp\/v2\/users\/14"}],"replies":[{"embeddable":true,"href":"https:\/\/dimensionturistica.com\/es\/wp-json\/wp\/v2\/comments?post=1079928"}],"version-history":[{"count":1,"href":"https:\/\/dimensionturistica.com\/es\/wp-json\/wp\/v2\/posts\/1079928\/revisions"}],"predecessor-version":[{"id":1079930,"href":"https:\/\/dimensionturistica.com\/es\/wp-json\/wp\/v2\/posts\/1079928\/revisions\/1079930"}],"wp:featuredmedia":[{"embeddable":true,"href":"https:\/\/dimensionturistica.com\/es\/wp-json\/wp\/v2\/media\/1079929"}],"wp:attachment":[{"href":"https:\/\/dimensionturistica.com\/es\/wp-json\/wp\/v2\/media?parent=1079928"}],"wp:term":[{"taxonomy":"category","embeddable":true,"href":"https:\/\/dimensionturistica.com\/es\/wp-json\/wp\/v2\/categories?post=1079928"},{"taxonomy":"post_tag","embeddable":true,"href":"https:\/\/dimensionturistica.com\/es\/wp-json\/wp\/v2\/tags?post=1079928"}],"curies":[{"name":"wp","href":"https:\/\/api.w.org\/{rel}","templated":true}]}}