{"id":1079903,"date":"2025-11-30T17:47:06","date_gmt":"2025-11-30T17:47:06","guid":{"rendered":"https:\/\/dimensionturistica.com\/es\/?p=1079903"},"modified":"2025-11-30T17:47:06","modified_gmt":"2025-11-30T17:47:06","slug":"inicia-la-temporada-de-avistamiento-de-tiburon-ballena-en-la-paz-baja-california-sur","status":"publish","type":"post","link":"https:\/\/dimensionturistica.com\/es\/inicia-la-temporada-de-avistamiento-de-tiburon-ballena-en-la-paz-baja-california-sur\/","title":{"rendered":"Inicia la temporada de Avistamiento de Tibur\u00f3n Ballena en La Paz, Baja California Sur"},"content":{"rendered":"\n<figure class=\"wp-block-gallery has-nested-images columns-default is-cropped wp-block-gallery-1 is-layout-flex wp-block-gallery-is-layout-flex\">\n<figure class=\"wp-block-image size-large\"><img decoding=\"async\" width=\"500\" height=\"82\" data-id=\"1079904\" src=\"https:\/\/dimensionturistica.com\/es\/wp-content\/uploads\/2025\/11\/1PAZ.jpg\" alt=\"\" class=\"wp-image-1079904\" srcset=\"https:\/\/dimensionturistica.com\/es\/wp-content\/uploads\/2025\/11\/1PAZ.jpg 500w, https:\/\/dimensionturistica.com\/es\/wp-content\/uploads\/2025\/11\/1PAZ-300x49.jpg 300w\" sizes=\"(max-width: 500px) 100vw, 500px\" \/><\/figure>\n<\/figure>\n\n\n\n<p>La Comisi\u00f3n Nacional de \u00c1reas Naturales Protegidas, junto con SEMARNAT, anunci\u00f3 que la temporada de Avistamiento de Tibur\u00f3n Ballena 2025-2026 ha iniciado oficialmente en La Paz, Baja California Sur.<\/p>\n\n\n\n<p>Con la llegada del invierno, la calidez de la Bah\u00eda de La Paz anuncia el retorno del majestuoso tibur\u00f3n ballena, atra\u00eddo por la abundancia de alimento y por las condiciones de protecci\u00f3n natural que lo hacen sentir en un refugio seguro.<\/p>\n\n\n\n<figure class=\"wp-block-gallery has-nested-images columns-default is-cropped wp-block-gallery-2 is-layout-flex wp-block-gallery-is-layout-flex\">\n<figure class=\"wp-block-image size-large\"><img decoding=\"async\" width=\"500\" height=\"298\" data-id=\"1079905\" src=\"https:\/\/dimensionturistica.com\/es\/wp-content\/uploads\/2025\/11\/3PAZ.jpg\" alt=\"\" class=\"wp-image-1079905\" srcset=\"https:\/\/dimensionturistica.com\/es\/wp-content\/uploads\/2025\/11\/3PAZ.jpg 500w, https:\/\/dimensionturistica.com\/es\/wp-content\/uploads\/2025\/11\/3PAZ-300x179.jpg 300w\" sizes=\"(max-width: 500px) 100vw, 500px\" \/><\/figure>\n<\/figure>\n\n\n\n<p>Estas caracter\u00edsticas no s\u00f3lo atraen a los tiburones ballena, sino tambi\u00e9n a viajeros que buscan experiencias aut\u00e9nticas y responsables en la naturaleza. La Paz se distingue por operar bajo regulaciones estrictas para la interacci\u00f3n con esta especie, lo que garantiza que los tours se realicen con el menor impacto posible.<\/p>\n\n\n\n<p>El Fideicomiso de Turismo de La Paz (FITUPAZ), organismo encargado de promocionar, posicionar y fortalecer el turismo en el destino en estrecha colaboraci\u00f3n, con la comunidad y la industria, recomienda elegir tours certificados que cuenten con bi\u00f3logos marinos o gu\u00edas capacitados para ofrecer una experiencia segura, educativa y respetuosa, para que el destino crezca de forma responsable y atractiva.<\/p>\n\n\n\n<figure class=\"wp-block-gallery has-nested-images columns-default is-cropped wp-block-gallery-3 is-layout-flex wp-block-gallery-is-layout-flex\">\n<figure class=\"wp-block-image size-large\"><img decoding=\"async\" width=\"500\" height=\"372\" data-id=\"1079906\" src=\"https:\/\/dimensionturistica.com\/es\/wp-content\/uploads\/2025\/11\/11PAZ.png\" alt=\"\" class=\"wp-image-1079906\" srcset=\"https:\/\/dimensionturistica.com\/es\/wp-content\/uploads\/2025\/11\/11PAZ.png 500w, https:\/\/dimensionturistica.com\/es\/wp-content\/uploads\/2025\/11\/11PAZ-300x223.png 300w\" sizes=\"(max-width: 500px) 100vw, 500px\" \/><\/figure>\n<\/figure>\n\n\n\n<p>Los tours no s\u00f3lo ofrecen acercamiento f\u00edsico, sino tambi\u00e9n un contacto genuino con la vida marina. Los gu\u00edas explican la biolog\u00eda del tibur\u00f3n ballena, su mecanismo de alimentaci\u00f3n por filtraci\u00f3n y su importancia en el ecosistema. Todo esto con la finalidad de que los visitantes conozcan a estos gigantes marinos y desarrollen una conciencia de conservaci\u00f3n y respeto.<\/p>\n\n\n\n<p>La temporada del tibur\u00f3n ballena es un pilar del turismo en La Paz, ya que genera derrama econ\u00f3mica en servicios clave como embarcaciones, gu\u00edas, hospedaje, alimentaci\u00f3n y tours. Adem\u00e1s, impulsa el crecimiento de operadores tur\u00edsticos comprometidos con la conservaci\u00f3n y con las buenas pr\u00e1cticas ambientales.<\/p>\n\n\n\n<p>Este a\u00f1o, desde las autoridades y prestadores de servicios hacen un llamado especial a la responsabilidad ambiental, invitando a los turistas a respetar las indicaciones de los gu\u00edas: mantener la distancia, no tocar a los tiburones y seguir los protocolos establecidos.<\/p>\n\n\n\n<p>La llegada del tibur\u00f3n ballena marca no s\u00f3lo una temporada tur\u00edstica, sino un recordatorio del privilegio de compartir el mar con una de las especies m\u00e1s extraordinarias del planeta. La Paz invita a vivir esta experiencia con responsabilidad, asombro y profundo respeto por la vida marina.<\/p>\n","protected":false},"excerpt":{"rendered":"<p>La Comisi\u00f3n Nacional de \u00c1reas Naturales Protegidas, junto con SEMARNAT, anunci\u00f3 que la temporada de Avistamiento de Tibur\u00f3n Ballena 2025-2026 ha iniciado oficialmente en La Paz, Baja California Sur. Con la llegada del invierno, la calidez de la Bah\u00eda de La Paz anuncia el retorno del majestuoso tibur\u00f3n ballena, atra\u00eddo por la abundancia de alimento [&hellip;]<\/p>\n","protected":false},"author":1,"featured_media":0,"comment_status":"open","ping_status":"closed","sticky":false,"template":"","format":"standard","meta":{"om_disable_all_campaigns":false,"jnews-multi-image_gallery":[],"jnews_single_post":[],"jnews_primary_category":[],"jnews_social_meta":[],"footnotes":""},"categories":[39],"tags":[],"class_list":["post-1079903","post","type-post","status-publish","format-standard","hentry","category-viajes"],"_links":{"self":[{"href":"https:\/\/dimensionturistica.com\/es\/wp-json\/wp\/v2\/posts\/1079903","targetHints":{"allow":["GET"]}}],"collection":[{"href":"https:\/\/dimensionturistica.com\/es\/wp-json\/wp\/v2\/posts"}],"about":[{"href":"https:\/\/dimensionturistica.com\/es\/wp-json\/wp\/v2\/types\/post"}],"author":[{"embeddable":true,"href":"https:\/\/dimensionturistica.com\/es\/wp-json\/wp\/v2\/users\/1"}],"replies":[{"embeddable":true,"href":"https:\/\/dimensionturistica.com\/es\/wp-json\/wp\/v2\/comments?post=1079903"}],"version-history":[{"count":1,"href":"https:\/\/dimensionturistica.com\/es\/wp-json\/wp\/v2\/posts\/1079903\/revisions"}],"predecessor-version":[{"id":1079907,"href":"https:\/\/dimensionturistica.com\/es\/wp-json\/wp\/v2\/posts\/1079903\/revisions\/1079907"}],"wp:attachment":[{"href":"https:\/\/dimensionturistica.com\/es\/wp-json\/wp\/v2\/media?parent=1079903"}],"wp:term":[{"taxonomy":"category","embeddable":true,"href":"https:\/\/dimensionturistica.com\/es\/wp-json\/wp\/v2\/categories?post=1079903"},{"taxonomy":"post_tag","embeddable":true,"href":"https:\/\/dimensionturistica.com\/es\/wp-json\/wp\/v2\/tags?post=1079903"}],"curies":[{"name":"wp","href":"https:\/\/api.w.org\/{rel}","templated":true}]}}