{"id":1079894,"date":"2025-11-30T17:32:08","date_gmt":"2025-11-30T17:32:08","guid":{"rendered":"https:\/\/dimensionturistica.com\/es\/?p=1079894"},"modified":"2025-11-30T17:32:08","modified_gmt":"2025-11-30T17:32:08","slug":"un-momento-historico-para-el-padel-celebra-ignacio-soto-borja-el-avance-internacional-logrado-en-mexico","status":"publish","type":"post","link":"https:\/\/dimensionturistica.com\/es\/un-momento-historico-para-el-padel-celebra-ignacio-soto-borja-el-avance-internacional-logrado-en-mexico\/","title":{"rendered":"Un Momento Hist\u00f3rico para el P\u00e1del. Celebra Ignacio Soto Borja, el avance internacional logrado en M\u00e9xico"},"content":{"rendered":"\n<figure class=\"wp-block-gallery has-nested-images columns-default is-cropped wp-block-gallery-1 is-layout-flex wp-block-gallery-is-layout-flex\">\n<figure class=\"wp-block-image size-large\"><img decoding=\"async\" width=\"504\" height=\"252\" data-id=\"1079895\" src=\"https:\/\/dimensionturistica.com\/es\/wp-content\/uploads\/2025\/11\/1PADEL.jpg\" alt=\"\" class=\"wp-image-1079895\" srcset=\"https:\/\/dimensionturistica.com\/es\/wp-content\/uploads\/2025\/11\/1PADEL.jpg 504w, https:\/\/dimensionturistica.com\/es\/wp-content\/uploads\/2025\/11\/1PADEL-300x150.jpg 300w, https:\/\/dimensionturistica.com\/es\/wp-content\/uploads\/2025\/11\/1PADEL-360x180.jpg 360w\" sizes=\"(max-width: 504px) 100vw, 504px\" \/><\/figure>\n<\/figure>\n\n\n\n<p>En un momento decisivo para la expansi\u00f3n global del p\u00e1del, Ignacio Soto Borja, Co-Fundador del P\u00e1del y autor de La Historia Oficial del P\u00e1del, reconoci\u00f3 el liderazgo de Jorge Ma\u00f1e, presidente de la Federaci\u00f3n Mexicana de P\u00e1del (FEMEPA) . Soto Borja destac\u00f3 su impulso y capacidad de gesti\u00f3n, fundamentales para la realizaci\u00f3n del M\u00e9xico Major Acapulco y, especialmente, para lograr un acontecimiento sin precedentes: la primera celebraci\u00f3n en M\u00e9xico de la Asamblea General de la Federaci\u00f3n Internacional de P\u00e1del (FIP.<\/p>\n\n\n\n<p>Este hecho marca un momento hist\u00f3rico para el p\u00e1del: durante la 35\u00aa Asamblea General de la FIP , la organizaci\u00f3n alcanz\u00f3 las 100 federaciones afiliadas , tras la incorporaci\u00f3n de 14 nuevas naciones. La reuni\u00f3n congreg\u00f3 a 100 presidentes de federaciones de todo el mundo, consolidando a Acapulco como un referente internacional del deporte.<\/p>\n\n\n\n<p>Soto Borja subray\u00f3 que este logro refleja la madurez institucional que el deporte ha alcanzado en M\u00e9xico, un camino que se ha construido durante d\u00e9cadas. Record\u00f3 su propio recorrido desde los inicios del p\u00e1del: su labor como Co-Fundador del deporte, la constituci\u00f3n de la Federaci\u00f3n Mexicana de P\u00e1del (FEMEPA) as\u00ed como su papel como Vicepresidente de la Federaci\u00f3n Internacional de P\u00e1del, etapas que sentaron las bases para la estructura global que hoy permite dar pasos firmes hacia un objetivo hist\u00f3rico: el reconocimiento del p\u00e1del como deporte ol\u00edmpico.<\/p>\n\n\n\n<figure class=\"wp-block-gallery has-nested-images columns-default is-cropped wp-block-gallery-2 is-layout-flex wp-block-gallery-is-layout-flex\">\n<figure class=\"wp-block-image size-large\"><img decoding=\"async\" width=\"500\" height=\"392\" data-id=\"1079896\" src=\"https:\/\/dimensionturistica.com\/es\/wp-content\/uploads\/2025\/11\/3PADEL.jpg\" alt=\"\" class=\"wp-image-1079896\" srcset=\"https:\/\/dimensionturistica.com\/es\/wp-content\/uploads\/2025\/11\/3PADEL.jpg 500w, https:\/\/dimensionturistica.com\/es\/wp-content\/uploads\/2025\/11\/3PADEL-300x235.jpg 300w\" sizes=\"(max-width: 500px) 100vw, 500px\" \/><\/figure>\n<\/figure>\n\n\n\n<p>Dentro del marco del M\u00e9xico Major Premier Padel , y acompa\u00f1ado de Viviana Corcuera , esposa del creador del P\u00e1del, as\u00ed como de su esposa Carmen Escobar, Soto Borja reiter\u00f3 que la expansi\u00f3n del deporte debe ir acompa\u00f1ado de una responsabilidad central: proteger su reglamento original, documento que en 1992 consolid\u00f3 y registr\u00f3 ante Derechos de Autor para preservar la esencia del deporte creado por Enrique Corcuera. &#8220;Cuando un deporte crece al ritmo del p\u00e1del, es esencial mantener vivas sus ra\u00edces. Respetar las medidas oficiales, las caracter\u00edsticas de la pala y los lineamientos t\u00e9cnicos es lo que garantiza que el juego siga siendo verdaderamente p\u00e1del&#8221;, afirm\u00f3.<\/p>\n\n\n\n<p>Se\u00f1al\u00f3 que las especificaciones t\u00e9cnicas, incluida la dimensi\u00f3n reglamentaria de la cancha de 20 x 10 metros, la estructura patentada de vidrio templado dise\u00f1ada para soportar cargas de impacto, esfuerzos laterales y exigencias de flexi\u00f3n, as\u00ed como la red, las alturas oficiales y las l\u00edneas definidas por la FIP, garantizan condiciones estandarizadas de competencia y niveles avanzados de seguridad para los jugadores. A\u00f1adi\u00f3 que estos par\u00e1metros aseguran la homologaci\u00f3n internacional, requisito indispensable para la consolidaci\u00f3n profesional del deporte.<\/p>\n\n\n\n<p>El M\u00e9xico Major Premier Padel ha demostrado ser un evento clave para consolidar al p\u00e1del en el plano internacional. Adem\u00e1s de reunir a las mejores parejas del mundo, el torneo impulsa la estandarizaci\u00f3n t\u00e9cnica de las canchas, fomenta la inversi\u00f3n en infraestructura deportiva y fortalece la preparaci\u00f3n de jugadores y entrenadores. Todo ello ocurre en un contexto crucial: las v\u00edsperas de la posible inclusi\u00f3n del p\u00e1del como deporte ol\u00edmpico, lo que eleva las exigencias competitivas y los est\u00e1ndares necesarios para organizar eventos de talla global.<\/p>\n\n\n\n<figure class=\"wp-block-gallery has-nested-images columns-default is-cropped wp-block-gallery-3 is-layout-flex wp-block-gallery-is-layout-flex\">\n<figure class=\"wp-block-image size-large\"><img decoding=\"async\" width=\"500\" height=\"302\" data-id=\"1079897\" src=\"https:\/\/dimensionturistica.com\/es\/wp-content\/uploads\/2025\/11\/7PADEL.jpg\" alt=\"\" class=\"wp-image-1079897\" srcset=\"https:\/\/dimensionturistica.com\/es\/wp-content\/uploads\/2025\/11\/7PADEL.jpg 500w, https:\/\/dimensionturistica.com\/es\/wp-content\/uploads\/2025\/11\/7PADEL-300x181.jpg 300w\" sizes=\"(max-width: 500px) 100vw, 500px\" \/><\/figure>\n<\/figure>\n\n\n\n<p>Soto Borja subray\u00f3 que estos avances han sido posibles gracias a la suma de esfuerzos entre la Federaci\u00f3n Internacional de P\u00e1del (FIP), FEMEPA, Mundo Imperial, la Arena GNP y el Gobierno de Acapulco , instituciones que est\u00e1n consolidando una etapa decisiva de posicionamiento para M\u00e9xico, el pa\u00eds donde naci\u00f3 el p\u00e1del.<\/p>\n","protected":false},"excerpt":{"rendered":"<p>En un momento decisivo para la expansi\u00f3n global del p\u00e1del, Ignacio Soto Borja, Co-Fundador del P\u00e1del y autor de La Historia Oficial del P\u00e1del, reconoci\u00f3 el liderazgo de Jorge Ma\u00f1e, presidente de la Federaci\u00f3n Mexicana de P\u00e1del (FEMEPA) . Soto Borja destac\u00f3 su impulso y capacidad de gesti\u00f3n, fundamentales para la realizaci\u00f3n del M\u00e9xico Major [&hellip;]<\/p>\n","protected":false},"author":1,"featured_media":0,"comment_status":"open","ping_status":"closed","sticky":false,"template":"","format":"standard","meta":{"om_disable_all_campaigns":false,"jnews-multi-image_gallery":[],"jnews_single_post":[],"jnews_primary_category":[],"jnews_social_meta":[],"footnotes":""},"categories":[40],"tags":[],"class_list":["post-1079894","post","type-post","status-publish","format-standard","hentry","category-industria"],"_links":{"self":[{"href":"https:\/\/dimensionturistica.com\/es\/wp-json\/wp\/v2\/posts\/1079894","targetHints":{"allow":["GET"]}}],"collection":[{"href":"https:\/\/dimensionturistica.com\/es\/wp-json\/wp\/v2\/posts"}],"about":[{"href":"https:\/\/dimensionturistica.com\/es\/wp-json\/wp\/v2\/types\/post"}],"author":[{"embeddable":true,"href":"https:\/\/dimensionturistica.com\/es\/wp-json\/wp\/v2\/users\/1"}],"replies":[{"embeddable":true,"href":"https:\/\/dimensionturistica.com\/es\/wp-json\/wp\/v2\/comments?post=1079894"}],"version-history":[{"count":1,"href":"https:\/\/dimensionturistica.com\/es\/wp-json\/wp\/v2\/posts\/1079894\/revisions"}],"predecessor-version":[{"id":1079898,"href":"https:\/\/dimensionturistica.com\/es\/wp-json\/wp\/v2\/posts\/1079894\/revisions\/1079898"}],"wp:attachment":[{"href":"https:\/\/dimensionturistica.com\/es\/wp-json\/wp\/v2\/media?parent=1079894"}],"wp:term":[{"taxonomy":"category","embeddable":true,"href":"https:\/\/dimensionturistica.com\/es\/wp-json\/wp\/v2\/categories?post=1079894"},{"taxonomy":"post_tag","embeddable":true,"href":"https:\/\/dimensionturistica.com\/es\/wp-json\/wp\/v2\/tags?post=1079894"}],"curies":[{"name":"wp","href":"https:\/\/api.w.org\/{rel}","templated":true}]}}