{"id":1079844,"date":"2025-11-30T12:49:07","date_gmt":"2025-11-30T12:49:07","guid":{"rendered":"https:\/\/dimensionturistica.com\/es\/?p=1079844"},"modified":"2025-11-30T12:49:07","modified_gmt":"2025-11-30T12:49:07","slug":"daniel-noboa-supera-los-20-viajes-en-2025-analistas-advierten-que-su-enfoque-internacional-esta-descontrolando-el-ambito-politico","status":"publish","type":"post","link":"https:\/\/dimensionturistica.com\/es\/daniel-noboa-supera-los-20-viajes-en-2025-analistas-advierten-que-su-enfoque-internacional-esta-descontrolando-el-ambito-politico\/","title":{"rendered":"Daniel Noboa supera los 20 viajes en 2025: analistas advierten que su enfoque internacional est\u00e1 descontrolando el \u00e1mbito pol\u00edtico."},"content":{"rendered":"<h3>Explorando el mundo en tiempos de cambio: La traves\u00eda internacional de los l\u00edderes pol\u00edticos<\/h3>\n<p>En un mundo cada vez m\u00e1s interconectado, los viajes de l\u00edderes pol\u00edticos no solo son una herramienta de diplomacia, sino tambi\u00e9n una forma de proyectar una imagen de fortaleza y compromiso ante el escenario global. En este contexto, el reciente itinerario de un destacado pol\u00edtico ecuatoriano ha suscitado tanto admiraci\u00f3n como cr\u00edticas.<\/p>\n<p>En lo que va de 2025, este l\u00edder ha superado ya la veintena de viajes al extranjero, un hecho que refleja no solo una intensa agenda internacional, sino tambi\u00e9n la necesidad de posicionarse en un mundo repleto de desaf\u00edos y oportunidades. Cada viaje es una puerta abierta a nuevas alianzas, negociaciones y la posibilidad de atraer inversiones, elementos vitales para fortalecer su pa\u00eds en un entorno global competitivo.<\/p>\n<p>Sin embargo, con cada paso fuera de sus fronteras, crecen las voces cr\u00edticas que advierten sobre los riesgos asociados a una agenda internacional tan activa. Los expertos se\u00f1alan que, aunque el intercambio cultural y pol\u00edtico es fundamental, el descontrol en la gesti\u00f3n de estos viajes puede resultar en un impacto negativo en la pol\u00edtica interna. El equilibrio entre representar al pa\u00eds en el extranjero y atender las necesidades locales es delicado y puede desdibujar el enfoque del liderazgo.<\/p>\n<p>Los viajes internacionales ofrecen la oportunidad de mostrar no solo la cultura y el potencial del pa\u00eds, sino tambi\u00e9n la capacidad de su l\u00edder para mantener el rumbo en tiempos de incertidumbre. De hecho, mientras algunos abogan por un acercamiento a naciones clave, otros cuestionan la efectividad de este enfoque en la gesti\u00f3n de desaf\u00edos locales, como la econom\u00eda y la seguridad.<\/p>\n<p>Cada destino visitado trae consigo un trasfondo cultural y pol\u00edtico \u00fanico, lo que a\u00f1ade una dimensi\u00f3n interesante a los discursos y las decisiones que se toman en el camino. La percepci\u00f3n que el l\u00edder genera en el extranjero puede influir significativamente en c\u00f3mo es visto en casa, creando una dualidad que merece ser explorada.<\/p>\n<p>En este escenario, el turismo se convierte en un factor crucial. Las conexiones que se establecen durante estas visitas no solo promueven el intercambio comercial, sino que tambi\u00e9n abren las puertas a la llegada de turistas, ansiosos por descubrir un pa\u00eds que, quiz\u00e1s, ven reflejado en las acciones de su l\u00edder. As\u00ed, cada viaje se convierte en un hilo que teje un tapiz complejo de relaciones internacionales y desarrollo econ\u00f3mico.<\/p>\n<p>La clave, sin embargo, radica en mantener un enfoque equilibrado que no solo mire hacia afuera, sino que tambi\u00e9n preste atenci\u00f3n a las demandas y aspiraciones de la poblaci\u00f3n local. Una estrategia que promueva el turismo, la inversi\u00f3n y la representaci\u00f3n internacional al mismo tiempo que responde a las necesidades internas puede ser la receta para un \u00e9xito duradero.<\/p>\n<p>En este nuevo orden mundial, donde la movilidad y la interacci\u00f3n son m\u00e1s esenciales que nunca, los l\u00edderes deben navegar con cuidado, conscientes de que cada paso es mirado y analizado por sus ciudadanos. La historia del l\u00edder ecuatoriano es un claro recordatorio de que el arte de viajar no solo reside en la distancia recorrida, sino en la riqueza de conexiones que se forjan en el camino. As\u00ed, la cultura de un pa\u00eds se expande m\u00e1s all\u00e1 de sus fronteras, y el viaje se transforma en un viaje hacia el futuro colectivo.<\/p>\n<p><em> &#8221; Fuentes www.eluniverso.com &#8221; <\/em><\/p>\n","protected":false},"excerpt":{"rendered":"<p>Explorando el mundo en tiempos de cambio: La traves\u00eda internacional de los l\u00edderes pol\u00edticos En un mundo cada vez m\u00e1s interconectado, los viajes de l\u00edderes pol\u00edticos no solo son una herramienta de diplomacia, sino tambi\u00e9n una forma de proyectar una imagen de fortaleza y compromiso ante el escenario global. En este contexto, el reciente itinerario [&hellip;]<\/p>\n","protected":false},"author":4,"featured_media":1079845,"comment_status":"open","ping_status":"closed","sticky":false,"template":"","format":"standard","meta":{"om_disable_all_campaigns":false,"jnews-multi-image_gallery":[],"jnews_single_post":[],"jnews_primary_category":[],"jnews_social_meta":[],"footnotes":""},"categories":[39],"tags":[27305,6271,258546,134841,193693,5424,705,546,545],"class_list":["post-1079844","post","type-post","status-publish","format-standard","has-post-thumbnail","hentry","category-viajes","tag-27305","tag-alerta","tag-control-politico","tag-daniel-noboa","tag-estrategia-internacional","tag-expertos","tag-noticias","tag-politica","tag-viajes"],"_links":{"self":[{"href":"https:\/\/dimensionturistica.com\/es\/wp-json\/wp\/v2\/posts\/1079844","targetHints":{"allow":["GET"]}}],"collection":[{"href":"https:\/\/dimensionturistica.com\/es\/wp-json\/wp\/v2\/posts"}],"about":[{"href":"https:\/\/dimensionturistica.com\/es\/wp-json\/wp\/v2\/types\/post"}],"author":[{"embeddable":true,"href":"https:\/\/dimensionturistica.com\/es\/wp-json\/wp\/v2\/users\/4"}],"replies":[{"embeddable":true,"href":"https:\/\/dimensionturistica.com\/es\/wp-json\/wp\/v2\/comments?post=1079844"}],"version-history":[{"count":1,"href":"https:\/\/dimensionturistica.com\/es\/wp-json\/wp\/v2\/posts\/1079844\/revisions"}],"predecessor-version":[{"id":1079846,"href":"https:\/\/dimensionturistica.com\/es\/wp-json\/wp\/v2\/posts\/1079844\/revisions\/1079846"}],"wp:featuredmedia":[{"embeddable":true,"href":"https:\/\/dimensionturistica.com\/es\/wp-json\/wp\/v2\/media\/1079845"}],"wp:attachment":[{"href":"https:\/\/dimensionturistica.com\/es\/wp-json\/wp\/v2\/media?parent=1079844"}],"wp:term":[{"taxonomy":"category","embeddable":true,"href":"https:\/\/dimensionturistica.com\/es\/wp-json\/wp\/v2\/categories?post=1079844"},{"taxonomy":"post_tag","embeddable":true,"href":"https:\/\/dimensionturistica.com\/es\/wp-json\/wp\/v2\/tags?post=1079844"}],"curies":[{"name":"wp","href":"https:\/\/api.w.org\/{rel}","templated":true}]}}