{"id":1079679,"date":"2025-11-29T21:20:35","date_gmt":"2025-11-29T21:20:35","guid":{"rendered":"https:\/\/dimensionturistica.com\/es\/?p=1079679"},"modified":"2025-11-29T21:20:35","modified_gmt":"2025-11-29T21:20:35","slug":"ado-presenta-en-merida-su-nueva-generacion-de-autobuses-de-lujo-con-los-que-impulsa-la-movilidad-en-la-peninsula-de-yucatan","status":"publish","type":"post","link":"https:\/\/dimensionturistica.com\/es\/ado-presenta-en-merida-su-nueva-generacion-de-autobuses-de-lujo-con-los-que-impulsa-la-movilidad-en-la-peninsula-de-yucatan\/","title":{"rendered":"ADO presenta en M\u00e9rida su nueva generaci\u00f3n de autobuses de lujo con los que impulsa la movilidad en la pen\u00ednsula de Yucat\u00e1n"},"content":{"rendered":"\n<figure class=\"wp-block-gallery has-nested-images columns-default is-cropped wp-block-gallery-1 is-layout-flex wp-block-gallery-is-layout-flex\"><\/figure>\n\n\n\n<figure class=\"wp-block-gallery has-nested-images columns-default is-cropped wp-block-gallery-2 is-layout-flex wp-block-gallery-is-layout-flex\"><\/figure>\n\n\n\n<figure class=\"wp-block-gallery has-nested-images columns-default is-cropped wp-block-gallery-3 is-layout-flex wp-block-gallery-is-layout-flex\">\n<figure class=\"wp-block-image size-large\"><img decoding=\"async\" width=\"500\" height=\"342\" data-id=\"1079680\" src=\"https:\/\/dimensionturistica.com\/es\/wp-content\/uploads\/2025\/11\/6ADO.jpg\" alt=\"\" class=\"wp-image-1079680\" srcset=\"https:\/\/dimensionturistica.com\/es\/wp-content\/uploads\/2025\/11\/6ADO.jpg 500w, https:\/\/dimensionturistica.com\/es\/wp-content\/uploads\/2025\/11\/6ADO-300x205.jpg 300w\" sizes=\"(max-width: 500px) 100vw, 500px\" \/><\/figure>\n<\/figure>\n\n\n\n<p>ADO, empresa l\u00edder en transporte terrestre de pasajeros, avanza en la renovaci\u00f3n de su flota de lujo anunciada por primera vez en julio pasado en la Ciudad de M\u00e9xico. Esta iniciativa forma parte de una inversi\u00f3n superior a los 2 mil millones de pesos destinada a incorporar 303 nuevas unidades de los servicios Platino y Gran Lujo (GL). Hoy este proceso de modernizaci\u00f3n llega a M\u00e9rida para fortalecer la movilidad y elevar la experiencia de viaje en el sur del pa\u00eds.<\/p>\n\n\n\n<p>La renovaci\u00f3n contempla 83 unidades para Platino y 220 para Gran Lujo. En la regi\u00f3n de la pen\u00ednsula ya circula m\u00e1s del 85% de las unidades previstas para este corredor y se prev\u00e9 que para el 3 de diciembre se complete el despliegue total de unidades.<\/p>\n\n\n\n<p>Una vez concluido este proceso, las nuevas unidades fortalecer\u00e1n la movilidad regional entre M\u00e9rida, Canc\u00fan y Playa del Carmen, adem\u00e1s de enlazar a la pen\u00ednsula con los corredores M\u00e9xico\u2013Villahermosa y Villahermosa\u2013M\u00e9rida. Esta operaci\u00f3n renovada llega a una regi\u00f3n que destaca por su alta conectividad, su intensa actividad tur\u00edstica y su creciente movilidad interestatal, convirtiendo a la pen\u00ednsula en un nodo estrat\u00e9gico para el desarrollo econ\u00f3mico del sureste y para atender la demanda de viajeros que buscan un servicio m\u00e1s c\u00f3modo, seguro y moderno de acuerdo con la Secretar\u00eda de Turismo.<\/p>\n\n\n\n<figure class=\"wp-block-gallery has-nested-images columns-default is-cropped wp-block-gallery-4 is-layout-flex wp-block-gallery-is-layout-flex\">\n<figure class=\"wp-block-image size-large\"><img decoding=\"async\" width=\"500\" height=\"333\" data-id=\"1079681\" src=\"https:\/\/dimensionturistica.com\/es\/wp-content\/uploads\/2025\/11\/7ADO.jpg\" alt=\"\" class=\"wp-image-1079681\" srcset=\"https:\/\/dimensionturistica.com\/es\/wp-content\/uploads\/2025\/11\/7ADO.jpg 500w, https:\/\/dimensionturistica.com\/es\/wp-content\/uploads\/2025\/11\/7ADO-300x200.jpg 300w\" sizes=\"(max-width: 500px) 100vw, 500px\" \/><\/figure>\n<\/figure>\n\n\n\n<p>\u201cCon la llegada de esta nueva generaci\u00f3n de autobuses, reafirmamos nuestro compromiso de seguir conectando historias, destinos y oportunidades a trav\u00e9s de un servicio m\u00e1s c\u00f3modo, seguro y moderno. Innovar, servir y acercar es lo que nos mueve, y esta regi\u00f3n seguir\u00e1 siendo un punto de impulso para todo el sureste del pa\u00eds\u201d, expres\u00f3 Carlos Toledo Ram\u00edrez, director de la Divisi\u00f3n Sur de<\/p>\n\n\n\n<p>Platino encabeza esta transformaci\u00f3n con una propuesta de lujo accesible que combina confort y atenci\u00f3n personalizada: asientos tipo cama, pantallas individuales de alta definici\u00f3n, internet satelital y, lo m\u00e1s importante, una experiencia centrada en el pasajero.<\/p>\n\n\n\n<p>Desde la pantalla, los usuarios podr\u00e1n comunicarse directamente con el centro de atenci\u00f3n a clientes HOLA, lo que les permitir\u00e1 canalizar dudas, solicitudes, quejas o sugerencias en tiempo real, reforzando el servicio cercano, \u00e1gil y humano que distingue a ADO.<\/p>\n\n\n\n<p>Por su parte, el servicio GL ofrece una soluci\u00f3n funcional para los viajeros frecuentes, con pantallas individuales compatibles con aud\u00edfonos Bluetooth, puertos USB y el\u00e9ctricos, doble sanitario, aire acondicionado y asientos m\u00e1s amplios con mayor reclinaci\u00f3n.<\/p>\n\n\n\n<figure class=\"wp-block-gallery has-nested-images columns-default is-cropped wp-block-gallery-5 is-layout-flex wp-block-gallery-is-layout-flex\">\n<figure class=\"wp-block-image size-large\"><img decoding=\"async\" width=\"500\" height=\"333\" data-id=\"1079682\" src=\"https:\/\/dimensionturistica.com\/es\/wp-content\/uploads\/2025\/11\/1ADO.jpg\" alt=\"\" class=\"wp-image-1079682\" srcset=\"https:\/\/dimensionturistica.com\/es\/wp-content\/uploads\/2025\/11\/1ADO.jpg 500w, https:\/\/dimensionturistica.com\/es\/wp-content\/uploads\/2025\/11\/1ADO-300x200.jpg 300w\" sizes=\"(max-width: 500px) 100vw, 500px\" \/><\/figure>\n<\/figure>\n\n\n\n<p>La operaci\u00f3n de estas unidades renovadas revitalizar\u00e1 la movilidad diaria en destinos clave como M\u00e9rida, Canc\u00fan, Playa del Carmen, Villahermosa y Ciudad de M\u00e9xico, beneficiando a miles de pasajeros y consolidando al sureste como uno de los corredores tur\u00edsticos y de negocios m\u00e1s importantes del pa\u00eds.<\/p>\n\n\n\n<p>Con esta nueva etapa, ADO reafirma su posici\u00f3n como referente en la industria del transporte terrestre, gracias a su apuesta constante por la innovaci\u00f3n, la calidad y la experiencia del pasajero, elevando el est\u00e1ndar de lo que significa viajar por carretera. Hoy, el confort, el lujo y la exclusividad no son promesas: son una experiencia tangible que avanza, kil\u00f3metro a kil\u00f3metro, por las carreteras del centro, sur y sureste del pa\u00eds.<\/p>\n","protected":false},"excerpt":{"rendered":"<p>ADO, empresa l\u00edder en transporte terrestre de pasajeros, avanza en la renovaci\u00f3n de su flota de lujo anunciada por primera vez en julio pasado en la Ciudad de M\u00e9xico. Esta iniciativa forma parte de una inversi\u00f3n superior a los 2 mil millones de pesos destinada a incorporar 303 nuevas unidades de los servicios Platino y [&hellip;]<\/p>\n","protected":false},"author":1,"featured_media":0,"comment_status":"open","ping_status":"closed","sticky":false,"template":"","format":"standard","meta":{"om_disable_all_campaigns":false,"jnews-multi-image_gallery":[],"jnews_single_post":[],"jnews_primary_category":[],"jnews_social_meta":[],"footnotes":""},"categories":[39],"tags":[],"class_list":["post-1079679","post","type-post","status-publish","format-standard","hentry","category-viajes"],"_links":{"self":[{"href":"https:\/\/dimensionturistica.com\/es\/wp-json\/wp\/v2\/posts\/1079679","targetHints":{"allow":["GET"]}}],"collection":[{"href":"https:\/\/dimensionturistica.com\/es\/wp-json\/wp\/v2\/posts"}],"about":[{"href":"https:\/\/dimensionturistica.com\/es\/wp-json\/wp\/v2\/types\/post"}],"author":[{"embeddable":true,"href":"https:\/\/dimensionturistica.com\/es\/wp-json\/wp\/v2\/users\/1"}],"replies":[{"embeddable":true,"href":"https:\/\/dimensionturistica.com\/es\/wp-json\/wp\/v2\/comments?post=1079679"}],"version-history":[{"count":1,"href":"https:\/\/dimensionturistica.com\/es\/wp-json\/wp\/v2\/posts\/1079679\/revisions"}],"predecessor-version":[{"id":1079683,"href":"https:\/\/dimensionturistica.com\/es\/wp-json\/wp\/v2\/posts\/1079679\/revisions\/1079683"}],"wp:attachment":[{"href":"https:\/\/dimensionturistica.com\/es\/wp-json\/wp\/v2\/media?parent=1079679"}],"wp:term":[{"taxonomy":"category","embeddable":true,"href":"https:\/\/dimensionturistica.com\/es\/wp-json\/wp\/v2\/categories?post=1079679"},{"taxonomy":"post_tag","embeddable":true,"href":"https:\/\/dimensionturistica.com\/es\/wp-json\/wp\/v2\/tags?post=1079679"}],"curies":[{"name":"wp","href":"https:\/\/api.w.org\/{rel}","templated":true}]}}