{"id":1079659,"date":"2025-11-29T20:50:21","date_gmt":"2025-11-29T20:50:21","guid":{"rendered":"https:\/\/dimensionturistica.com\/es\/?p=1079659"},"modified":"2025-11-29T20:50:21","modified_gmt":"2025-11-29T20:50:21","slug":"exito-total-el-festival-del-pulpo-2025-dejo-una-exquisita-experiencia-de-sabor-y-tradicion-a-quienes-asistieron-a-rio-lagartos-el-21-y-22-de-noviembre","status":"publish","type":"post","link":"https:\/\/dimensionturistica.com\/es\/exito-total-el-festival-del-pulpo-2025-dejo-una-exquisita-experiencia-de-sabor-y-tradicion-a-quienes-asistieron-a-rio-lagartos-el-21-y-22-de-noviembre\/","title":{"rendered":"\u00c9xito total! El Festival del Pulpo 2025 dej\u00f3 una exquisita experiencia de sabor y tradici\u00f3n a quienes asistieron a R\u00edo Lagartos el 21 y 22 de noviembre"},"content":{"rendered":"\n<figure class=\"wp-block-gallery has-nested-images columns-default is-cropped wp-block-gallery-1 is-layout-flex wp-block-gallery-is-layout-flex\">\n<figure class=\"wp-block-image size-large\"><img decoding=\"async\" width=\"468\" height=\"180\" data-id=\"1079661\" src=\"https:\/\/dimensionturistica.com\/es\/wp-content\/uploads\/2025\/11\/LAGA.jpg\" alt=\"\" class=\"wp-image-1079661\" srcset=\"https:\/\/dimensionturistica.com\/es\/wp-content\/uploads\/2025\/11\/LAGA.jpg 468w, https:\/\/dimensionturistica.com\/es\/wp-content\/uploads\/2025\/11\/LAGA-300x115.jpg 300w\" sizes=\"(max-width: 468px) 100vw, 468px\" \/><\/figure>\n<\/figure>\n\n\n\n<p>La Asociaci\u00f3n de Hoteles y Restaurantes de R\u00edo Lagartos celebr\u00f3 con gran \u00e9xito el Festival del Pulpo 2025, realiz\u00f3 los d\u00edas 21 y 22 de noviembre en el malec\u00f3n del hermoso puerto.<\/p>\n\n\n\n<p>El objetivo principal de este evento fue promocionar el destino tur\u00edstico de R\u00edo Lagartos, destacando su rica gastronom\u00eda, la cultura local y fomentando la conciencia sobre la importancia de la pesca responsable y la conservaci\u00f3n del medio ambiente.<\/p>\n\n\n\n<figure class=\"wp-block-gallery has-nested-images columns-default is-cropped wp-block-gallery-2 is-layout-flex wp-block-gallery-is-layout-flex\">\n<figure class=\"wp-block-image size-large\"><img decoding=\"async\" width=\"500\" height=\"741\" data-id=\"1079663\" src=\"https:\/\/dimensionturistica.com\/es\/wp-content\/uploads\/2025\/11\/2PULPO.jpg\" alt=\"\" class=\"wp-image-1079663\" srcset=\"https:\/\/dimensionturistica.com\/es\/wp-content\/uploads\/2025\/11\/2PULPO.jpg 500w, https:\/\/dimensionturistica.com\/es\/wp-content\/uploads\/2025\/11\/2PULPO-202x300.jpg 202w\" sizes=\"(max-width: 500px) 100vw, 500px\" \/><\/figure>\n<\/figure>\n\n\n\n<p>\u201cEstamos orgullosos de haber logrado este objetivo, gracias a la participaci\u00f3n y compromiso de todos los involucrados. El Festival del Pulpo 2025 fue un \u00e9xito rotundo,m\u00e1s de 40 expositores entre restaurantes, artesanos y patrocinadores, m\u00e1s de 1,250 visitantes por d\u00eda, la presencia de m\u00e1s de 15 periodistas de medios estatales, nacionales e internacionales, y la visita de turistas de Inglaterra, Canad\u00e1, Estados Unidos, as\u00ed como de M\u00e9xico de los estados de Nuevo Le\u00f3n, Estado de M\u00e9xico, Sinaloa, CDMX, Yucat\u00e1n y Quintana Roo. De acuerdo a los reportes y estad\u00edsticas de los asociados el destino registr\u00f3 m\u00e1s de 80% de ocupaci\u00f3n\u201d, expres\u00f3 Elena Conde, Presidenta de la Asociaci\u00f3n de Hoteles y Resturantes d R\u00edo Lagartos.<\/p>\n\n\n\n<p>El programa del Festival del Pulpo incluy\u00f3 actividades y eventos destacados como lo son: pl\u00e1ticas de pesca responsable, paneles de historias del mar, m\u00fasica en vivo, mercado gastron\u00f3mico con productos locales y artesanales, serenata bajo las estrellas, fiesta tem\u00e1tica<\/p>\n\n\n\n<figure class=\"wp-block-gallery has-nested-images columns-default is-cropped wp-block-gallery-3 is-layout-flex wp-block-gallery-is-layout-flex\">\n<figure class=\"wp-block-image size-large\"><img decoding=\"async\" width=\"500\" height=\"515\" data-id=\"1079664\" src=\"https:\/\/dimensionturistica.com\/es\/wp-content\/uploads\/2025\/11\/6PULPO.jpg\" alt=\"\" class=\"wp-image-1079664\" srcset=\"https:\/\/dimensionturistica.com\/es\/wp-content\/uploads\/2025\/11\/6PULPO.jpg 500w, https:\/\/dimensionturistica.com\/es\/wp-content\/uploads\/2025\/11\/6PULPO-291x300.jpg 291w\" sizes=\"(max-width: 500px) 100vw, 500px\" \/><\/figure>\n<\/figure>\n\n\n\n<p>Bajo el Mar&amp;quot;. Una novedad fue el Pasaporte Gastron\u00f3mico, que fue gratuito para los asistentes, mismos que recolectaron sellos de visita en los establecimientos participantes y que canjearon por premios al final de su visita.<\/p>\n\n\n\n<p>Para cerrar con broche de oro se organiz\u00f3 una comida preparada por el Chef Xavi P\u00e9rez Stone reconocido con distintos galardones a nivel nacional e internacional y quien fungi\u00f3 como embajador del evento.<\/p>\n\n\n\n<p>Para culminar Elena Conde mencion\u00f3: \u201cAgradecemos a todos los que se unieron a nosotros para celebrar la riqueza gastron\u00f3mica de nuestra regi\u00f3n, especialmente al Gobierno Estatal y Municipal por su apoyo y contribuci\u00f3n. Gracias a todos los que hicieron posible este festival restaurantes, hoteles, artesanos, un gran equipo sin igual. A nuestros patrocinadores y participantes, su confianza fue esencial\u201d.<\/p>\n\n\n\n<p>La Asociaci\u00f3n de Hoteles y Restaurantes ya prepar\u00e1 el Festival del Pulpo 2026.<\/p>\n","protected":false},"excerpt":{"rendered":"<p>La Asociaci\u00f3n de Hoteles y Restaurantes de R\u00edo Lagartos celebr\u00f3 con gran \u00e9xito el Festival del Pulpo 2025, realiz\u00f3 los d\u00edas 21 y 22 de noviembre en el malec\u00f3n del hermoso puerto. El objetivo principal de este evento fue promocionar el destino tur\u00edstico de R\u00edo Lagartos, destacando su rica gastronom\u00eda, la cultura local y fomentando [&hellip;]<\/p>\n","protected":false},"author":1,"featured_media":0,"comment_status":"open","ping_status":"closed","sticky":false,"template":"","format":"standard","meta":{"om_disable_all_campaigns":false,"jnews-multi-image_gallery":[],"jnews_single_post":{"format":"standard"},"jnews_primary_category":[],"jnews_social_meta":[],"footnotes":""},"categories":[43],"tags":[],"class_list":["post-1079659","post","type-post","status-publish","format-standard","hentry","category-gourmet"],"_links":{"self":[{"href":"https:\/\/dimensionturistica.com\/es\/wp-json\/wp\/v2\/posts\/1079659","targetHints":{"allow":["GET"]}}],"collection":[{"href":"https:\/\/dimensionturistica.com\/es\/wp-json\/wp\/v2\/posts"}],"about":[{"href":"https:\/\/dimensionturistica.com\/es\/wp-json\/wp\/v2\/types\/post"}],"author":[{"embeddable":true,"href":"https:\/\/dimensionturistica.com\/es\/wp-json\/wp\/v2\/users\/1"}],"replies":[{"embeddable":true,"href":"https:\/\/dimensionturistica.com\/es\/wp-json\/wp\/v2\/comments?post=1079659"}],"version-history":[{"count":1,"href":"https:\/\/dimensionturistica.com\/es\/wp-json\/wp\/v2\/posts\/1079659\/revisions"}],"predecessor-version":[{"id":1079665,"href":"https:\/\/dimensionturistica.com\/es\/wp-json\/wp\/v2\/posts\/1079659\/revisions\/1079665"}],"wp:attachment":[{"href":"https:\/\/dimensionturistica.com\/es\/wp-json\/wp\/v2\/media?parent=1079659"}],"wp:term":[{"taxonomy":"category","embeddable":true,"href":"https:\/\/dimensionturistica.com\/es\/wp-json\/wp\/v2\/categories?post=1079659"},{"taxonomy":"post_tag","embeddable":true,"href":"https:\/\/dimensionturistica.com\/es\/wp-json\/wp\/v2\/tags?post=1079659"}],"curies":[{"name":"wp","href":"https:\/\/api.w.org\/{rel}","templated":true}]}}