{"id":1079626,"date":"2025-11-29T20:00:41","date_gmt":"2025-11-29T20:00:41","guid":{"rendered":"https:\/\/dimensionturistica.com\/es\/?p=1079626"},"modified":"2025-11-29T20:00:41","modified_gmt":"2025-11-29T20:00:41","slug":"tresemme-te-dice-como-combinar-tus-peinados-con-atuendos-elegantes-casuales-o-sofisticados-para-la-temporada-navidena","status":"publish","type":"post","link":"https:\/\/dimensionturistica.com\/es\/tresemme-te-dice-como-combinar-tus-peinados-con-atuendos-elegantes-casuales-o-sofisticados-para-la-temporada-navidena\/","title":{"rendered":"TRESemm\u00e9 te dice c\u00f3mo combinar tus peinados con atuendos elegantes, casuales o sofisticados para la temporada navide\u00f1a."},"content":{"rendered":"\n<p><\/p>\n\n\n\n<figure class=\"wp-block-gallery has-nested-images columns-default is-cropped wp-block-gallery-1 is-layout-flex wp-block-gallery-is-layout-flex\">\n<figure class=\"wp-block-image size-large\"><img decoding=\"async\" width=\"500\" height=\"212\" data-id=\"1079629\" src=\"https:\/\/dimensionturistica.com\/es\/wp-content\/uploads\/2025\/11\/33tre.jpg\" alt=\"\" class=\"wp-image-1079629\" srcset=\"https:\/\/dimensionturistica.com\/es\/wp-content\/uploads\/2025\/11\/33tre.jpg 500w, https:\/\/dimensionturistica.com\/es\/wp-content\/uploads\/2025\/11\/33tre-300x127.jpg 300w\" sizes=\"(max-width: 500px) 100vw, 500px\" \/><figcaption class=\"wp-element-caption\">Leading haircare brand, TRESemm\u00e9, adds a new collection to its wash and care portfolio with a new look (CNW Group\/Unilever Canada)<\/figcaption><\/figure>\n<\/figure>\n\n\n\n<p>Las fiestas navide\u00f1as se aproximan, y con ello el pretexto perfecto para experimentar con tu estilo y darle un toque m\u00e1s elegante a cada outfit. En dicha \u00e9poca se usan mucho los brillos, las lentejuelas y texturas invernales como el terciopelo. Al traer una vestimenta tan lucidora, es importante llevar el peinado indicado, ya que \u00e9ste puede ayudar a elevar o equilibrar cualquier prenda.<\/p>\n\n\n\n<figure class=\"wp-block-gallery has-nested-images columns-default is-cropped wp-block-gallery-2 is-layout-flex wp-block-gallery-is-layout-flex\">\n<figure class=\"wp-block-image size-large\"><img decoding=\"async\" width=\"500\" height=\"500\" data-id=\"1079632\" src=\"https:\/\/dimensionturistica.com\/es\/wp-content\/uploads\/2025\/11\/1tre.jpg\" alt=\"\" class=\"wp-image-1079632\" srcset=\"https:\/\/dimensionturistica.com\/es\/wp-content\/uploads\/2025\/11\/1tre.jpg 500w, https:\/\/dimensionturistica.com\/es\/wp-content\/uploads\/2025\/11\/1tre-300x300.jpg 300w, https:\/\/dimensionturistica.com\/es\/wp-content\/uploads\/2025\/11\/1tre-150x150.jpg 150w, https:\/\/dimensionturistica.com\/es\/wp-content\/uploads\/2025\/11\/1tre-75x75.jpg 75w, https:\/\/dimensionturistica.com\/es\/wp-content\/uploads\/2025\/11\/1tre-350x350.jpg 350w\" sizes=\"(max-width: 500px) 100vw, 500px\" \/><\/figure>\n<\/figure>\n\n\n\n<p>TRESemm\u00e9 entiende que un cabello hermoso te da la confianza para caminar con la cabeza en alto todos los d\u00edas, y de acuerdo con sus expertos las tendencias para el fin de a\u00f1o apuntan a peinados con movimiento, mucho volumen y control del frizz, caracter\u00edsticas ideales para resistir y adaptarse a todo tipo de celebraci\u00f3n.<\/p>\n\n\n\n<p><strong>Recrea los Best Looks de tus celebridades favoritas<\/strong><\/p>\n\n\n\n<figure class=\"wp-block-gallery has-nested-images columns-default is-cropped wp-block-gallery-3 is-layout-flex wp-block-gallery-is-layout-flex\">\n<figure class=\"wp-block-image size-large\"><img decoding=\"async\" width=\"500\" height=\"500\" data-id=\"1079633\" src=\"https:\/\/dimensionturistica.com\/es\/wp-content\/uploads\/2025\/11\/6tre.jpg\" alt=\"\" class=\"wp-image-1079633\" srcset=\"https:\/\/dimensionturistica.com\/es\/wp-content\/uploads\/2025\/11\/6tre.jpg 500w, https:\/\/dimensionturistica.com\/es\/wp-content\/uploads\/2025\/11\/6tre-300x300.jpg 300w, https:\/\/dimensionturistica.com\/es\/wp-content\/uploads\/2025\/11\/6tre-150x150.jpg 150w, https:\/\/dimensionturistica.com\/es\/wp-content\/uploads\/2025\/11\/6tre-75x75.jpg 75w, https:\/\/dimensionturistica.com\/es\/wp-content\/uploads\/2025\/11\/6tre-350x350.jpg 350w\" sizes=\"(max-width: 500px) 100vw, 500px\" \/><\/figure>\n<\/figure>\n\n\n\n<p>Inspirados en distintas celebridades, estos seis acabados muestran c\u00f3mo el peinado puede transformar cualquier look:<\/p>\n\n\n\n<p>1. Kris Jenner: su ic\u00f3nico bob moderno con capas enmarca el rostro y es ideal<\/p>\n\n\n\n<p>para mujeres con el cabello corto. Es f\u00e1cil de peinar y de mantener, adem\u00e1s te<\/p>\n\n\n\n<p>permite jugar con la textura. Este tipo de corte combina con todo tipo de vestidos, trajes de noche o looks m\u00e1s casuales.<\/p>\n\n\n\n<p>2. C\u00e9line Dion: en redes sociales, C\u00e9line luce su cabello suelto con ondas suaves, que aportan volumen y movimiento. Este acabado es muy elegante, f\u00e1cil de recrear y se adapta a cualquier tipo de ropa y evento.<\/p>\n\n\n\n<p>3. Jennifer Lawrence: tiene el cabello muy largo y con un fleco muy moderno. Su<\/p>\n\n\n\n<figure class=\"wp-block-gallery has-nested-images columns-default is-cropped wp-block-gallery-4 is-layout-flex wp-block-gallery-is-layout-flex\">\n<figure class=\"wp-block-image size-large\"><img decoding=\"async\" width=\"500\" height=\"500\" data-id=\"1079634\" src=\"https:\/\/dimensionturistica.com\/es\/wp-content\/uploads\/2025\/11\/11look.png\" alt=\"\" class=\"wp-image-1079634\" srcset=\"https:\/\/dimensionturistica.com\/es\/wp-content\/uploads\/2025\/11\/11look.png 500w, https:\/\/dimensionturistica.com\/es\/wp-content\/uploads\/2025\/11\/11look-300x300.png 300w, https:\/\/dimensionturistica.com\/es\/wp-content\/uploads\/2025\/11\/11look-150x150.png 150w, https:\/\/dimensionturistica.com\/es\/wp-content\/uploads\/2025\/11\/11look-75x75.png 75w, https:\/\/dimensionturistica.com\/es\/wp-content\/uploads\/2025\/11\/11look-350x350.png 350w\" sizes=\"(max-width: 500px) 100vw, 500px\" \/><\/figure>\n<\/figure>\n\n\n\n<p>look \u201cdespeinado\u201d le da mucho volumen natural y le da car\u00e1cter, por lo que es ideal para celebraciones m\u00e1s casuales donde no tienes que arreglarte tanto.<\/p>\n\n\n\n<p>4. Zendaya: destaca mucho cuando luce su cabello chino con ondas muy definidas que realzan su textura natural. Este acabado es tan llamativo que viene muy bien para eventos de noche.<\/p>\n\n\n\n<p>5. Hailey Bieber: tiene un estilo minimalista, pulido y sofisticado, que se puede ver reflejado en el relamido que frecuentemente usa. Al recogerse completamente el cabello de la cara, te permite usar prendas estructuradas o vestidos elegantes.<\/p>\n\n\n\n<p>Adem\u00e1s de ser c\u00f3modo y duradero.<\/p>\n\n\n\n<figure class=\"wp-block-gallery has-nested-images columns-default is-cropped wp-block-gallery-5 is-layout-flex wp-block-gallery-is-layout-flex\">\n<figure class=\"wp-block-image size-large\"><img decoding=\"async\" width=\"500\" height=\"500\" data-id=\"1079635\" src=\"https:\/\/dimensionturistica.com\/es\/wp-content\/uploads\/2025\/11\/44lon-jpg.jpg\" alt=\"\" class=\"wp-image-1079635\" srcset=\"https:\/\/dimensionturistica.com\/es\/wp-content\/uploads\/2025\/11\/44lon-jpg.jpg 500w, https:\/\/dimensionturistica.com\/es\/wp-content\/uploads\/2025\/11\/44lon-jpg-300x300.jpg 300w, https:\/\/dimensionturistica.com\/es\/wp-content\/uploads\/2025\/11\/44lon-jpg-150x150.jpg 150w, https:\/\/dimensionturistica.com\/es\/wp-content\/uploads\/2025\/11\/44lon-jpg-75x75.jpg 75w, https:\/\/dimensionturistica.com\/es\/wp-content\/uploads\/2025\/11\/44lon-jpg-350x350.jpg 350w\" sizes=\"(max-width: 500px) 100vw, 500px\" \/><\/figure>\n<\/figure>\n\n\n\n<p>6. Sabrina Carpenter: siempre se le ve con un blowout lleno de volumen y brillo.<\/p>\n\n\n\n<p>Este peinado es tan vers\u00e1til, por lo que es ideal para fiestas de d\u00eda o de noche y combina perfecto con vestidos llamativos o prendas m\u00e1s casuales.<\/p>\n\n\n\n<p><strong>Logra un Look duradero<\/strong><\/p>\n\n\n\n<p>Durante el invierno es crucial mantener el cabello hidratado y protegerlo del calor para conservar su brillo y evitar el frizz. Por ello, te recomendamos los siguientes productos de TRESemm\u00e9:<\/p>\n\n\n\n<p>1. Mascarilla Keratina Antifrizz: mantiene el cabello suave y manejable. Contiene keratina y \u00e1cido hialur\u00f3nico que repara el da\u00f1o, previene las puntas abiertas y ayuda a controlar el frizz.<\/p>\n\n\n\n<figure class=\"wp-block-gallery has-nested-images columns-default is-cropped wp-block-gallery-6 is-layout-flex wp-block-gallery-is-layout-flex\">\n<figure class=\"wp-block-image size-large\"><img decoding=\"async\" width=\"500\" height=\"500\" data-id=\"1079636\" src=\"https:\/\/dimensionturistica.com\/es\/wp-content\/uploads\/2025\/11\/98lok.jpg\" alt=\"\" class=\"wp-image-1079636\" srcset=\"https:\/\/dimensionturistica.com\/es\/wp-content\/uploads\/2025\/11\/98lok.jpg 500w, https:\/\/dimensionturistica.com\/es\/wp-content\/uploads\/2025\/11\/98lok-300x300.jpg 300w, https:\/\/dimensionturistica.com\/es\/wp-content\/uploads\/2025\/11\/98lok-150x150.jpg 150w, https:\/\/dimensionturistica.com\/es\/wp-content\/uploads\/2025\/11\/98lok-75x75.jpg 75w, https:\/\/dimensionturistica.com\/es\/wp-content\/uploads\/2025\/11\/98lok-350x350.jpg 350w\" sizes=\"(max-width: 500px) 100vw, 500px\" \/><\/figure>\n<\/figure>\n\n\n\n<p>2. Ser\u00fam Tratamiento Keratina Antifrizz: antes de usar cualquier tipo de herramienta de calor, apl\u00edcalo y protege tu cabello de hasta 230\u00baC, mientras lo<\/p>\n\n\n\n<p>hidrata y suaviza.<\/p>\n\n\n\n<p>3. Crema para peinar Keratina Antifrizz: facilita el peinado y permite mantenerlo<\/p>\n\n\n\n<p>estilizado por m\u00e1s tiempo. Usala ya sea en cabello h\u00famedo o seco.<\/p>\n\n\n\n<p>4. Coat Spray Antifrizz: sirve para conservar el peinado, evitando especialmente<\/p>\n\n\n\n<p>el frizz, dando brillo, y sellando el cabello \u201cPara esta temporada de fiestas, deja que tu cabello se vuelva el complemento perfecto para tus atuendos. Los peinados con volumen, movimiento y textura no solo aportan estilo, sino que se adaptan perfectamente a todo tipo de ocasiones.<\/p>\n\n\n\n<p>Al cuidar tu cabello y mantenerlo en las mejores condiciones, aseguras que tu look se mantenga durante toda la noche y luzca espectacular\u201d, comparte Carolina Soto, Gerente de Marketing para Cuidado del Cabello en Unilever M\u00e9xico.<\/p>\n\n\n\n<p>#TRESemm\u00e9MX #ElevaTuEstilo #72hSinFrizz<\/p>\n\n\n\n<figure class=\"wp-block-embed\"><div class=\"wp-block-embed__wrapper\">\nhttps:\/\/www.instagram.com\/tresemmemexico\n<\/div><\/figure>\n\n\n\n<figure class=\"wp-block-embed\"><div class=\"wp-block-embed__wrapper\">\nhttps:\/\/www.tresemme.com.mx\/home.html\n<\/div><\/figure>\n\n\n\n<p>Disclaimers<\/p>\n\n\n\n<p>1. Prueba instrumental de frizz. Protecci\u00f3n t\u00e9rmica hasta 230\u00b0C contra da\u00f1os causados por herramientas de calor.<\/p>\n\n\n\n<p>2. Prueba Instrumental de frizz. Resistencia a la humedad vs. shampoo sin agentes acondicionantes.<\/p>\n","protected":false},"excerpt":{"rendered":"<p>Las fiestas navide\u00f1as se aproximan, y con ello el pretexto perfecto para experimentar con tu estilo y darle un toque m\u00e1s elegante a cada outfit. En dicha \u00e9poca se usan mucho los brillos, las lentejuelas y texturas invernales como el terciopelo. Al traer una vestimenta tan lucidora, es importante llevar el peinado indicado, ya que [&hellip;]<\/p>\n","protected":false},"author":1,"featured_media":0,"comment_status":"open","ping_status":"closed","sticky":false,"template":"","format":"standard","meta":{"om_disable_all_campaigns":false,"jnews-multi-image_gallery":[],"jnews_single_post":[],"jnews_primary_category":[],"jnews_social_meta":[],"footnotes":""},"categories":[144872],"tags":[],"class_list":["post-1079626","post","type-post","status-publish","format-standard","hentry","category-fashion"],"_links":{"self":[{"href":"https:\/\/dimensionturistica.com\/es\/wp-json\/wp\/v2\/posts\/1079626","targetHints":{"allow":["GET"]}}],"collection":[{"href":"https:\/\/dimensionturistica.com\/es\/wp-json\/wp\/v2\/posts"}],"about":[{"href":"https:\/\/dimensionturistica.com\/es\/wp-json\/wp\/v2\/types\/post"}],"author":[{"embeddable":true,"href":"https:\/\/dimensionturistica.com\/es\/wp-json\/wp\/v2\/users\/1"}],"replies":[{"embeddable":true,"href":"https:\/\/dimensionturistica.com\/es\/wp-json\/wp\/v2\/comments?post=1079626"}],"version-history":[{"count":1,"href":"https:\/\/dimensionturistica.com\/es\/wp-json\/wp\/v2\/posts\/1079626\/revisions"}],"predecessor-version":[{"id":1079637,"href":"https:\/\/dimensionturistica.com\/es\/wp-json\/wp\/v2\/posts\/1079626\/revisions\/1079637"}],"wp:attachment":[{"href":"https:\/\/dimensionturistica.com\/es\/wp-json\/wp\/v2\/media?parent=1079626"}],"wp:term":[{"taxonomy":"category","embeddable":true,"href":"https:\/\/dimensionturistica.com\/es\/wp-json\/wp\/v2\/categories?post=1079626"},{"taxonomy":"post_tag","embeddable":true,"href":"https:\/\/dimensionturistica.com\/es\/wp-json\/wp\/v2\/tags?post=1079626"}],"curies":[{"name":"wp","href":"https:\/\/api.w.org\/{rel}","templated":true}]}}