{"id":1079583,"date":"2025-11-29T18:59:09","date_gmt":"2025-11-29T18:59:09","guid":{"rendered":"https:\/\/dimensionturistica.com\/es\/?p=1079583"},"modified":"2025-11-29T18:59:09","modified_gmt":"2025-11-29T18:59:09","slug":"al-buen-entendedor-el-enorme-reto-de-la-movilidad","status":"publish","type":"post","link":"https:\/\/dimensionturistica.com\/es\/al-buen-entendedor-el-enorme-reto-de-la-movilidad\/","title":{"rendered":"Al Buen Entendedor\u2026 El enorme reto de la movilidad."},"content":{"rendered":"\n<figure class=\"wp-block-gallery has-nested-images columns-default is-cropped wp-block-gallery-1 is-layout-flex wp-block-gallery-is-layout-flex\">\n<figure class=\"wp-block-image size-large\"><img decoding=\"async\" width=\"354\" height=\"379\" data-id=\"1079584\" src=\"https:\/\/dimensionturistica.com\/es\/wp-content\/uploads\/2025\/11\/2SERGIO.jpg\" alt=\"\" class=\"wp-image-1079584\" srcset=\"https:\/\/dimensionturistica.com\/es\/wp-content\/uploads\/2025\/11\/2SERGIO.jpg 354w, https:\/\/dimensionturistica.com\/es\/wp-content\/uploads\/2025\/11\/2SERGIO-280x300.jpg 280w\" sizes=\"(max-width: 354px) 100vw, 354px\" \/><\/figure>\n<\/figure>\n\n\n\n<p>De gran preocupaci\u00f3n me resulta, el atestiguar que cada d\u00eda, siguen llegando \u201cmadrinas\u201d, esos transportes enormes para autom\u00f3viles con m\u00e1s y m\u00e1s de ellos, nuevecitos y flamantes para seguir inundando las estrechas y maltratadas calles de Canc\u00fan, Playa del Carmen y carreteras del Estado.<\/p>\n\n\n\n<figure class=\"wp-block-gallery has-nested-images columns-default is-cropped wp-block-gallery-2 is-layout-flex wp-block-gallery-is-layout-flex\">\n<figure class=\"wp-block-image size-large\"><img decoding=\"async\" width=\"500\" height=\"332\" data-id=\"1079585\" src=\"https:\/\/dimensionturistica.com\/es\/wp-content\/uploads\/2025\/11\/1SERGIO.jpg\" alt=\"\" class=\"wp-image-1079585\" srcset=\"https:\/\/dimensionturistica.com\/es\/wp-content\/uploads\/2025\/11\/1SERGIO.jpg 500w, https:\/\/dimensionturistica.com\/es\/wp-content\/uploads\/2025\/11\/1SERGIO-300x199.jpg 300w\" sizes=\"(max-width: 500px) 100vw, 500px\" \/><figcaption class=\"wp-element-caption\">Deudores de tarjetas de credito incineraron algunas en el zocalo de Veracruz en protesta por las altas comisiones que cobran\rIMAGEN FOTO\/ Horacio Zamora\rLUGAR\/ Veracruz\rFECHA\/ 12 de Marzo 2009<\/figcaption><\/figure>\n<\/figure>\n\n\n\n<p>Las agencias de autos siguen recibiendo veh\u00edculos nuevos a diario, que, por supuesto se siguen vendiendo, en una ciudad en la que aut\u00e9nticamente ya no caben mas.<\/p>\n\n\n\n<figure class=\"wp-block-gallery has-nested-images columns-default is-cropped wp-block-gallery-3 is-layout-flex wp-block-gallery-is-layout-flex\">\n<figure class=\"wp-block-image size-large\"><img decoding=\"async\" width=\"500\" height=\"281\" data-id=\"1079586\" src=\"https:\/\/dimensionturistica.com\/es\/wp-content\/uploads\/2025\/11\/4SERGIO.jpg\" alt=\"\" class=\"wp-image-1079586\" srcset=\"https:\/\/dimensionturistica.com\/es\/wp-content\/uploads\/2025\/11\/4SERGIO.jpg 500w, https:\/\/dimensionturistica.com\/es\/wp-content\/uploads\/2025\/11\/4SERGIO-300x169.jpg 300w\" sizes=\"(max-width: 500px) 100vw, 500px\" \/><\/figure>\n<\/figure>\n\n\n\n<p>Por d\u00e9cadas en nuestros pa\u00edses, se ha privilegiado al autom\u00f3vil y se ha menospreciado al peat\u00f3n, al espacio p\u00fablico y al privilegio de caminar, y Canc\u00fan el m\u00e1s exitoso destino tur\u00edstico de M\u00e9xico, en conjunto con la Riviera Maya, no es la excepci\u00f3n en esta practica, que al seguir fomentando el uso del autom\u00f3vil indiscriminadamente, y reducir las opciones para el transe\u00fante y para quienes no poseen un autom\u00f3vil, se sigue saturando a la ciudad, a las vialidades, se complica la convivencia y hasta se deteriora el tejido social por muy diversas razones, que comparten su causa en el insolente, inaudito, insoportable e insufrible caos vehicular.<\/p>\n\n\n\n<figure class=\"wp-block-gallery has-nested-images columns-default is-cropped wp-block-gallery-4 is-layout-flex wp-block-gallery-is-layout-flex\">\n<figure class=\"wp-block-image size-large\"><img decoding=\"async\" width=\"500\" height=\"281\" data-id=\"1079587\" src=\"https:\/\/dimensionturistica.com\/es\/wp-content\/uploads\/2025\/11\/5SERGIO.jpg\" alt=\"\" class=\"wp-image-1079587\" srcset=\"https:\/\/dimensionturistica.com\/es\/wp-content\/uploads\/2025\/11\/5SERGIO.jpg 500w, https:\/\/dimensionturistica.com\/es\/wp-content\/uploads\/2025\/11\/5SERGIO-300x169.jpg 300w\" sizes=\"(max-width: 500px) 100vw, 500px\" \/><\/figure>\n<\/figure>\n\n\n\n<p>Vayamos por partes, dir\u00eda Jack \u201cel destripador\u201d\u2026<\/p>\n\n\n\n<p>En una ciudad saturada de autos, con v\u00edas estrechas, llenas de baches, pocos lugares de estacionamiento, mala planificaci\u00f3n de sem\u00e1foros, y tr\u00e1nsito ca\u00f3tico a todas horas, lo que menos se requiere es m\u00e1s v\u00edas, para transportar m\u00e1s autos; lo que se requiere con urgencia son soluciones de transporte p\u00fablico masivo, pero de gran calidad que nos permita y nos invite a todos a dejar el auto en casa y usar el transporte p\u00fablico.<\/p>\n\n\n\n<figure class=\"wp-block-gallery has-nested-images columns-default is-cropped wp-block-gallery-5 is-layout-flex wp-block-gallery-is-layout-flex\">\n<figure class=\"wp-block-image size-large\"><img decoding=\"async\" width=\"500\" height=\"282\" data-id=\"1079588\" src=\"https:\/\/dimensionturistica.com\/es\/wp-content\/uploads\/2025\/11\/6SERGIO.jpg\" alt=\"\" class=\"wp-image-1079588\" srcset=\"https:\/\/dimensionturistica.com\/es\/wp-content\/uploads\/2025\/11\/6SERGIO.jpg 500w, https:\/\/dimensionturistica.com\/es\/wp-content\/uploads\/2025\/11\/6SERGIO-300x169.jpg 300w\" sizes=\"(max-width: 500px) 100vw, 500px\" \/><\/figure>\n<\/figure>\n\n\n\n<p>Claro que ni usted que me lee, ni yo, vamos a dejar el auto en casa mientras no haya rutas acordes, autobuses dignos y limpios con aire acondicionado, conectividad y muchas otras comodidades.<\/p>\n\n\n\n<p>La soluci\u00f3n al caos vehicular y estrechez de la zona hotelera de Canc\u00fan, no era un puente moderno, que solo llevar\u00e1 m\u00e1s autos; lo que se requiere es transporte urbano lagunar; diversos puntos de parada en la laguna de la zona hotelera, barcos c\u00f3modos que cruzan la laguna en solo 12 minutos como lo que propuso el empresario Germ\u00e1n Orozco, en paz descanse, que bastante sab\u00eda del tema.<\/p>\n\n\n\n<figure class=\"wp-block-gallery has-nested-images columns-default is-cropped wp-block-gallery-6 is-layout-flex wp-block-gallery-is-layout-flex\">\n<figure class=\"wp-block-image size-large\"><img decoding=\"async\" width=\"500\" height=\"375\" data-id=\"1079589\" src=\"https:\/\/dimensionturistica.com\/es\/wp-content\/uploads\/2025\/11\/7SERGIO.jpg\" alt=\"\" class=\"wp-image-1079589\" srcset=\"https:\/\/dimensionturistica.com\/es\/wp-content\/uploads\/2025\/11\/7SERGIO.jpg 500w, https:\/\/dimensionturistica.com\/es\/wp-content\/uploads\/2025\/11\/7SERGIO-300x225.jpg 300w\" sizes=\"(max-width: 500px) 100vw, 500px\" \/><\/figure>\n<\/figure>\n\n\n\n<p>Lo que se requiere son estacionamientos para cinco mil autos en Tajamar o sus<\/p>\n\n\n\n<p>proximidades y varias rutas de autobuses de colores que vayan desde esos enormes \u201cparkings\u201d, hacia puntos determinados de la zona hotelera, sin paradas intermedias y una conexi\u00f3n con bicicletas gratuitas para que los trabajadores y los ejecutivos puedan llegar a sus centros de trabajo.<\/p>\n\n\n\n<figure class=\"wp-block-gallery has-nested-images columns-default is-cropped wp-block-gallery-7 is-layout-flex wp-block-gallery-is-layout-flex\">\n<figure class=\"wp-block-image size-large\"><img decoding=\"async\" width=\"500\" height=\"281\" data-id=\"1079590\" src=\"https:\/\/dimensionturistica.com\/es\/wp-content\/uploads\/2025\/11\/8SERGIO.jpg\" alt=\"\" class=\"wp-image-1079590\" srcset=\"https:\/\/dimensionturistica.com\/es\/wp-content\/uploads\/2025\/11\/8SERGIO.jpg 500w, https:\/\/dimensionturistica.com\/es\/wp-content\/uploads\/2025\/11\/8SERGIO-300x169.jpg 300w\" sizes=\"(max-width: 500px) 100vw, 500px\" \/><\/figure>\n<\/figure>\n\n\n\n<p>Un boleto \u00fanico, que se compra en m\u00f3dulos inteligentes, que se puede pagar con tarjetas de todo tipo y que sirve lo mismo para el bus de colores que para el aqua taxi, que se puede comprar por d\u00eda, por semana, por mes o por trimestre.<\/p>\n\n\n\n<p>Necesit\u00e1bamos un Boulevard Colosio elevado de alta velocidad, sin sem\u00e1foros, y no el remedo que se hizo gastando una millonada, que resolvi\u00f3 los baches, pero que sigue sin resolver los tiempos y el drama que es entrar y salir de Canc\u00fan.<\/p>\n\n\n\n<p>La movilidad es un asunto de enorme prioridad que requiere estudios, planeaci\u00f3n estrat\u00e9gica, consenso, inversi\u00f3n del estado y mucha socializaci\u00f3n.<\/p>\n\n\n\n<figure class=\"wp-block-gallery has-nested-images columns-default is-cropped wp-block-gallery-8 is-layout-flex wp-block-gallery-is-layout-flex\">\n<figure class=\"wp-block-image size-large\"><img decoding=\"async\" width=\"500\" height=\"281\" data-id=\"1079592\" src=\"https:\/\/dimensionturistica.com\/es\/wp-content\/uploads\/2025\/11\/11SERGIO.jpg\" alt=\"\" class=\"wp-image-1079592\" srcset=\"https:\/\/dimensionturistica.com\/es\/wp-content\/uploads\/2025\/11\/11SERGIO.jpg 500w, https:\/\/dimensionturistica.com\/es\/wp-content\/uploads\/2025\/11\/11SERGIO-300x169.jpg 300w\" sizes=\"(max-width: 500px) 100vw, 500px\" \/><\/figure>\n<\/figure>\n\n\n\n<p>La enorme deficiencia en el transporte p\u00fablico tiene incidencia en el tejido social y en la calidad de vida de las familias. Es inconcebible que un trabajador de la zona hotelera de Canc\u00fan, y tambi\u00e9n de la Riviera Maya en diversos puntos, tenga que invertir 4 o 5 horas de su vida diaria en transportarse, implicando con ello, el poco, poqu\u00edsimo tiempo que le puede dedicar a su familia; las largas horas de abandono a los hijos generan tambi\u00e9n ociosidad, ansiedad y delincuencia juvenil.<\/p>\n\n\n\n<p>La mal\u00edsima calidad del transporte p\u00fablico genera tambi\u00e9n cientos de autom\u00f3viles que viajan con un solo ocupante, provocando el tr\u00e1nsito vehicular ca\u00f3tico que a todos estresa y que incide tambi\u00e9n en el humor, el \u00e1nimo y la salud mental de toda la poblaci\u00f3n.<\/p>\n\n\n\n<p>La movilidad no es algo que pueda decidir y resolver el gobierno por si solo, ni es algo que se resuelva m\u00e1gicamente con modificaci\u00f3n de rutas o renovaci\u00f3n de unidades de transporte; la movilidad es un asunto de derechos humanos de la mayor importancia, es una asignatura que merece planificaci\u00f3n consensuada, involucraci\u00f3n de expertos, que requiere de presupuestos significativos y de que se le otorgue prioridad estrat\u00e9gica.<\/p>\n\n\n\n<figure class=\"wp-block-gallery has-nested-images columns-default is-cropped wp-block-gallery-9 is-layout-flex wp-block-gallery-is-layout-flex\">\n<figure class=\"wp-block-image size-large\"><img decoding=\"async\" width=\"500\" height=\"309\" data-id=\"1079593\" src=\"https:\/\/dimensionturistica.com\/es\/wp-content\/uploads\/2025\/11\/9SERGIO.jpg\" alt=\"\" class=\"wp-image-1079593\" srcset=\"https:\/\/dimensionturistica.com\/es\/wp-content\/uploads\/2025\/11\/9SERGIO.jpg 500w, https:\/\/dimensionturistica.com\/es\/wp-content\/uploads\/2025\/11\/9SERGIO-300x185.jpg 300w\" sizes=\"(max-width: 500px) 100vw, 500px\" \/><\/figure>\n<\/figure>\n\n\n\n<p>Si el asunto de la movilidad no se atiende de manera integral, estrat\u00e9gica y con recursos importantes en Quintana Roo, dentro de poco la ciudad de Canc\u00fan, para empezar, ser\u00e1 un gran estacionamiento, los tiempos de desplazamiento ser\u00e1n una locura insostenible y la salud mental continuar\u00e1 en franco deterioro y no exagero, hoy todo mundo est\u00e1 ya de mal humor por el tr\u00e1fico, como le llamamos aqu\u00ed al tr\u00e1nsito vehicular, una locura pues\u2026<\/p>\n\n\n\n<p>No hagan anuncios huecos, no aborden el tema sin planeaci\u00f3n, y no nos dejemos llevar a la ligera, el asunto es de la mayor importancia\u2026<\/p>\n\n\n\n<p>Cualquier comentario con esta columna harta de circular despacito y de llegar tarde, favor de dirigirlo a: sgrubiera@acticonsultores.com<\/p>\n","protected":false},"excerpt":{"rendered":"<p>De gran preocupaci\u00f3n me resulta, el atestiguar que cada d\u00eda, siguen llegando \u201cmadrinas\u201d, esos transportes enormes para autom\u00f3viles con m\u00e1s y m\u00e1s de ellos, nuevecitos y flamantes para seguir inundando las estrechas y maltratadas calles de Canc\u00fan, Playa del Carmen y carreteras del Estado. Las agencias de autos siguen recibiendo veh\u00edculos nuevos a diario, que, [&hellip;]<\/p>\n","protected":false},"author":1,"featured_media":0,"comment_status":"open","ping_status":"closed","sticky":false,"template":"","format":"standard","meta":{"om_disable_all_campaigns":false,"jnews-multi-image_gallery":[],"jnews_single_post":[],"jnews_primary_category":[],"jnews_social_meta":[],"footnotes":""},"categories":[39],"tags":[],"class_list":["post-1079583","post","type-post","status-publish","format-standard","hentry","category-viajes"],"_links":{"self":[{"href":"https:\/\/dimensionturistica.com\/es\/wp-json\/wp\/v2\/posts\/1079583","targetHints":{"allow":["GET"]}}],"collection":[{"href":"https:\/\/dimensionturistica.com\/es\/wp-json\/wp\/v2\/posts"}],"about":[{"href":"https:\/\/dimensionturistica.com\/es\/wp-json\/wp\/v2\/types\/post"}],"author":[{"embeddable":true,"href":"https:\/\/dimensionturistica.com\/es\/wp-json\/wp\/v2\/users\/1"}],"replies":[{"embeddable":true,"href":"https:\/\/dimensionturistica.com\/es\/wp-json\/wp\/v2\/comments?post=1079583"}],"version-history":[{"count":1,"href":"https:\/\/dimensionturistica.com\/es\/wp-json\/wp\/v2\/posts\/1079583\/revisions"}],"predecessor-version":[{"id":1079594,"href":"https:\/\/dimensionturistica.com\/es\/wp-json\/wp\/v2\/posts\/1079583\/revisions\/1079594"}],"wp:attachment":[{"href":"https:\/\/dimensionturistica.com\/es\/wp-json\/wp\/v2\/media?parent=1079583"}],"wp:term":[{"taxonomy":"category","embeddable":true,"href":"https:\/\/dimensionturistica.com\/es\/wp-json\/wp\/v2\/categories?post=1079583"},{"taxonomy":"post_tag","embeddable":true,"href":"https:\/\/dimensionturistica.com\/es\/wp-json\/wp\/v2\/tags?post=1079583"}],"curies":[{"name":"wp","href":"https:\/\/api.w.org\/{rel}","templated":true}]}}