{"id":1079543,"date":"2025-11-29T17:38:31","date_gmt":"2025-11-29T17:38:31","guid":{"rendered":"https:\/\/dimensionturistica.com\/es\/?p=1079543"},"modified":"2025-11-29T17:38:31","modified_gmt":"2025-11-29T17:38:31","slug":"camino-a-la-nueva-republica-una-obra-colectiva-concebida-por-porfirio-munoz-ledo","status":"publish","type":"post","link":"https:\/\/dimensionturistica.com\/es\/camino-a-la-nueva-republica-una-obra-colectiva-concebida-por-porfirio-munoz-ledo\/","title":{"rendered":"\u201cCamino a la Nueva Rep\u00fablica\u201d, una obra colectiva concebida por Porfirio Mu\u00f1oz Ledo"},"content":{"rendered":"\n<figure class=\"wp-block-gallery has-nested-images columns-default is-cropped wp-block-gallery-1 is-layout-flex wp-block-gallery-is-layout-flex\">\n<figure class=\"wp-block-image size-large\"><img decoding=\"async\" width=\"500\" height=\"338\" data-id=\"1079544\" src=\"https:\/\/dimensionturistica.com\/es\/wp-content\/uploads\/2025\/11\/2LIBRE.jpg\" alt=\"\" class=\"wp-image-1079544\" srcset=\"https:\/\/dimensionturistica.com\/es\/wp-content\/uploads\/2025\/11\/2LIBRE.jpg 500w, https:\/\/dimensionturistica.com\/es\/wp-content\/uploads\/2025\/11\/2LIBRE-300x203.jpg 300w\" sizes=\"(max-width: 500px) 100vw, 500px\" \/><\/figure>\n<\/figure>\n\n\n\n<p>La editorial Penguin Random House M\u00e9xico anuncia el lanzamiento de \u201cCamino a la Nueva Rep\u00fablica\u201d, una obra colectiva concebida por Porfirio Mu\u00f1oz Ledo con la finalidad de reunir los testimonios de quienes participaron en la transici\u00f3n democr\u00e1tica de finales del siglo XX y los primeros a\u00f1os del siglo XXI.<\/p>\n\n\n\n<p>Este libro materializa la visi\u00f3n del destacado pol\u00edtico mexicano de convocar a diversos protagonistas, analistas y acad\u00e9micos para narrar, desde sus propias trincheras, los hechos que marcaron el cambio pol\u00edtico en el pa\u00eds. Asimismo, integra reflexiones especializadas de quienes han estudiado a profundidad este proceso hist\u00f3rico.<\/p>\n\n\n\n<p>Una obra plural, profunda y esencial para la comprensi\u00f3n pol\u00edtica de M\u00e9xico<\/p>\n\n\n\n<p>El libro ofrece:<\/p>\n\n\n\n<p>1.&nbsp;&nbsp;&nbsp;&nbsp;&nbsp;&nbsp;&nbsp;&nbsp;&nbsp;&nbsp; An\u00e1lisis profundo y plural: Editado por Penguin M\u00e9xico, Camino a la Nueva Rep\u00fablica brinda un an\u00e1lisis amplio y multidisciplinario sobre la transici\u00f3n democr\u00e1tica mexicana, un momento decisivo en la historia pol\u00edtica nacional.<\/p>\n\n\n\n<p>2.&nbsp;&nbsp;&nbsp;&nbsp;&nbsp;&nbsp;&nbsp;&nbsp;&nbsp;&nbsp; Voces expertas: Re\u00fane las perspectivas de 20 voces independientes y especialistas en pol\u00edtica mexicana, garantizando una comprensi\u00f3n rica y diversa del periodo.<\/p>\n\n\n\n<p>3.&nbsp;&nbsp;&nbsp;&nbsp;&nbsp;&nbsp;&nbsp;&nbsp;&nbsp;&nbsp; Comprensi\u00f3n del desarrollo pol\u00edtico: La obra es indispensable para entender el desarrollo pol\u00edtico de M\u00e9xico y los desaf\u00edos que enfrenta su democracia hoy.<\/p>\n\n\n\n<p>4.&nbsp;&nbsp;&nbsp;&nbsp;&nbsp;&nbsp;&nbsp;&nbsp;&nbsp;&nbsp; Temas de relevancia social: Aborda asuntos como la reforma del Estado, la participaci\u00f3n ciudadana y la construcci\u00f3n de un sistema pol\u00edtico m\u00e1s justo y democr\u00e1tico.<\/p>\n\n\n\n<p>5.&nbsp;&nbsp;&nbsp;&nbsp;&nbsp;&nbsp;&nbsp;&nbsp;&nbsp;&nbsp; El legado de Porfirio Mu\u00f1oz Ledo: El libro constituye un homenaje a su papel hist\u00f3rico y a su profunda contribuci\u00f3n a la transici\u00f3n democr\u00e1tica del pa\u00eds.<\/p>\n\n\n\n<figure class=\"wp-block-gallery has-nested-images columns-default is-cropped wp-block-gallery-2 is-layout-flex wp-block-gallery-is-layout-flex\">\n<figure class=\"wp-block-image size-large\"><img decoding=\"async\" width=\"500\" height=\"771\" data-id=\"1079545\" src=\"https:\/\/dimensionturistica.com\/es\/wp-content\/uploads\/2025\/11\/1LIBRO.jpg\" alt=\"\" class=\"wp-image-1079545\" srcset=\"https:\/\/dimensionturistica.com\/es\/wp-content\/uploads\/2025\/11\/1LIBRO.jpg 500w, https:\/\/dimensionturistica.com\/es\/wp-content\/uploads\/2025\/11\/1LIBRO-195x300.jpg 195w\" sizes=\"(max-width: 500px) 100vw, 500px\" \/><\/figure>\n<\/figure>\n\n\n\n<p>El pr\u00f3logo, escrito por Juan Ram\u00f3n de la Fuente, destaca que la esencia del proyecto editorial naci\u00f3 del inter\u00e9s de Mu\u00f1oz Ledo por convocar \u201ca 15 voces, tan independientes como dis\u00edmbolas\u201d. De la Fuente subraya que ello demuestra que, para Mu\u00f1oz Ledo, \u201cel arrojo estaba por encima de las diferencias ideol\u00f3gicas\u201d.<\/p>\n\n\n\n<p>De la Fuente se\u00f1ala que las opiniones reunidas en el libro \u201cvalen por s\u00ed mismas\u201d, pues fueron seleccionadas por quien consider\u00f3 que resultaban fundamentales para comprender la historia pol\u00edtica de las instituciones del pa\u00eds. Record\u00f3 adem\u00e1s la vocaci\u00f3n did\u00e1ctica del pol\u00edtico: \u201cPara m\u00ed \u2014dec\u00eda Mu\u00f1oz Ledo\u2014 la educaci\u00f3n es una pedagog\u00eda social\u2026 pienso que mi verdadera vocaci\u00f3n es la de educador; es m\u00e1s, soy un pol\u00edtico did\u00e1ctico\u201d.<\/p>\n\n\n\n<p>Las voces que construyen la narrativa de la transici\u00f3n democr\u00e1tica<\/p>\n\n\n\n<p>El libro integra reflexiones de actores hist\u00f3ricos, especialistas y testigos directos, entre ellos:<\/p>\n\n\n\n<p>Cuauht\u00e9moc C\u00e1rdenas Sol\u00f3rzano<\/p>\n\n\n\n<p>Reflexiona sobre la transici\u00f3n pendiente, se\u00f1alando que la democracia va m\u00e1s all\u00e1 de lo electoral. Plantea como objetivos esenciales la igualdad social, el abatimiento de la pobreza, el acceso efectivo a la salud y educaci\u00f3n, el trabajo y la seguridad social, la racionalidad en el uso de los recursos de la naci\u00f3n, el combate a la corrupci\u00f3n, la independencia frente a poderes hegem\u00f3nicos y la equidad en las relaciones internacionales. Todo ello, sostiene, s\u00f3lo es posible bajo un Estado de derecho efectivo.<\/p>\n\n\n\n<p>Ifigenia Mart\u00ednez y Hern\u00e1ndez<\/p>\n\n\n\n<p>Desde su formaci\u00f3n econ\u00f3mica, subraya la urgencia de pol\u00edticas que impulsen la redistribuci\u00f3n del ingreso, acompa\u00f1adas de mejoras educativas y tecnol\u00f3gicas. Se\u00f1ala que la formaci\u00f3n de una sociedad informada y culta es un pendiente fundamental, especialmente para las nuevas generaciones.<\/p>\n\n\n\n<p>Propone retomar la planeaci\u00f3n econ\u00f3mica prospectiva mediante la creaci\u00f3n de un Consejo Econ\u00f3mico y Social que incluya a los diversos actores econ\u00f3micos, pol\u00edticos y sociales, con el fin de acompa\u00f1ar t\u00e9cnicamente las pol\u00edticas gubernamentales y garantizar su alineaci\u00f3n con las metas nacionales e internacionales.<\/p>\n\n\n\n<p>Marcos Rasc\u00f3n<\/p>\n\n\n\n<figure class=\"wp-block-gallery has-nested-images columns-default is-cropped wp-block-gallery-3 is-layout-flex wp-block-gallery-is-layout-flex\">\n<figure class=\"wp-block-image size-large\"><img decoding=\"async\" width=\"500\" height=\"376\" data-id=\"1079546\" src=\"https:\/\/dimensionturistica.com\/es\/wp-content\/uploads\/2025\/11\/5\u00bf099K.jpg\" alt=\"\" class=\"wp-image-1079546\" srcset=\"https:\/\/dimensionturistica.com\/es\/wp-content\/uploads\/2025\/11\/5\u00bf099K.jpg 500w, https:\/\/dimensionturistica.com\/es\/wp-content\/uploads\/2025\/11\/5\u00bf099K-300x226.jpg 300w\" sizes=\"(max-width: 500px) 100vw, 500px\" \/><\/figure>\n<\/figure>\n\n\n\n<p>Analiza el escenario polarizado de 2024 y afirma que el pa\u00eds se encontr\u00f3 atrapado en un \u201cpopulismo delirante\u201d. Sostiene que el principal adversario del obradorismo no fue la oposici\u00f3n pol\u00edtica, sino \u201cla realidad\u201d. Describe un contexto de regresi\u00f3n institucional, se\u00f1alando la intenci\u00f3n de impulsar contrarreformas al Poder Judicial y a los organismos aut\u00f3nomos desde un \u201cmaximato clandestino\u201d.<\/p>\n\n\n\n<p>Advierte que M\u00e9xico \u201cvive, pero sin futuro\u201d, describiendo una sociedad fragmentada, polarizada, amenazada tanto por el populismo local como por el imperialismo del norte, y desconectada de su tradici\u00f3n progresista y democr\u00e1tica.<\/p>\n\n\n\n<p>Mar\u00eda Xelhuantzi L\u00f3pez y Leonel Dur\u00e1n Sol\u00eds<\/p>\n\n\n\n<p>Abordan el papel hist\u00f3rico de la Corriente Democr\u00e1tica del PRI, considerada un verdadero parteaguas en la historia pol\u00edtica de M\u00e9xico y un motor significativo de la transici\u00f3n.<\/p>\n\n\n\n<p>Mar\u00eda Teresa G\u00f3mez Mont<\/p>\n\n\n\n<p>Desde la visi\u00f3n panista, analiza la Cuarta Transformaci\u00f3n pendiente. Describe como primera transformaci\u00f3n la llegada de Vicente Fox y la alternancia; como segunda, el retorno del PRI con Pe\u00f1a Nieto; como tercera, el triunfo de la izquierda con Andr\u00e9s Manuel L\u00f3pez Obrador; y sostiene que la cuarta transformaci\u00f3n, de fondo, contin\u00faa sin concretarse.<\/p>\n\n\n\n<p>Marta Anaya<\/p>\n\n\n\n<p>La periodista revisita el episodio conocido como la ca\u00edda del sistema en 1988, uno de los momentos m\u00e1s pol\u00e9micos de la historia electoral de M\u00e9xico.<\/p>\n\n\n\n<p>Jos\u00e9 Woldenberg<\/p>\n\n\n\n<p>El expresidente del IFE presenta una defensa s\u00f3lida de la autonom\u00eda de los \u00f3rganos electorales, destacando su papel en la construcci\u00f3n de elecciones m\u00e1s confiables y en la institucionalizaci\u00f3n democr\u00e1tica del pa\u00eds.<\/p>\n\n\n\n<p>Ricardo Valero<\/p>\n\n\n\n<p>Analiza el proceso hist\u00f3rico que dio origen al Partido de la Revoluci\u00f3n Democr\u00e1tica (PRD), sus principios fundacionales y su impacto en la vida pol\u00edtica nacional.<\/p>\n\n\n\n<p>Gilberto L\u00f3pez y Rivas<\/p>\n\n\n\n<p>Se refiere al levantamiento zapatista, sus implicaciones sociales, pol\u00edticas y culturales, y su marca en el panorama nacional.<\/p>\n\n\n\n<p>Amalia Garc\u00eda<\/p>\n\n\n\n<p>Revisa la evoluci\u00f3n y significado del PRD en distintos momentos de su historia.<\/p>\n\n\n\n<p>Rosario Robles<\/p>\n\n\n\n<p>Reflexiona sobre la transformaci\u00f3n pol\u00edtica de la Ciudad de M\u00e9xico y los procesos que permitieron consolidar su autonom\u00eda pol\u00edtica.<\/p>\n\n\n\n<p>Jorge Torres Castillo<\/p>\n\n\n\n<p>Analiza la reforma del Estado, el presidencialismo y su papel en los procesos de cambio democr\u00e1tico.<\/p>\n\n\n\n<p>Rub\u00e9n Aguilar Valenzuela<\/p>\n\n\n\n<p>Aborda la transici\u00f3n y alternancia en M\u00e9xico, destacando los elementos clave que permitieron los cambios pol\u00edticos ocurridos en las \u00faltimas d\u00e9cadas.<\/p>\n\n\n\n<p>Inti Mu\u00f1oz Santini<\/p>\n\n\n\n<p>Explora el obradorismo y su v\u00ednculo con la izquierda en la transformaci\u00f3n democr\u00e1tica contempor\u00e1nea.<\/p>\n\n\n\n<p>Un homenaje al pensamiento y legado de Porfirio Mu\u00f1oz Ledo<\/p>\n\n\n\n<p>Camino a la Nueva Rep\u00fablica celebra el compromiso de Porfirio Mu\u00f1oz Ledo con la construcci\u00f3n democr\u00e1tica del pa\u00eds. Su visi\u00f3n, su capacidad de convocatoria y su car\u00e1cter did\u00e1ctico quedaron plasmados en esta obra, que busca no s\u00f3lo documentar la historia, sino aportar elementos para comprender los retos mediatos e inmediatos de la naci\u00f3n.<\/p>\n","protected":false},"excerpt":{"rendered":"<p>La editorial Penguin Random House M\u00e9xico anuncia el lanzamiento de \u201cCamino a la Nueva Rep\u00fablica\u201d, una obra colectiva concebida por Porfirio Mu\u00f1oz Ledo con la finalidad de reunir los testimonios de quienes participaron en la transici\u00f3n democr\u00e1tica de finales del siglo XX y los primeros a\u00f1os del siglo XXI. Este libro materializa la visi\u00f3n del [&hellip;]<\/p>\n","protected":false},"author":1,"featured_media":0,"comment_status":"open","ping_status":"closed","sticky":false,"template":"","format":"standard","meta":{"om_disable_all_campaigns":false,"jnews-multi-image_gallery":[],"jnews_single_post":[],"jnews_primary_category":[],"jnews_social_meta":[],"footnotes":""},"categories":[40],"tags":[],"class_list":["post-1079543","post","type-post","status-publish","format-standard","hentry","category-industria"],"_links":{"self":[{"href":"https:\/\/dimensionturistica.com\/es\/wp-json\/wp\/v2\/posts\/1079543","targetHints":{"allow":["GET"]}}],"collection":[{"href":"https:\/\/dimensionturistica.com\/es\/wp-json\/wp\/v2\/posts"}],"about":[{"href":"https:\/\/dimensionturistica.com\/es\/wp-json\/wp\/v2\/types\/post"}],"author":[{"embeddable":true,"href":"https:\/\/dimensionturistica.com\/es\/wp-json\/wp\/v2\/users\/1"}],"replies":[{"embeddable":true,"href":"https:\/\/dimensionturistica.com\/es\/wp-json\/wp\/v2\/comments?post=1079543"}],"version-history":[{"count":1,"href":"https:\/\/dimensionturistica.com\/es\/wp-json\/wp\/v2\/posts\/1079543\/revisions"}],"predecessor-version":[{"id":1079547,"href":"https:\/\/dimensionturistica.com\/es\/wp-json\/wp\/v2\/posts\/1079543\/revisions\/1079547"}],"wp:attachment":[{"href":"https:\/\/dimensionturistica.com\/es\/wp-json\/wp\/v2\/media?parent=1079543"}],"wp:term":[{"taxonomy":"category","embeddable":true,"href":"https:\/\/dimensionturistica.com\/es\/wp-json\/wp\/v2\/categories?post=1079543"},{"taxonomy":"post_tag","embeddable":true,"href":"https:\/\/dimensionturistica.com\/es\/wp-json\/wp\/v2\/tags?post=1079543"}],"curies":[{"name":"wp","href":"https:\/\/api.w.org\/{rel}","templated":true}]}}