{"id":1079506,"date":"2025-11-29T16:22:52","date_gmt":"2025-11-29T16:22:52","guid":{"rendered":"https:\/\/dimensionturistica.com\/es\/?p=1079506"},"modified":"2025-11-29T16:22:52","modified_gmt":"2025-11-29T16:22:52","slug":"un-periodista-ciego-se-une-a-un-crucero-100-accesible-por-el-mediterraneo","status":"publish","type":"post","link":"https:\/\/dimensionturistica.com\/es\/un-periodista-ciego-se-une-a-un-crucero-100-accesible-por-el-mediterraneo\/","title":{"rendered":"Un periodista ciego se une a un crucero 100 % accesible por el Mediterr\u00e1neo"},"content":{"rendered":"<h3>Descubriendo el Mediterr\u00e1neo: Cruceros Accesibles para Todos<\/h3>\n<p>El turismo accesible se est\u00e1 convirtiendo en una prioridad en el mundo de los viajes, y la reciente iniciativa de un crucero por el Mediterr\u00e1neo est\u00e1 redefiniendo lo que significa explorar el mar. Con especial atenci\u00f3n a las necesidades de las personas con discapacidad, este innovador proyecto, impulsado por un reconocido grupo social, busca ofrecer a todos la oportunidad de experimentar la magia del Mediterr\u00e1neo sin barreras.<\/p>\n<p>Imagina subir a bordo de un lujoso crucero donde cada rinc\u00f3n est\u00e1 dise\u00f1ado para ser inclusivo. Las cabinas est\u00e1n equipadas con accesos adecuados y los espacios comunes han sido adaptados para asegurar que cada pasajero pueda disfrutar de las instalaciones. Este enfoque integral no solo fomenta la inclusi\u00f3n, sino que tambi\u00e9n se traduce en una experiencia de viaje placentera para todos.<\/p>\n<p>Los itinerarios est\u00e1n cuidadosamente planificados para incluir visitas a algunos de los destinos m\u00e1s emblem\u00e1ticos de la regi\u00f3n mediterr\u00e1nea. Desde el hist\u00f3rico puerto de Barcelona hasta las pintorescas calles de Dubrovnik, los pasajeros podr\u00e1n sumergirse en la cultura, la gastronom\u00eda y las tradiciones locales. Adem\u00e1s, todas las excursiones est\u00e1n dise\u00f1adas con un enfoque accesible, garantizando que nadie se quede atr\u00e1s en la exploraci\u00f3n.<\/p>\n<p>La importancia de turismo inclusivo va m\u00e1s all\u00e1 de ofrecer comodidad; se trata de romper estigmas y crear un mundo donde todos puedan compartir momentos inolvidables. Esta iniciativa est\u00e1 atrayendo no solo a viajeros con discapacidad, sino tambi\u00e9n a familias y amigos que desean disfrutar juntos de estas experiencias.<\/p>\n<p>A lo largo del viaje, los cruceristas tienen la oportunidad de participar en actividades adaptadas, desde talleres de cocina Mediterr\u00e1nea hasta excursiones culturales que enriquecen la experiencia. Yacht clubs y gu\u00edas locales capacitados est\u00e1n comprometidos a proporcionar un servicio excepcional, asegur\u00e1ndose de que cada uno de los participantes se sienta valorado y bienvenidos.<\/p>\n<p>Adem\u00e1s, este tipo de turismo accesible conlleva un impacto positivo en la econom\u00eda local de los destinos visitados. A medida que m\u00e1s viajero accesibles optan por explorar, las comunidades locales se benefician del aumento en el turismo y el descubrimiento de su rica herencia cultural.<\/p>\n<p>La experiencia de un crucero accesible por el Mediterr\u00e1neo es un verdadero testimonio de que el viaje no debe tener restricciones. Es un recordatorio de que, en la diversidad, encontraremos la riqueza del turismo. Con cada ola del mar llev\u00e1ndonos a nuevas aventuras, un futuro inclusivo y diverso se perfila en el horizonte de nuestras escapadas.<\/p>\n<p>As\u00ed que, si sue\u00f1as con un viaje donde cada persona sea bienvenidas, considera embarcarte en este crucero excepcional. La aventura te espera, y el Mediterr\u00e1neo est\u00e1 listo para ser descubierto por todos.<\/p>\n<p><em> &#8221; Fuentes www.cmmedia.es &#8221; <\/em><\/p>\n","protected":false},"excerpt":{"rendered":"<p>Descubriendo el Mediterr\u00e1neo: Cruceros Accesibles para Todos El turismo accesible se est\u00e1 convirtiendo en una prioridad en el mundo de los viajes, y la reciente iniciativa de un crucero por el Mediterr\u00e1neo est\u00e1 redefiniendo lo que significa explorar el mar. Con especial atenci\u00f3n a las necesidades de las personas con discapacidad, este innovador proyecto, impulsado [&hellip;]<\/p>\n","protected":false},"author":4,"featured_media":1079507,"comment_status":"open","ping_status":"closed","sticky":false,"template":"","format":"standard","meta":{"om_disable_all_campaigns":false,"jnews-multi-image_gallery":[],"jnews_single_post":[],"jnews_primary_category":[],"jnews_social_meta":[],"footnotes":""},"categories":[41],"tags":[11324,5884,258430,8956,12850,1436,8662,258429,151,544],"class_list":["post-1079506","post","type-post","status-publish","format-standard","has-post-thumbnail","hentry","category-cruceros","tag-accesibilidad","tag-castilla-la-mancha","tag-crucero-accesible","tag-discapacidad","tag-inclusion","tag-mediterraneo","tag-navegacion","tag-periodista-invidente","tag-radio","tag-turismo"],"_links":{"self":[{"href":"https:\/\/dimensionturistica.com\/es\/wp-json\/wp\/v2\/posts\/1079506","targetHints":{"allow":["GET"]}}],"collection":[{"href":"https:\/\/dimensionturistica.com\/es\/wp-json\/wp\/v2\/posts"}],"about":[{"href":"https:\/\/dimensionturistica.com\/es\/wp-json\/wp\/v2\/types\/post"}],"author":[{"embeddable":true,"href":"https:\/\/dimensionturistica.com\/es\/wp-json\/wp\/v2\/users\/4"}],"replies":[{"embeddable":true,"href":"https:\/\/dimensionturistica.com\/es\/wp-json\/wp\/v2\/comments?post=1079506"}],"version-history":[{"count":1,"href":"https:\/\/dimensionturistica.com\/es\/wp-json\/wp\/v2\/posts\/1079506\/revisions"}],"predecessor-version":[{"id":1079508,"href":"https:\/\/dimensionturistica.com\/es\/wp-json\/wp\/v2\/posts\/1079506\/revisions\/1079508"}],"wp:featuredmedia":[{"embeddable":true,"href":"https:\/\/dimensionturistica.com\/es\/wp-json\/wp\/v2\/media\/1079507"}],"wp:attachment":[{"href":"https:\/\/dimensionturistica.com\/es\/wp-json\/wp\/v2\/media?parent=1079506"}],"wp:term":[{"taxonomy":"category","embeddable":true,"href":"https:\/\/dimensionturistica.com\/es\/wp-json\/wp\/v2\/categories?post=1079506"},{"taxonomy":"post_tag","embeddable":true,"href":"https:\/\/dimensionturistica.com\/es\/wp-json\/wp\/v2\/tags?post=1079506"}],"curies":[{"name":"wp","href":"https:\/\/api.w.org\/{rel}","templated":true}]}}