{"id":1079505,"date":"2025-11-29T16:39:08","date_gmt":"2025-11-29T16:39:08","guid":{"rendered":"https:\/\/dimensionturistica.com\/es\/?p=1079505"},"modified":"2025-11-29T16:39:08","modified_gmt":"2025-11-29T16:39:08","slug":"nizuc-resort-spa-recibe-premio-como-el-mejor-hotel-de-mexico","status":"publish","type":"post","link":"https:\/\/dimensionturistica.com\/es\/nizuc-resort-spa-recibe-premio-como-el-mejor-hotel-de-mexico\/","title":{"rendered":"NIZUC Resort &amp; Spa recibe premio como el Mejor Hotel de M\u00e9xico"},"content":{"rendered":"\n<figure class=\"wp-block-gallery has-nested-images columns-default is-cropped wp-block-gallery-1 is-layout-flex wp-block-gallery-is-layout-flex\">\n<figure class=\"wp-block-image size-large\"><img decoding=\"async\" width=\"500\" height=\"281\" data-id=\"1079509\" src=\"https:\/\/dimensionturistica.com\/es\/wp-content\/uploads\/2025\/11\/LOGOS-2.jpg\" alt=\"\" class=\"wp-image-1079509\" srcset=\"https:\/\/dimensionturistica.com\/es\/wp-content\/uploads\/2025\/11\/LOGOS-2.jpg 500w, https:\/\/dimensionturistica.com\/es\/wp-content\/uploads\/2025\/11\/LOGOS-2-300x169.jpg 300w\" sizes=\"(max-width: 500px) 100vw, 500px\" \/><\/figure>\n<\/figure>\n\n\n\n<p>El exclusivo NIZUC Resort &amp; Spa ha sido reconocido con el prestigioso premio \u00c1ngel del Turismo 2025, en la categor\u00eda Mejor Hotel del A\u00f1o, durante la d\u00e9cima edici\u00f3n de esta gala que celebra a las personalidades, empresas e instituciones m\u00e1s destacadas de la industria tur\u00edstica en M\u00e9xico.<\/p>\n\n\n\n<figure class=\"wp-block-gallery has-nested-images columns-default is-cropped wp-block-gallery-2 is-layout-flex wp-block-gallery-is-layout-flex\">\n<figure class=\"wp-block-image size-large\"><img decoding=\"async\" width=\"500\" height=\"444\" data-id=\"1079510\" src=\"https:\/\/dimensionturistica.com\/es\/wp-content\/uploads\/2025\/11\/1NIZUK.jpg\" alt=\"\" class=\"wp-image-1079510\" srcset=\"https:\/\/dimensionturistica.com\/es\/wp-content\/uploads\/2025\/11\/1NIZUK.jpg 500w, https:\/\/dimensionturistica.com\/es\/wp-content\/uploads\/2025\/11\/1NIZUK-300x266.jpg 300w\" sizes=\"(max-width: 500px) 100vw, 500px\" \/><\/figure>\n<\/figure>\n\n\n\n<p>La lujosa propiedad de Grupo Brisas en el Caribe Mexicano, miembro de Preferred Hotels &amp; Resorts, el grupo de hoteles de lujo independientes m\u00e1s grande del mundo y con propiedades en m\u00e1s de 80 pa\u00edses, recibi\u00f3 esta distinci\u00f3n en la Noche de \u00c1ngeles, una memorable velada para premiar a los principales protagonistas del sector de viajes y hospitalidad del pa\u00eds y su invaluable aporte de quienes impulsan el desarrollo del turismo nacional.<\/p>\n\n\n\n<p>\u201cNos llena de orgullo recibir este galard\u00f3n que reconoce la excelencia de lo mejor del turismo en M\u00e9xico. Es un reconocimiento que premia el esfuerzo y compromiso de todos los colaboradores por brindar experiencias memorables\u201d, coment\u00f3 Rous Borbon, Gerente de Relaciones P\u00fablicas, quien asisti\u00f3 en representaci\u00f3n de Ricardo Su\u00e1rez, Director General del NIZUC Resort &amp; Spa.<\/p>\n\n\n\n<figure class=\"wp-block-gallery has-nested-images columns-default is-cropped wp-block-gallery-3 is-layout-flex wp-block-gallery-is-layout-flex\">\n<figure class=\"wp-block-image size-large\"><img decoding=\"async\" width=\"500\" height=\"495\" data-id=\"1079511\" src=\"https:\/\/dimensionturistica.com\/es\/wp-content\/uploads\/2025\/11\/2NIZUK.jpg\" alt=\"\" class=\"wp-image-1079511\" srcset=\"https:\/\/dimensionturistica.com\/es\/wp-content\/uploads\/2025\/11\/2NIZUK.jpg 500w, https:\/\/dimensionturistica.com\/es\/wp-content\/uploads\/2025\/11\/2NIZUK-300x297.jpg 300w, https:\/\/dimensionturistica.com\/es\/wp-content\/uploads\/2025\/11\/2NIZUK-150x150.jpg 150w, https:\/\/dimensionturistica.com\/es\/wp-content\/uploads\/2025\/11\/2NIZUK-75x75.jpg 75w\" sizes=\"(max-width: 500px) 100vw, 500px\" \/><\/figure>\n<\/figure>\n\n\n\n<p>Considerado uno de los complejos tur\u00edsticos m\u00e1s lujosos y exclusivos del Caribe Mexicano, NIZUC Resort &amp; Spa ha sido galardonado con m\u00faltiples reconocimientos, como los Cinco Diamantes de la AAA y las Cinco Estrellas de Forbes Travel Guide, distinciones reservadas para los resorts m\u00e1s prestigiosos de la industria en el mundo.<\/p>\n\n\n\n<p>El galard\u00f3n Mejor Hotel del A\u00f1o reconoce a la propiedad que eleva la hospitalidad mexicana a otro nivel al ofrecer propuestas y experiencias innovadoras, respaldadas por la preferencia de sus clientes, as\u00ed como un acervo arquitect\u00f3nico y un dise\u00f1o extraordinario que la distinguen dentro de la industria.<\/p>\n\n\n\n<figure class=\"wp-block-gallery has-nested-images columns-default is-cropped wp-block-gallery-4 is-layout-flex wp-block-gallery-is-layout-flex\">\n<figure class=\"wp-block-image size-large\"><img decoding=\"async\" width=\"500\" height=\"338\" data-id=\"1079512\" src=\"https:\/\/dimensionturistica.com\/es\/wp-content\/uploads\/2025\/11\/6NIZUK.jpg\" alt=\"\" class=\"wp-image-1079512\" srcset=\"https:\/\/dimensionturistica.com\/es\/wp-content\/uploads\/2025\/11\/6NIZUK.jpg 500w, https:\/\/dimensionturistica.com\/es\/wp-content\/uploads\/2025\/11\/6NIZUK-300x203.jpg 300w\" sizes=\"(max-width: 500px) 100vw, 500px\" \/><\/figure>\n<\/figure>\n\n\n\n<p>El \u00c1ngel del Turismo celebra a las personas, empresas e instituciones que destacan en innovaci\u00f3n, emprendimiento, promoci\u00f3n, trayectoria, legado, gesti\u00f3n p\u00fablica, sustentabilidad, transporte, hoteler\u00eda, gastronom\u00eda y conservaci\u00f3n del patrimonio cultural, natural y art\u00edstico de M\u00e9xico. Este galard\u00f3n se ha consolidado como un referente en el impulso a nuevos talentos, tecnolog\u00edas y proyectos, y pone especial \u00e9nfasis en el turismo comunitario, social, incluyente y sustentable<\/p>\n\n\n\n<figure class=\"wp-block-gallery has-nested-images columns-default is-cropped wp-block-gallery-5 is-layout-flex wp-block-gallery-is-layout-flex\">\n<figure class=\"wp-block-image size-large\"><img decoding=\"async\" width=\"500\" height=\"666\" data-id=\"1079513\" src=\"https:\/\/dimensionturistica.com\/es\/wp-content\/uploads\/2025\/11\/4NIZUK.jpg\" alt=\"\" class=\"wp-image-1079513\" srcset=\"https:\/\/dimensionturistica.com\/es\/wp-content\/uploads\/2025\/11\/4NIZUK.jpg 500w, https:\/\/dimensionturistica.com\/es\/wp-content\/uploads\/2025\/11\/4NIZUK-225x300.jpg 225w\" sizes=\"(max-width: 500px) 100vw, 500px\" \/><\/figure>\n<\/figure>\n","protected":false},"excerpt":{"rendered":"<p>El exclusivo NIZUC Resort &amp; Spa ha sido reconocido con el prestigioso premio \u00c1ngel del Turismo 2025, en la categor\u00eda Mejor Hotel del A\u00f1o, durante la d\u00e9cima edici\u00f3n de esta gala que celebra a las personalidades, empresas e instituciones m\u00e1s destacadas de la industria tur\u00edstica en M\u00e9xico. La lujosa propiedad de Grupo Brisas en el [&hellip;]<\/p>\n","protected":false},"author":1,"featured_media":0,"comment_status":"open","ping_status":"closed","sticky":false,"template":"","format":"standard","meta":{"om_disable_all_campaigns":false,"jnews-multi-image_gallery":[],"jnews_single_post":{"format":"standard"},"jnews_primary_category":[],"jnews_social_meta":[],"footnotes":""},"categories":[39],"tags":[],"class_list":["post-1079505","post","type-post","status-publish","format-standard","hentry","category-viajes"],"_links":{"self":[{"href":"https:\/\/dimensionturistica.com\/es\/wp-json\/wp\/v2\/posts\/1079505","targetHints":{"allow":["GET"]}}],"collection":[{"href":"https:\/\/dimensionturistica.com\/es\/wp-json\/wp\/v2\/posts"}],"about":[{"href":"https:\/\/dimensionturistica.com\/es\/wp-json\/wp\/v2\/types\/post"}],"author":[{"embeddable":true,"href":"https:\/\/dimensionturistica.com\/es\/wp-json\/wp\/v2\/users\/1"}],"replies":[{"embeddable":true,"href":"https:\/\/dimensionturistica.com\/es\/wp-json\/wp\/v2\/comments?post=1079505"}],"version-history":[{"count":1,"href":"https:\/\/dimensionturistica.com\/es\/wp-json\/wp\/v2\/posts\/1079505\/revisions"}],"predecessor-version":[{"id":1079514,"href":"https:\/\/dimensionturistica.com\/es\/wp-json\/wp\/v2\/posts\/1079505\/revisions\/1079514"}],"wp:attachment":[{"href":"https:\/\/dimensionturistica.com\/es\/wp-json\/wp\/v2\/media?parent=1079505"}],"wp:term":[{"taxonomy":"category","embeddable":true,"href":"https:\/\/dimensionturistica.com\/es\/wp-json\/wp\/v2\/categories?post=1079505"},{"taxonomy":"post_tag","embeddable":true,"href":"https:\/\/dimensionturistica.com\/es\/wp-json\/wp\/v2\/tags?post=1079505"}],"curies":[{"name":"wp","href":"https:\/\/api.w.org\/{rel}","templated":true}]}}