{"id":1079469,"date":"2025-11-29T14:07:54","date_gmt":"2025-11-29T14:07:54","guid":{"rendered":"https:\/\/dimensionturistica.com\/es\/?p=1079469"},"modified":"2025-11-29T14:07:54","modified_gmt":"2025-11-29T14:07:54","slug":"la-numerologia-de-2026-senala-un-cambio-radical","status":"publish","type":"post","link":"https:\/\/dimensionturistica.com\/es\/la-numerologia-de-2026-senala-un-cambio-radical\/","title":{"rendered":"La Numerolog\u00eda de 2026 Se\u00f1ala un Cambio Radical"},"content":{"rendered":"<h3>2026: El A\u00f1o de la Transformaci\u00f3n en la Moda<\/h3>\n<p>Con cada nuevo a\u00f1o, el mundo de la moda se convierte en un espejo que refleja no solo tendencias est\u00e9ticas, sino tambi\u00e9n transformaciones profundas en la sociedad y en la cultura. Al mirar hacia 2026, se activa un fascinante entramado de significados, guiado por la numerolog\u00eda y su potencial para predecir tendencias que impactan en el estilo personal.<\/p>\n<h4>El N\u00famero 8: Poder y Abundancia<\/h4>\n<p>En la numerolog\u00eda, el n\u00famero 8 simboliza poder y abundancia. Esto sugiere que en 2026, la moda responder\u00e1 a una necesidad renovada de equilibrio entre lo material y lo espiritual. Los dise\u00f1adores probablemente explorar\u00e1n colecciones que fusionen sostenibilidad y lujo, destacando la importancia de elegir piezas que no solo sean visualmente atractivas, sino tambi\u00e9n responsables.<\/p>\n<h4>Innovaci\u00f3n y Tecnolog\u00eda<\/h4>\n<p>El avance tecnol\u00f3gico promete revolucionar la industria. En este contexto, podemos anticipar un incremento en el uso de materiales innovadores y pr\u00e1cticas de producci\u00f3n sostenibles. La intersecci\u00f3n entre la moda y la tecnolog\u00eda abrir\u00e1 un horizonte de posibilidades, donde la personalizaci\u00f3n y la inteligencia artificial jugar\u00e1n un papel crucial. Esta tendencia no solo atraer\u00e1 a un p\u00fablico joven y consciente, sino que tambi\u00e9n redefine la relaci\u00f3n del consumidor con la ropa.<\/p>\n<h4>La Influencia Cultural<\/h4>\n<p>2026 estar\u00e1 marcado por una renovaci\u00f3n de la identidad cultural y un regreso a las ra\u00edces. La moda se convertir\u00e1 en un medio para contar historias. Dise\u00f1adores de todo el mundo buscar\u00e1n en sus tradiciones y legados, fusionando elementos contempor\u00e1neos con estilos cl\u00e1sicos. Las pasarellas no solo mostrar\u00e1n ropa, sino que ofrecer\u00e1n un lienzo para la expresi\u00f3n cultural.<\/p>\n<h4>Inclusividad y Diversidad<\/h4>\n<p>La inclusi\u00f3n seguir\u00e1 siendo un pilar fundamental. Con el crecimiento de movimientos sociales que abogan por una representaci\u00f3n real, la moda responder\u00e1 con una variedad de formas, tallas y g\u00e9neros. Las marcas que no logren adaptarse a esta realidad podr\u00edan quedar atr\u00e1s, mientras que las que celebren la diversidad florecer\u00e1n, promoviendo un clima creativo enriquecido y vibrante.<\/p>\n<h4>Estilo de Vida: La Moda como Experiencia<\/h4>\n<p>El concepto de la moda como una experiencia, y no solo como un producto, ganar\u00e1 fuerza. Las colaboraciones con artistas, m\u00fasicos y creativos multidisciplinarios crear\u00e1n eventos inmersivos, donde la moda traspasar\u00e1 la pasarela y se infiltrar\u00e1 en la cultura del d\u00eda a d\u00eda. As\u00ed, el guardarropa personal se convertir\u00e1 en una extensi\u00f3n de la identidad, permitiendo a cada individuo expresar qui\u00e9nes son y c\u00f3mo se sienten.<\/p>\n<h3>Anticipando el Futuro<\/h3>\n<p>A medida que nos acercamos a 2026, la combinaci\u00f3n de tecnolog\u00eda, sostenibilidad y diversidad transformar\u00e1 la manera en que percibimos la moda. La industria se enfrenta a un desaf\u00edo emocionante y complejo: crear no solo prendas que se vendan, sino tambi\u00e9n narrativas que resuenen con una audiencia cada vez m\u00e1s cr\u00edtica y consciente.<\/p>\n<p>Este nuevo ciclo en la moda no solo ser\u00e1 acerca de lo que llevamos, sino de lo que significa llevarlo. La moda se revelar\u00e1 como un lenguaje universal, capaz de conectar y contar historias a trav\u00e9s de cada hilo y cada dise\u00f1o.<\/p>\n<p><em> &#8221; Fuentes www.vogue.com &#8221; <\/em><\/p>\n","protected":false},"excerpt":{"rendered":"<p>2026: El A\u00f1o de la Transformaci\u00f3n en la Moda Con cada nuevo a\u00f1o, el mundo de la moda se convierte en un espejo que refleja no solo tendencias est\u00e9ticas, sino tambi\u00e9n transformaciones profundas en la sociedad y en la cultura. Al mirar hacia 2026, se activa un fascinante entramado de significados, guiado por la numerolog\u00eda [&hellip;]<\/p>\n","protected":false},"author":14,"featured_media":1079470,"comment_status":"open","ping_status":"closed","sticky":false,"template":"","format":"standard","meta":{"om_disable_all_campaigns":false,"jnews-multi-image_gallery":[],"jnews_single_post":[],"jnews_primary_category":[],"jnews_social_meta":[],"footnotes":""},"categories":[144872],"tags":[55723,211,258409,217033,258407,206433,256903,73628,258408,258410],"class_list":["post-1079469","post","type-post","status-publish","format-standard","has-post-thumbnail","hentry","category-fashion","tag-55723","tag-astrology","tag-cosmic-shifting","tag-life-changes","tag-major-reset","tag-metaphysics","tag-numerology","tag-personal-growth","tag-spiritual-insights","tag-year-of-transformation"],"_links":{"self":[{"href":"https:\/\/dimensionturistica.com\/es\/wp-json\/wp\/v2\/posts\/1079469","targetHints":{"allow":["GET"]}}],"collection":[{"href":"https:\/\/dimensionturistica.com\/es\/wp-json\/wp\/v2\/posts"}],"about":[{"href":"https:\/\/dimensionturistica.com\/es\/wp-json\/wp\/v2\/types\/post"}],"author":[{"embeddable":true,"href":"https:\/\/dimensionturistica.com\/es\/wp-json\/wp\/v2\/users\/14"}],"replies":[{"embeddable":true,"href":"https:\/\/dimensionturistica.com\/es\/wp-json\/wp\/v2\/comments?post=1079469"}],"version-history":[{"count":1,"href":"https:\/\/dimensionturistica.com\/es\/wp-json\/wp\/v2\/posts\/1079469\/revisions"}],"predecessor-version":[{"id":1079471,"href":"https:\/\/dimensionturistica.com\/es\/wp-json\/wp\/v2\/posts\/1079469\/revisions\/1079471"}],"wp:featuredmedia":[{"embeddable":true,"href":"https:\/\/dimensionturistica.com\/es\/wp-json\/wp\/v2\/media\/1079470"}],"wp:attachment":[{"href":"https:\/\/dimensionturistica.com\/es\/wp-json\/wp\/v2\/media?parent=1079469"}],"wp:term":[{"taxonomy":"category","embeddable":true,"href":"https:\/\/dimensionturistica.com\/es\/wp-json\/wp\/v2\/categories?post=1079469"},{"taxonomy":"post_tag","embeddable":true,"href":"https:\/\/dimensionturistica.com\/es\/wp-json\/wp\/v2\/tags?post=1079469"}],"curies":[{"name":"wp","href":"https:\/\/api.w.org\/{rel}","templated":true}]}}