{"id":1079463,"date":"2025-11-29T13:48:32","date_gmt":"2025-11-29T13:48:32","guid":{"rendered":"https:\/\/dimensionturistica.com\/es\/?p=1079463"},"modified":"2025-11-29T13:48:32","modified_gmt":"2025-11-29T13:48:32","slug":"gucci-elige-la-gran-manzana-para-desvelar-su-coleccion-de-crucero-2027-2","status":"publish","type":"post","link":"https:\/\/dimensionturistica.com\/es\/gucci-elige-la-gran-manzana-para-desvelar-su-coleccion-de-crucero-2027-2\/","title":{"rendered":"Gucci elige la Gran Manzana para desvelar su colecci\u00f3n de crucero 2027."},"content":{"rendered":"<h3>Nueva York: El Escenario Elegido por Gucci para Su Colecci\u00f3n Crucero 2027<\/h3>\n<p>En un evento que promete ser uno de los momentos m\u00e1s destacados del calendario de la moda, Nueva York se alza como la ciudad elegida por Gucci para presentar su esperada colecci\u00f3n crucero 2027. Este anuncio no solo resalta el estatus de la Gran Manzana como un epicentro de la moda, sino que tambi\u00e9n reafirma la conexi\u00f3n hist\u00f3rica y simb\u00f3lica que la marca italiana ha cultivado con esta vibrante urbe.<\/p>\n<p>La elecci\u00f3n de Nueva York es significativa. Esta metr\u00f3poli, conocida por su dinamismo y diversidad, se convierte en el tel\u00f3n de fondo perfecto para la est\u00e9tica audaz y innovadora de Gucci. La marca ha sabido captar la esencia de su entorno, fusionando el arte, la cultura y la moda en un solo evento. Para la firma, no se trata solo de exhibir una colecci\u00f3n; es una celebraci\u00f3n de la creatividad y la individualidad que caracterizan a la ciudad que nunca duerme.<\/p>\n<p>La presentaci\u00f3n se llevar\u00e1 a cabo en un entorno ic\u00f3nico que a\u00fan no se ha revelado, lo que a\u00f1ade un aire de misterio y anticipaci\u00f3n al evento. Se espera que la elecci\u00f3n del lugar est\u00e9 en sinton\u00eda con los valores de sostenibilidad y modernidad que Gucci ha adoptado en sus proyectos recientes, en un esfuerzo por ser m\u00e1s responsables con el medio ambiente.<\/p>\n<p>Los admiradores de la moda y la cultura est\u00e1n ansiosos por ver c\u00f3mo la marca reinterpretar\u00e1 las tendencias actuales y reflejar\u00e1 la vida neoyorquina a trav\u00e9s de sus dise\u00f1os. Adem\u00e1s, se anticipa que la presentaci\u00f3n se complementar\u00e1 con actuaciones en vivo, instalaciones art\u00edsticas y experiencias interactivas que dejar\u00e1n huella en todos los asistentes.<\/p>\n<p>M\u00e1s all\u00e1 de la pasarela, Nueva York ofrece un sinf\u00edn de oportunidades para explorar. La ciudad, rica en historia y diversidad, se convierte en un atractivo adicional para los amantes del turismo y la moda. Mientras los visitantes llegan para presenciar este evento monumental, pueden aprovechar para descubrir la vibrante escena cultural, los restaurantes galardonados y, por supuesto, las emblem\u00e1ticas tiendas de moda que adornan las calles de Manhattan.<\/p>\n<p>La elecci\u00f3n de Nueva York marca un nuevo cap\u00edtulo en la narrativa de Gucci, reafirmando su compromiso con la innovaci\u00f3n y la conexi\u00f3n emocional con su audiencia. La marca invita no solo a los fashionistas, sino a todos los curiosos y amantes de la cultura a formar parte de esta experiencia \u00fanica que promete dejar una huella imborrable en el mundo de la moda.<\/p>\n<p>As\u00ed, mientras el reloj cuenta regresivamente hacia la presentaci\u00f3n de la colecci\u00f3n crucero 2027, la ciudad de Nueva York se prepara para brillar una vez m\u00e1s como el epicentro de la creatividad y la vanguardia. Este evento no solo ser\u00e1 una pasarela, sino un medio para explorar, celebrar y reinventar la relaci\u00f3n entre la moda y la ciudad, haciendo de cada rinc\u00f3n de Nueva York un protagonista en la historia que Gucci est\u00e1 por contar.<\/p>\n<p><em> &#8221; Fuentes mx.fashionnetwork.com &#8221; <\/em><\/p>\n","protected":false},"excerpt":{"rendered":"<p>Nueva York: El Escenario Elegido por Gucci para Su Colecci\u00f3n Crucero 2027 En un evento que promete ser uno de los momentos m\u00e1s destacados del calendario de la moda, Nueva York se alza como la ciudad elegida por Gucci para presentar su esperada colecci\u00f3n crucero 2027. Este anuncio no solo resalta el estatus de la [&hellip;]<\/p>\n","protected":false},"author":4,"featured_media":1079464,"comment_status":"open","ping_status":"closed","sticky":false,"template":"","format":"standard","meta":{"om_disable_all_campaigns":false,"jnews-multi-image_gallery":[],"jnews_single_post":[],"jnews_primary_category":[],"jnews_social_meta":[],"footnotes":""},"categories":[41],"tags":[140448,46889,3381,4664,17674,257864,213927,25966,3743,751,723,45761,140447,20324,2096,103377,150975,659,2506,61912,224835,6801,2539,67293,2182,63132,206267],"class_list":["post-1079463","post","type-post","status-publish","format-standard","has-post-thumbnail","hentry","category-cruceros","tag-alessandro-michele","tag-balenciaga","tag-belleza","tag-chanel","tag-coleccion","tag-crucero-2027","tag-demna-gvasalia","tag-dior","tag-diseno","tag-empleo","tag-evento","tag-gucci","tag-kering","tag-louis-vuitton","tag-lujo","tag-lvmh","tag-metiers-dart","tag-moda","tag-nueva-york","tag-perfume","tag-pierpaolo-piccioli","tag-presentacion","tag-profesionales","tag-red-de-contactos","tag-tendencias","tag-textil","tag-valentino"],"_links":{"self":[{"href":"https:\/\/dimensionturistica.com\/es\/wp-json\/wp\/v2\/posts\/1079463","targetHints":{"allow":["GET"]}}],"collection":[{"href":"https:\/\/dimensionturistica.com\/es\/wp-json\/wp\/v2\/posts"}],"about":[{"href":"https:\/\/dimensionturistica.com\/es\/wp-json\/wp\/v2\/types\/post"}],"author":[{"embeddable":true,"href":"https:\/\/dimensionturistica.com\/es\/wp-json\/wp\/v2\/users\/4"}],"replies":[{"embeddable":true,"href":"https:\/\/dimensionturistica.com\/es\/wp-json\/wp\/v2\/comments?post=1079463"}],"version-history":[{"count":1,"href":"https:\/\/dimensionturistica.com\/es\/wp-json\/wp\/v2\/posts\/1079463\/revisions"}],"predecessor-version":[{"id":1079466,"href":"https:\/\/dimensionturistica.com\/es\/wp-json\/wp\/v2\/posts\/1079463\/revisions\/1079466"}],"wp:featuredmedia":[{"embeddable":true,"href":"https:\/\/dimensionturistica.com\/es\/wp-json\/wp\/v2\/media\/1079464"}],"wp:attachment":[{"href":"https:\/\/dimensionturistica.com\/es\/wp-json\/wp\/v2\/media?parent=1079463"}],"wp:term":[{"taxonomy":"category","embeddable":true,"href":"https:\/\/dimensionturistica.com\/es\/wp-json\/wp\/v2\/categories?post=1079463"},{"taxonomy":"post_tag","embeddable":true,"href":"https:\/\/dimensionturistica.com\/es\/wp-json\/wp\/v2\/tags?post=1079463"}],"curies":[{"name":"wp","href":"https:\/\/api.w.org\/{rel}","templated":true}]}}