{"id":1079446,"date":"2025-11-29T12:54:35","date_gmt":"2025-11-29T12:54:35","guid":{"rendered":"https:\/\/dimensionturistica.com\/es\/?p=1079446"},"modified":"2025-11-29T12:54:35","modified_gmt":"2025-11-29T12:54:35","slug":"el-buque-escuela-elcano-celebra-su-centenario-con-una-travesia-mundial-y-mas-de-200-eventos-conmemorativos","status":"publish","type":"post","link":"https:\/\/dimensionturistica.com\/es\/el-buque-escuela-elcano-celebra-su-centenario-con-una-travesia-mundial-y-mas-de-200-eventos-conmemorativos\/","title":{"rendered":"El buque escuela Elcano celebra su centenario con una traves\u00eda mundial y m\u00e1s de 200 eventos conmemorativos."},"content":{"rendered":"<h3>Elcano: Un Centenario de Navegaci\u00f3n y Aventura<\/h3>\n<p>El a\u00f1o 2028 marcar\u00e1 un hito en la historia mar\u00edtima de Espa\u00f1a, puesto que se celebrar\u00e1 el centenario del Buque Escuela Juan Sebasti\u00e1n Elcano. Este emblem\u00e1tico barco ha sido un s\u00edmbolo de la Marina espa\u00f1ola y un embajador de la cultura y la tradici\u00f3n naval del pa\u00eds durante 100 a\u00f1os.<\/p>\n<p>Con esta celebraci\u00f3n se prev\u00e9 organizar una serie de eventos y actividades a lo largo y ancho de Espa\u00f1a, que prometer\u00e1n no solo rendir homenaje a su rica historia, sino tambi\u00e9n permitir que nuevas generaciones se involucren en la cultura mar\u00edtima. Entre las actividades planeadas, destacan dos grandes cruceros alrededor del mundo, donde los participantes podr\u00e1n experimentar de primera mano la vida en alta mar y aprender sobre los principios de la navegaci\u00f3n.<\/p>\n<h3>Un Viaje a Bordo del Legado<\/h3>\n<p>El Elcano no es solo un buque; es una escuela flote que ha instruido a miles de cadetes en su traves\u00eda por los oc\u00e9anos. Desde su botadura en 1927, ha surcado las aguas m\u00e1s importantes del planeta, participando en importantes eventos y colaborando en tareas de cooperaci\u00f3n internacional. Ser parte de la tripulaci\u00f3n del Elcano no es solo una experiencia de aprendizaje; es un viaje que convierte a los j\u00f3venes en embajadores del mar y la tradici\u00f3n naval espa\u00f1ola.<\/p>\n<h3>Un Oportunidad de Conexi\u00f3n<\/h3>\n<p>Los cruceros que se est\u00e1n organizando para conmemorar el centenario se prev\u00e9 que no solo involucren a cadetes. Alentando la participaci\u00f3n de civiles, estos viajes permitir\u00e1n que un n\u00famero selecto de pasajeros experimente la vida a bordo. A trav\u00e9s de esta iniciativa, se busca conectar a las personas con el mar y fomentar un sentido de comunidad y colaboraci\u00f3n entre los participantes. La experiencia de vivir en un buque escuela, participar en sus maniobras y convivir en un entorno multicultural ser\u00e1, sin duda, enriquecedora.<\/p>\n<h3>Celebraciones a Nivel Nacional<\/h3>\n<p>Las actividades de celebraci\u00f3n no se limitar\u00e1n al mar. En tierra firme, una serie de eventos culturales, exposiciones y foros se llevar\u00e1n a cabo en diversas ciudades espa\u00f1olas. Esto incluir\u00e1 programas educativos en escuelas, exhibiciones de arte relacionadas con la tem\u00e1tica mar\u00edtima y talleres que mostrar\u00e1n la importancia de la navegaci\u00f3n en el desarrollo de las civilizaciones.<\/p>\n<h3>Conclusi\u00f3n<\/h3>\n<p>Con su capacidad de unir generaciones, culturas y experiencias, el Buque Escuela Juan Sebasti\u00e1n Elcano es un s\u00edmbolo de lo que significa navegar: aventura, aprendizaje y descubrimiento. La celebraci\u00f3n de su centenario es una oportunidad no solo para rendir tributo a su legado, sino para inspirar a todos a explorar las vastas y misteriosas aguas de nuestro planeta. Embarcarnos en este viaje es sumergirnos en un oc\u00e9ano de posibilidades.<\/p>\n<p><em> &#8221; Fuentes www.eldebate.com &#8221; <\/em><\/p>\n","protected":false},"excerpt":{"rendered":"<p>Elcano: Un Centenario de Navegaci\u00f3n y Aventura El a\u00f1o 2028 marcar\u00e1 un hito en la historia mar\u00edtima de Espa\u00f1a, puesto que se celebrar\u00e1 el centenario del Buque Escuela Juan Sebasti\u00e1n Elcano. Este emblem\u00e1tico barco ha sido un s\u00edmbolo de la Marina espa\u00f1ola y un embajador de la cultura y la tradici\u00f3n naval del pa\u00eds durante [&hellip;]<\/p>\n","protected":false},"author":4,"featured_media":1079447,"comment_status":"open","ping_status":"closed","sticky":false,"template":"","format":"standard","meta":{"om_disable_all_campaigns":false,"jnews-multi-image_gallery":[],"jnews_single_post":[],"jnews_primary_category":[],"jnews_social_meta":[],"footnotes":""},"categories":[41],"tags":[13476,40666,2448,8763,543,189484,3336,47631,6643,838,8662,34324],"class_list":["post-1079446","post","type-post","status-publish","format-standard","has-post-thumbnail","hentry","category-cruceros","tag-actos","tag-buque-escuela","tag-celebracion","tag-centenario","tag-cruceros","tag-cultura-maritima","tag-educacion","tag-elcano","tag-historia","tag-marina","tag-navegacion","tag-vuelta-al-mundo"],"_links":{"self":[{"href":"https:\/\/dimensionturistica.com\/es\/wp-json\/wp\/v2\/posts\/1079446","targetHints":{"allow":["GET"]}}],"collection":[{"href":"https:\/\/dimensionturistica.com\/es\/wp-json\/wp\/v2\/posts"}],"about":[{"href":"https:\/\/dimensionturistica.com\/es\/wp-json\/wp\/v2\/types\/post"}],"author":[{"embeddable":true,"href":"https:\/\/dimensionturistica.com\/es\/wp-json\/wp\/v2\/users\/4"}],"replies":[{"embeddable":true,"href":"https:\/\/dimensionturistica.com\/es\/wp-json\/wp\/v2\/comments?post=1079446"}],"version-history":[{"count":1,"href":"https:\/\/dimensionturistica.com\/es\/wp-json\/wp\/v2\/posts\/1079446\/revisions"}],"predecessor-version":[{"id":1079448,"href":"https:\/\/dimensionturistica.com\/es\/wp-json\/wp\/v2\/posts\/1079446\/revisions\/1079448"}],"wp:featuredmedia":[{"embeddable":true,"href":"https:\/\/dimensionturistica.com\/es\/wp-json\/wp\/v2\/media\/1079447"}],"wp:attachment":[{"href":"https:\/\/dimensionturistica.com\/es\/wp-json\/wp\/v2\/media?parent=1079446"}],"wp:term":[{"taxonomy":"category","embeddable":true,"href":"https:\/\/dimensionturistica.com\/es\/wp-json\/wp\/v2\/categories?post=1079446"},{"taxonomy":"post_tag","embeddable":true,"href":"https:\/\/dimensionturistica.com\/es\/wp-json\/wp\/v2\/tags?post=1079446"}],"curies":[{"name":"wp","href":"https:\/\/api.w.org\/{rel}","templated":true}]}}