{"id":1079437,"date":"2025-11-29T12:34:53","date_gmt":"2025-11-29T12:34:53","guid":{"rendered":"https:\/\/dimensionturistica.com\/es\/?p=1079437"},"modified":"2025-11-29T12:34:53","modified_gmt":"2025-11-29T12:34:53","slug":"los-mejores-ofertas-de-belleza-del-black-friday-2025-hasta-un-50-de-descuento","status":"publish","type":"post","link":"https:\/\/dimensionturistica.com\/es\/los-mejores-ofertas-de-belleza-del-black-friday-2025-hasta-un-50-de-descuento\/","title":{"rendered":"Los Mejores Ofertas de Belleza del Black Friday 2025: Hasta un 50% de Descuento"},"content":{"rendered":"<h3>El Black Friday ser\u00e1 el Mejor Amigo de Tu Belleza: Ofertas Irresistibles<\/h3>\n<p>El Black Friday se acerca, y con \u00e9l, una oportunidad inigualable para reabastecer tu colecci\u00f3n de productos de belleza. Este a\u00f1o, las marcas han decidido consentir a los amantes del cuidado de la piel, maquillaje y fragancias con descuentos que prometen hacer temblar los estantes de tu tocador. Aprovechar estos descuentos puede transformarte en la reina del glam, sin que tu billetera se resienta.<\/p>\n<h4>1. Innovaciones en el Cuidado de la Piel<\/h4>\n<p>La piel radiante siempre est\u00e1 de moda, y en este Black Friday, productos que prometen revolucionar tu rutina de cuidados est\u00e1n a la orden del d\u00eda. Marcas reconocidas introducir\u00e1n su m\u00e1s reciente gama de sueros, cremas y mascarillas a precios que dif\u00edcilmente se vuelven a ver. Prep\u00e1rate para descubrir ingredientes premium que apuntan a tratar desde las arrugas hasta la falta de luminosidad. \u00a1Es el momento perfecto para probar aquel producto que siempre has querido!<\/p>\n<h4>2. Maquillaje de Alta Gama al Alcance de Todos<\/h4>\n<p>Imagina tu colecci\u00f3n de maquillaje, pero con colores intensos y texturas de lujo. Este Black Friday, podr\u00e1s hacerte con paletas de sombras, labiales y bases de alta calidad que, habitualmente, son una inversi\u00f3n. Las marcas, comprometidas con el autocuidado y la expresi\u00f3n personal, ofrecer\u00e1n promociones que permitir\u00e1n a los amantes del maquillaje experimentar sin remordimientos.<\/p>\n<h4>3. Fragancias que Dejan Huella<\/h4>\n<p>Nadie se resiste a una buena fragancia, y durante el Black Friday, tendr\u00e1s la oportunidad de adquirir esos aromas que siempre has deseado llevar contigo. Desde esencias frescas hasta perfumes m\u00e1s intensos, las rebajas te permitir\u00e1n explorar nuevas notas olfativas. Regalarte o regalar una fragancia en esta ocasi\u00f3n especial puede marcar la diferencia en tu rutina diaria.<\/p>\n<h4>4. Herramientas Esenciales para el Estilo<\/h4>\n<p>Las herramientas de belleza, desde pinceles hasta dispositivos tecnol\u00f3gicos, tambi\u00e9n estar\u00e1n en promoci\u00f3n. Un buen set de brochas o un dispositivo para el cuidado facial puede elevar tu experiencia de belleza a un nivel profesional. Este Black Friday, es el momento ideal para conseguir esos art\u00edculos que hacen que el proceso de maquillaje o cuidado de la piel sea m\u00e1s eficiente y placentero.<\/p>\n<h4>5. Consciencia y Sostenibilidad<\/h4>\n<p>En 2025, la consciencia por el medio ambiente se ha vuelto fundamental. Muchas marcas de belleza est\u00e1n adoptando pr\u00e1cticas sostenibles, y esto se traducir\u00e1 en ofrecimientos no solo de productos innovadores, sino tambi\u00e9n eco-amigables. Optar por opciones que respeten el planeta mientras te cuidas es una tendencia que est\u00e1 para quedarse.<\/p>\n<h4>6. C\u00f3mo Aprovechar al M\u00e1ximo Tu Compras<\/h4>\n<p>Para sacarle el jugo a las ofertas del Black Friday, se recomienda hacer una lista previa de los productos que necesitas. Estar atento a las redes sociales de tus marcas favoritas puede ofrecerte acceso a promociones exclusivas y lanzamientos anticipados. Adem\u00e1s, unirte a newsletters de belleza puede brindarte informaci\u00f3n valiosa para no perderte ninguna oferta.<\/p>\n<h3>Despedida a la Rutina Mon\u00f3tona<\/h3>\n<p>Con cada a\u00f1o que pasa, el Black Friday se posiciona como una fecha clave en el calendario de los amantes de la belleza. Las oportunidades que presenta no deben pasar desapercibidas, ya que son ideales para revitalizar tanto tu rutina como el contenido de tu tocador. Las decisiones acertadas que tomes durante este d\u00eda pueden no solo enriquecer tu colecci\u00f3n personal, sino tambi\u00e9n regenerar tu amor propio y tu confianza.<\/p>\n<p>As\u00ed que prepara tu lista y marca tu calendario; este Black Friday, la belleza estar\u00e1 a tu alcance como nunca antes. \u00a1Es hora de brillar!<\/p>\n<p><em> &#8221; Fuentes www.vogue.com &#8221; <\/em><\/p>\n","protected":false},"excerpt":{"rendered":"<p>El Black Friday ser\u00e1 el Mejor Amigo de Tu Belleza: Ofertas Irresistibles El Black Friday se acerca, y con \u00e9l, una oportunidad inigualable para reabastecer tu colecci\u00f3n de productos de belleza. Este a\u00f1o, las marcas han decidido consentir a los amantes del cuidado de la piel, maquillaje y fragancias con descuentos que prometen hacer temblar [&hellip;]<\/p>\n","protected":false},"author":14,"featured_media":1079438,"comment_status":"open","ping_status":"closed","sticky":false,"template":"","format":"standard","meta":{"om_disable_all_campaigns":false,"jnews-multi-image_gallery":[],"jnews_single_post":[],"jnews_primary_category":[],"jnews_social_meta":[],"footnotes":""},"categories":[144872],"tags":[27305,215688,200911,7864,3539,254206,71822,70499,198593,69545,62298,69802,202,120189],"class_list":["post-1079437","post","type-post","status-publish","format-standard","has-post-thumbnail","hentry","category-fashion","tag-27305","tag-beauty-deals","tag-beauty-products","tag-black-friday","tag-cyber-monday","tag-cyber-week","tag-deals","tag-discounts","tag-makeup","tag-promotions","tag-sales","tag-savings","tag-shopping","tag-skincare"],"_links":{"self":[{"href":"https:\/\/dimensionturistica.com\/es\/wp-json\/wp\/v2\/posts\/1079437","targetHints":{"allow":["GET"]}}],"collection":[{"href":"https:\/\/dimensionturistica.com\/es\/wp-json\/wp\/v2\/posts"}],"about":[{"href":"https:\/\/dimensionturistica.com\/es\/wp-json\/wp\/v2\/types\/post"}],"author":[{"embeddable":true,"href":"https:\/\/dimensionturistica.com\/es\/wp-json\/wp\/v2\/users\/14"}],"replies":[{"embeddable":true,"href":"https:\/\/dimensionturistica.com\/es\/wp-json\/wp\/v2\/comments?post=1079437"}],"version-history":[{"count":1,"href":"https:\/\/dimensionturistica.com\/es\/wp-json\/wp\/v2\/posts\/1079437\/revisions"}],"predecessor-version":[{"id":1079439,"href":"https:\/\/dimensionturistica.com\/es\/wp-json\/wp\/v2\/posts\/1079437\/revisions\/1079439"}],"wp:featuredmedia":[{"embeddable":true,"href":"https:\/\/dimensionturistica.com\/es\/wp-json\/wp\/v2\/media\/1079438"}],"wp:attachment":[{"href":"https:\/\/dimensionturistica.com\/es\/wp-json\/wp\/v2\/media?parent=1079437"}],"wp:term":[{"taxonomy":"category","embeddable":true,"href":"https:\/\/dimensionturistica.com\/es\/wp-json\/wp\/v2\/categories?post=1079437"},{"taxonomy":"post_tag","embeddable":true,"href":"https:\/\/dimensionturistica.com\/es\/wp-json\/wp\/v2\/tags?post=1079437"}],"curies":[{"name":"wp","href":"https:\/\/api.w.org\/{rel}","templated":true}]}}