{"id":1079342,"date":"2025-11-29T04:44:20","date_gmt":"2025-11-29T04:44:20","guid":{"rendered":"https:\/\/dimensionturistica.com\/es\/?p=1079342"},"modified":"2025-11-29T04:44:20","modified_gmt":"2025-11-29T04:44:20","slug":"las-plataformas-sociales-presagian-un-auge-en-moda-turismo-y-salud","status":"publish","type":"post","link":"https:\/\/dimensionturistica.com\/es\/las-plataformas-sociales-presagian-un-auge-en-moda-turismo-y-salud\/","title":{"rendered":"Las plataformas sociales presagian un auge en moda, turismo y salud"},"content":{"rendered":"<h3>El Auge del Turismo en el Black Friday: Una Oportunidad \u00danica<\/h3>\n<p>Con la llegada del Black Friday, las tendencias en moda y bienestar se fusionan con el turismo, abriendo un mundo de oportunidades para aquellos que desean explorar nuevos destinos. Este fen\u00f3meno no solo se limita a las compras por internet, sino que se ha expandido hacia experiencias de viaje inigualables.<\/p>\n<p>Cada vez m\u00e1s, los viajeros buscan experiencias que van m\u00e1s all\u00e1 de lo tradicional. El boom del bienestar se ha convertido en un enfoque esencial en la planificaci\u00f3n de vacaciones. La tendencia hacia el turismo de bienestar permite a las personas desconectar de su rutina diaria y sumergirse en retiros de yoga, spas relajantes y escapadas a la naturaleza.<\/p>\n<p>Por otro lado, las redes sociales juegan un papel fundamental en esta transformaci\u00f3n. Plataformas como Instagram y TikTok se han convertido en fuentes de inspiraci\u00f3n para quienes buscan escapadas memorables. Las im\u00e1genes de playas paradis\u00edacas, monta\u00f1as majestuosas y centros de bienestar est\u00e1n al alcance de un clic, motivando a los usuarios a planear su pr\u00f3xima aventura. La influencia de las redes sociales tambi\u00e9n est\u00e1 impulsando el deseo de descubrir destinos menos conocidos, donde la autenticidad y el contacto con la cultura local son experiencias altamente valoradas.<\/p>\n<p>Adem\u00e1s, el Black Friday se ha vuelto un catalizador para las aerol\u00edneas y las agencias de viajes. Las ofertas imperdibles en boletos de avi\u00f3n y paquetes de viaje crean un ambiente propicio para que los exploradores aprovechen al m\u00e1ximo sus ahorros. Los amantes de los viajes est\u00e1n atentos a las promociones que les permitan registrar unas vacaciones so\u00f1adas sin sacrificar su presupuesto.<\/p>\n<p>Dentro de esta tendencia, no hay que pasar por alto la creciente importancia de la sostenibilidad en el turismo. Cada vez m\u00e1s viajeros buscan opciones que respeten el medio ambiente y apoyen a las comunidades locales. Esto ha llevado a una mayor divulgaci\u00f3n sobre los destinos responsables y las pr\u00e1cticas eco-amigables, algo que se ha vuelto tendencia en las campa\u00f1as de marketing durante el Black Friday.<\/p>\n<p>En este contexto, las marcas de moda se han dado cuenta de que las colaboraciones con el turismo son clave para atraer a un p\u00fablico consciente y en busca de calidad. Cada vez m\u00e1s, se organizan eventos que combinan moda y viajes, creando experiencias que deleitan a los viajeros con un enfoque en el estilo y la comodidad.<\/p>\n<p>Mientras los d\u00edas del Black Friday se acercan, es un momento ideal para tomar decisiones informadas sobre el pr\u00f3ximo viaje. Ya sea que anhele una escapada relajante, un viaje aventurero o una experiencia cultural, el entorno actual ofrece una variedad de opciones para todos los gustos. Esta combinaci\u00f3n de tendencias podr\u00eda, sin duda, definir el futuro del turismo, donde lo esencial es vivir experiencias significativas y aut\u00e9nticas.<\/p>\n<p>As\u00ed que, \u00bfest\u00e1s listo para sumergirte en las ofertas del Black Friday y planificar tu pr\u00f3xima gran aventura? Las posibilidades son infinitas, y el mundo est\u00e1 esperando a ser explorado. \u00a1No dejes pasar la oportunidad de ser parte de esta emocionante transformaci\u00f3n en el turismo!<\/p>\n<p><em> &#8221; Fuentes www.diarioestrategia.cl &#8221; <\/em><\/p>\n","protected":false},"excerpt":{"rendered":"<p>El Auge del Turismo en el Black Friday: Una Oportunidad \u00danica Con la llegada del Black Friday, las tendencias en moda y bienestar se fusionan con el turismo, abriendo un mundo de oportunidades para aquellos que desean explorar nuevos destinos. Este fen\u00f3meno no solo se limita a las compras por internet, sino que se ha [&hellip;]<\/p>\n","protected":false},"author":4,"featured_media":1079343,"comment_status":"open","ping_status":"closed","sticky":false,"template":"","format":"standard","meta":{"om_disable_all_campaigns":false,"jnews-multi-image_gallery":[],"jnews_single_post":[],"jnews_primary_category":[],"jnews_social_meta":[],"footnotes":""},"categories":[39],"tags":[40454,9899,954,1720,9624,7889,659,2007,2182,545],"class_list":["post-1079342","post","type-post","status-publish","format-standard","has-post-thumbnail","hentry","category-viajes","tag-anticipacion","tag-bienestar","tag-consumo","tag-estilo-de-vida","tag-influencers","tag-marketing-digital","tag-moda","tag-redes-sociales","tag-tendencias","tag-viajes"],"_links":{"self":[{"href":"https:\/\/dimensionturistica.com\/es\/wp-json\/wp\/v2\/posts\/1079342","targetHints":{"allow":["GET"]}}],"collection":[{"href":"https:\/\/dimensionturistica.com\/es\/wp-json\/wp\/v2\/posts"}],"about":[{"href":"https:\/\/dimensionturistica.com\/es\/wp-json\/wp\/v2\/types\/post"}],"author":[{"embeddable":true,"href":"https:\/\/dimensionturistica.com\/es\/wp-json\/wp\/v2\/users\/4"}],"replies":[{"embeddable":true,"href":"https:\/\/dimensionturistica.com\/es\/wp-json\/wp\/v2\/comments?post=1079342"}],"version-history":[{"count":1,"href":"https:\/\/dimensionturistica.com\/es\/wp-json\/wp\/v2\/posts\/1079342\/revisions"}],"predecessor-version":[{"id":1079344,"href":"https:\/\/dimensionturistica.com\/es\/wp-json\/wp\/v2\/posts\/1079342\/revisions\/1079344"}],"wp:featuredmedia":[{"embeddable":true,"href":"https:\/\/dimensionturistica.com\/es\/wp-json\/wp\/v2\/media\/1079343"}],"wp:attachment":[{"href":"https:\/\/dimensionturistica.com\/es\/wp-json\/wp\/v2\/media?parent=1079342"}],"wp:term":[{"taxonomy":"category","embeddable":true,"href":"https:\/\/dimensionturistica.com\/es\/wp-json\/wp\/v2\/categories?post=1079342"},{"taxonomy":"post_tag","embeddable":true,"href":"https:\/\/dimensionturistica.com\/es\/wp-json\/wp\/v2\/tags?post=1079342"}],"curies":[{"name":"wp","href":"https:\/\/api.w.org\/{rel}","templated":true}]}}