{"id":1079324,"date":"2025-11-29T03:36:58","date_gmt":"2025-11-29T03:36:58","guid":{"rendered":"https:\/\/dimensionturistica.com\/es\/?p=1079324"},"modified":"2025-11-29T03:36:58","modified_gmt":"2025-11-29T03:36:58","slug":"la-perspectiva-de-la-belleza-segun-sofia-vergara","status":"publish","type":"post","link":"https:\/\/dimensionturistica.com\/es\/la-perspectiva-de-la-belleza-segun-sofia-vergara\/","title":{"rendered":"La perspectiva de la belleza seg\u00fan Sof\u00eda Vergara"},"content":{"rendered":"<p><strong>Sof\u00eda Vergara: El Estilo de Belleza que Hace Vibrar a Miami<\/strong><\/p>\n<p>En el vibrante escenario de Miami, Sof\u00eda Vergara se presenta como un \u00edcono de estilo y belleza, fusionando su carisma innato con la elegancia moderna que demanda la industria de la moda. La actriz colombiana, conocida mundialmente por su papel en &#8220;Modern Family&#8221;, ha puesto su sello personal en la colaboraci\u00f3n con la c\u00e9lebre marca Tory Burch, llevando los est\u00e1ndares de la belleza a nuevas alturas.<\/p>\n<p>La propuesta est\u00e9tica de Vergara destaca la diversidad y la autenticidad, elementos que resuenan profundamente en la cultura miamense. Su visi\u00f3n se traduce en una celebraci\u00f3n de la belleza en todas sus formas, rompiendo los arquetipos tradicionales y fomentando la inclusi\u00f3n. Esto se convierte en un manifiesto que invita a cada individuo a abrazar sus propias singularidades, convirtiendo la autoexpresi\u00f3n en un acto de empoderamiento.<\/p>\n<p>En sus recientes apariciones con looks cuidadosamente elegidos, cada prenda habla de un equilibrio perfecto entre el lujo y la practicidad, caracter\u00edsticas que definen a Tory Burch. Los tonos vibrantes, las texturas sofisticadas y los cortes imponentes representan un estilo que no solo es visualmente atractivo, sino que tambi\u00e9n permite a las mujeres sentirse seguras y c\u00f3modas.<\/p>\n<p>Adem\u00e1s de su est\u00e9tica, Sof\u00eda se convierte en un referente por su impacto fuera de la pasarela. Con su fuerte presencia medi\u00e1tica, Vergara utiliza su plataforma para abogar por causas que reflejan su compromiso social. Esto crea un v\u00ednculo m\u00e1s profundo con su audiencia, no solo como una figura p\u00fablica, sino como un modelo a seguir que inspira a las nuevas generaciones a celebrar su identidad y abrazar su belleza \u00fanica.<\/p>\n<p>Miami, con su aire multicultural, act\u00faa como el tel\u00f3n de fondo perfecto para esta colaboraci\u00f3n. La ciudad se convierte en un epicentro de creatividad, donde la moda, la m\u00fasica y la cultura se entrelazan, y Vergara es la voz que articula y potencia esta narrativa contempor\u00e1nea. Las calles vibran con la energ\u00eda de quienes, al igual que Sof\u00eda, buscan dejar una huella distintiva en el mundo.<\/p>\n<p>Con cada aparici\u00f3n p\u00fablica y cada publicaci\u00f3n en redes sociales, Sof\u00eda Vergara desaf\u00eda las normas, reafirmando que la verdadera belleza reside en la autenticidad. Este enfoque resuena no solo en el \u00e1mbito de la moda, sino tambi\u00e9n en la vida diaria de quienes buscan inspiraci\u00f3n para reinventarse constantemente.<\/p>\n<p>La alianza entre Vergara y Tory Burch no solo establece nuevos est\u00e1ndares est\u00e9ticos, sino que tambi\u00e9n transforma el di\u00e1logo sobre la belleza contempor\u00e1nea. Al navegar por este mar de innovaci\u00f3n y diversidad, Sof\u00eda logra conectar emocionalmente con su audiencia, garantizando que su mensaje persista y resuene en cada rinc\u00f3n de la comunidad. <\/p>\n<p>En conclusi\u00f3n, la esencia de Sof\u00eda Vergara se encuentra en su habilidad para inspirar y motivar a otros a redefinir lo que significa ser bella en un mundo en constante cambio. Su viaje, cargado de colores, texturas y mensajes significativos, no solo establece tendencias, sino que invita a todos a ser parte de una conversaci\u00f3n sobre identidad, belleza y empoderamiento.<\/p>\n<p><em> &#8221; Fuentes www.vogue.mx &#8221; <\/em><\/p>\n","protected":false},"excerpt":{"rendered":"<p>Sof\u00eda Vergara: El Estilo de Belleza que Hace Vibrar a Miami En el vibrante escenario de Miami, Sof\u00eda Vergara se presenta como un \u00edcono de estilo y belleza, fusionando su carisma innato con la elegancia moderna que demanda la industria de la moda. La actriz colombiana, conocida mundialmente por su papel en &#8220;Modern Family&#8221;, ha [&hellip;]<\/p>\n","protected":false},"author":14,"featured_media":1079325,"comment_status":"open","ping_status":"closed","sticky":false,"template":"","format":"standard","meta":{"om_disable_all_campaigns":false,"jnews-multi-image_gallery":[],"jnews_single_post":[],"jnews_primary_category":[],"jnews_social_meta":[],"footnotes":""},"categories":[144872],"tags":[174310,202425,3381,6446,662,9507,22015,659,3600,204150],"class_list":["post-1079324","post","type-post","status-publish","format-standard","has-post-thumbnail","hentry","category-fashion","tag-autoestima","tag-autoimagen","tag-belleza","tag-celebridades","tag-cultura","tag-empoderamiento","tag-estetica","tag-moda","tag-opiniones","tag-sofia-vergara"],"_links":{"self":[{"href":"https:\/\/dimensionturistica.com\/es\/wp-json\/wp\/v2\/posts\/1079324","targetHints":{"allow":["GET"]}}],"collection":[{"href":"https:\/\/dimensionturistica.com\/es\/wp-json\/wp\/v2\/posts"}],"about":[{"href":"https:\/\/dimensionturistica.com\/es\/wp-json\/wp\/v2\/types\/post"}],"author":[{"embeddable":true,"href":"https:\/\/dimensionturistica.com\/es\/wp-json\/wp\/v2\/users\/14"}],"replies":[{"embeddable":true,"href":"https:\/\/dimensionturistica.com\/es\/wp-json\/wp\/v2\/comments?post=1079324"}],"version-history":[{"count":1,"href":"https:\/\/dimensionturistica.com\/es\/wp-json\/wp\/v2\/posts\/1079324\/revisions"}],"predecessor-version":[{"id":1079326,"href":"https:\/\/dimensionturistica.com\/es\/wp-json\/wp\/v2\/posts\/1079324\/revisions\/1079326"}],"wp:featuredmedia":[{"embeddable":true,"href":"https:\/\/dimensionturistica.com\/es\/wp-json\/wp\/v2\/media\/1079325"}],"wp:attachment":[{"href":"https:\/\/dimensionturistica.com\/es\/wp-json\/wp\/v2\/media?parent=1079324"}],"wp:term":[{"taxonomy":"category","embeddable":true,"href":"https:\/\/dimensionturistica.com\/es\/wp-json\/wp\/v2\/categories?post=1079324"},{"taxonomy":"post_tag","embeddable":true,"href":"https:\/\/dimensionturistica.com\/es\/wp-json\/wp\/v2\/tags?post=1079324"}],"curies":[{"name":"wp","href":"https:\/\/api.w.org\/{rel}","templated":true}]}}