{"id":1079294,"date":"2025-11-29T02:03:48","date_gmt":"2025-11-29T02:03:48","guid":{"rendered":"https:\/\/dimensionturistica.com\/es\/?p=1079294"},"modified":"2025-11-29T02:03:48","modified_gmt":"2025-11-29T02:03:48","slug":"transformacion-con-cabello-ondulado-y-flequillo-lateral-renueva-el-look-al-estilo-de-la-alta-sociedad-en-otono-invierno-2025","status":"publish","type":"post","link":"https:\/\/dimensionturistica.com\/es\/transformacion-con-cabello-ondulado-y-flequillo-lateral-renueva-el-look-al-estilo-de-la-alta-sociedad-en-otono-invierno-2025\/","title":{"rendered":"Transformaci\u00f3n con cabello ondulado y flequillo lateral: Renueva el look al estilo de la alta sociedad en Oto\u00f1o-Invierno 2025."},"content":{"rendered":"<h3>La clave de tu look: el corte de cabello con ondas y fleco inspirado en la elegancia de la \u00e9lite<\/h3>\n<p>El oto\u00f1o-invierno 2025 se presenta como una temporada de transformaci\u00f3n y audacia, donde los estilos capilares traen consigo un aire de sofisticaci\u00f3n palpablemente chic. Entre las tendencias m\u00e1s destacadas, se encuentra el corte de cabello con ondas sueltas y fleco, un look que evoca la est\u00e9tica de la prestigiosa serie &#8220;Gossip Girl&#8221;. Este estilo no solo es un gui\u00f1o a la nostalgia, sino que promete convertirse en una de las opciones m\u00e1s buscadas por quienes desean elevar su imagen personal con un toque de glamour.<\/p>\n<h4>Ondas que enmarcan el rostro<\/h4>\n<p>Las ondas suaves se posicionan como protagonistas de este corte. No se trata de cualquier onda; son aquellas que parecen haber sido acariciadas por la brisa neoyorquina, aportando un aspecto desenfadado pero sofisticado. Para lograr este look, el uso de productos texturizantes es esencial. Espumas y sprays que ofrezcan un acabado natural son ideales para conseguir esa ca\u00edda sutil y volum\u00e9trica que enmarca el rostro sin esfuerzo.<\/p>\n<h4>El fleco: un aliado imprescindible<\/h4>\n<p>El fleco, por su parte, se convierte en el elemento que redefine completamente la imagen. Ya sea recto, en capas o desmechado, el fleco a\u00f1ade un factor sorpresa que enriquece cualquier peinado. Este detalle parece haber surgido de las calles de Manhattan, simbolizando no solo un estilo, sino una actitud. Su versatilidad permite variar el look con facilidad; un fleco m\u00e1s corto otorga un aire juvenil y fresco, mientras que uno m\u00e1s largo aporta un toque de misterio y sofisticaci\u00f3n.<\/p>\n<h4>Personalizaci\u00f3n: el secreto de un look \u00fanico<\/h4>\n<p>Una de las grandes ventajas de este corte es su capacidad de adaptarse a diferentes tipos de rostro y texturas de cabello. El estilista juega un papel crucial en esta personalizaci\u00f3n. Un corte bien ejecutado puede destacar las mejores caracter\u00edsticas faciales, mientras que al mismo tiempo proporciona esa chispa que cada persona busca. Adem\u00e1s, es eminentemente f\u00e1cil de mantener con un par de consejos y los productos adecuados.<\/p>\n<h4>Inspiraci\u00f3n para el d\u00eda a d\u00eda<\/h4>\n<p>Para quienes est\u00e1n listas para llevar este look en su rutina diaria, las combinaciones son infinitas. Con un simple toque de plancha en las puntas, las ondas pueden transformarse en un estilo m\u00e1s pulido y elegante, perfecto para ocasiones formales. Por otro lado, para un encuentro casual, un desordenado estilo de playa se convertir\u00e1 en su mejor opci\u00f3n.<\/p>\n<h4>La influencia de las redes<\/h4>\n<p>Este corte ha comenzado a deslumbrar en plataformas como Instagram y TikTok, donde influencers y celebridades lo muestran en toda su gloria. As\u00ed, no es de extra\u00f1ar que, en los pr\u00f3ximos meses, los salones de belleza se vean desbordados por la demanda de este estilo, que ha logrado captar la atenci\u00f3n de todos.<\/p>\n<p>Con la versatilidad, el glamour y el aire despreocupado que ofrece, el corte de cabello con ondas y fleco es, sin duda, el protagonista de la temporada. La invitaci\u00f3n est\u00e1 hecha: atr\u00e9vete a dar el paso y renueva tu look con esta tendencia atemporal que combina la elegancia de la moda con la frescura de la individualidad.<\/p>\n<p><em> &#8221; Fuentes www.vogue.mx &#8221; <\/em><\/p>\n","protected":false},"excerpt":{"rendered":"<p>La clave de tu look: el corte de cabello con ondas y fleco inspirado en la elegancia de la \u00e9lite El oto\u00f1o-invierno 2025 se presenta como una temporada de transformaci\u00f3n y audacia, donde los estilos capilares traen consigo un aire de sofisticaci\u00f3n palpablemente chic. Entre las tendencias m\u00e1s destacadas, se encuentra el corte de cabello [&hellip;]<\/p>\n","protected":false},"author":14,"featured_media":1079295,"comment_status":"open","ping_status":"closed","sticky":false,"template":"","format":"standard","meta":{"om_disable_all_campaigns":false,"jnews-multi-image_gallery":[],"jnews_single_post":[],"jnews_primary_category":[],"jnews_social_meta":[],"footnotes":""},"categories":[144872],"tags":[200793,201310,200508,7758,258338,201979,223513,203269,258339,202184,202426],"class_list":["post-1079294","post","type-post","status-publish","format-standard","has-post-thumbnail","hentry","category-fashion","tag-blake-lively","tag-corte-de-cabello","tag-cortes-de-cabello","tag-estilo","tag-fleco-lateral","tag-moda-capilar","tag-ondas","tag-otono-invierno-2025","tag-peinado-gossip-girl","tag-peinados","tag-tendencias-de-cabello"],"_links":{"self":[{"href":"https:\/\/dimensionturistica.com\/es\/wp-json\/wp\/v2\/posts\/1079294","targetHints":{"allow":["GET"]}}],"collection":[{"href":"https:\/\/dimensionturistica.com\/es\/wp-json\/wp\/v2\/posts"}],"about":[{"href":"https:\/\/dimensionturistica.com\/es\/wp-json\/wp\/v2\/types\/post"}],"author":[{"embeddable":true,"href":"https:\/\/dimensionturistica.com\/es\/wp-json\/wp\/v2\/users\/14"}],"replies":[{"embeddable":true,"href":"https:\/\/dimensionturistica.com\/es\/wp-json\/wp\/v2\/comments?post=1079294"}],"version-history":[{"count":1,"href":"https:\/\/dimensionturistica.com\/es\/wp-json\/wp\/v2\/posts\/1079294\/revisions"}],"predecessor-version":[{"id":1079296,"href":"https:\/\/dimensionturistica.com\/es\/wp-json\/wp\/v2\/posts\/1079294\/revisions\/1079296"}],"wp:featuredmedia":[{"embeddable":true,"href":"https:\/\/dimensionturistica.com\/es\/wp-json\/wp\/v2\/media\/1079295"}],"wp:attachment":[{"href":"https:\/\/dimensionturistica.com\/es\/wp-json\/wp\/v2\/media?parent=1079294"}],"wp:term":[{"taxonomy":"category","embeddable":true,"href":"https:\/\/dimensionturistica.com\/es\/wp-json\/wp\/v2\/categories?post=1079294"},{"taxonomy":"post_tag","embeddable":true,"href":"https:\/\/dimensionturistica.com\/es\/wp-json\/wp\/v2\/tags?post=1079294"}],"curies":[{"name":"wp","href":"https:\/\/api.w.org\/{rel}","templated":true}]}}