{"id":1079165,"date":"2025-11-28T20:51:00","date_gmt":"2025-11-28T20:51:00","guid":{"rendered":"https:\/\/dimensionturistica.com\/es\/?p=1079165"},"modified":"2025-11-28T20:51:00","modified_gmt":"2025-11-28T20:51:00","slug":"decoracion-al-estilo-de-adela-micha-elegancia-calidez-y-diseno-que-cuenta-historias","status":"publish","type":"post","link":"https:\/\/dimensionturistica.com\/es\/decoracion-al-estilo-de-adela-micha-elegancia-calidez-y-diseno-que-cuenta-historias\/","title":{"rendered":"\u2018Decoraci\u00f3n al estilo de Adela Micha: elegancia, calidez y\u00a0 dise\u00f1o que cuenta historias\u2019"},"content":{"rendered":"\n<figure class=\"wp-block-gallery has-nested-images columns-default is-cropped wp-block-gallery-1 is-layout-flex wp-block-gallery-is-layout-flex\">\n<figure class=\"wp-block-image size-large\"><img decoding=\"async\" width=\"500\" height=\"116\" data-id=\"1079166\" src=\"https:\/\/dimensionturistica.com\/es\/wp-content\/uploads\/2025\/11\/LOMAS.jpg\" alt=\"\" class=\"wp-image-1079166\" srcset=\"https:\/\/dimensionturistica.com\/es\/wp-content\/uploads\/2025\/11\/LOMAS.jpg 500w, https:\/\/dimensionturistica.com\/es\/wp-content\/uploads\/2025\/11\/LOMAS-300x70.jpg 300w\" sizes=\"(max-width: 500px) 100vw, 500px\" \/><\/figure>\n<\/figure>\n\n\n\n<p>La colecci\u00f3n \u2018Adela Micha Home by Casa de las Lomas\u2019 refleja el gusto y la personalidad de una mujer que entiende la importancia de vivir en un espacio con estilo propio y significado.<\/p>\n\n\n\n<p>El arte de decorar con intenci\u00f3n<\/p>\n\n\n\n<figure class=\"wp-block-gallery has-nested-images columns-default is-cropped wp-block-gallery-2 is-layout-flex wp-block-gallery-is-layout-flex\">\n<figure class=\"wp-block-image size-large\"><img decoding=\"async\" width=\"500\" height=\"333\" data-id=\"1079167\" src=\"https:\/\/dimensionturistica.com\/es\/wp-content\/uploads\/2025\/11\/8CASA.jpg\" alt=\"\" class=\"wp-image-1079167\" srcset=\"https:\/\/dimensionturistica.com\/es\/wp-content\/uploads\/2025\/11\/8CASA.jpg 500w, https:\/\/dimensionturistica.com\/es\/wp-content\/uploads\/2025\/11\/8CASA-300x200.jpg 300w\" sizes=\"(max-width: 500px) 100vw, 500px\" \/><\/figure>\n<\/figure>\n\n\n\n<p>Para Adela Micha, periodista y comunicadora reconocida, el hogar es un reflejo de lo que somos: un espacio donde la elegancia se combina con la comodidad y los detalles que cuentan nuestra historia. Inspirada en esa visi\u00f3n, Casa de las Lomas y Adela crean una colecci\u00f3n que reinterpreta el lujo contempor\u00e1neo desde una mirada c\u00e1lida, funcional y profundamente personal.<\/p>\n\n\n\n<figure class=\"wp-block-gallery has-nested-images columns-default is-cropped wp-block-gallery-3 is-layout-flex wp-block-gallery-is-layout-flex\">\n<figure class=\"wp-block-image size-large\"><img decoding=\"async\" width=\"769\" height=\"378\" data-id=\"1079168\" src=\"https:\/\/dimensionturistica.com\/es\/wp-content\/uploads\/2025\/11\/1CASA.jpg\" alt=\"\" class=\"wp-image-1079168\" srcset=\"https:\/\/dimensionturistica.com\/es\/wp-content\/uploads\/2025\/11\/1CASA.jpg 769w, https:\/\/dimensionturistica.com\/es\/wp-content\/uploads\/2025\/11\/1CASA-300x147.jpg 300w, https:\/\/dimensionturistica.com\/es\/wp-content\/uploads\/2025\/11\/1CASA-750x369.jpg 750w\" sizes=\"(max-width: 769px) 100vw, 769px\" \/><\/figure>\n<\/figure>\n\n\n\n<p>\u201cDecorar no es llenar espacios, es darles vida. Quise crear muebles que te acompa\u00f1en todos los d\u00edas, que te hagan sentir en casa, pero con un toque d estilo.\u201d \u2014 Adela Micha Claves del estilo decorativo de Adela Micha:<\/p>\n\n\n\n<p>1.\u2060 \u2060Apuesta por la neutralidad con car\u00e1cter<\/p>\n\n\n\n<figure class=\"wp-block-gallery has-nested-images columns-default is-cropped wp-block-gallery-4 is-layout-flex wp-block-gallery-is-layout-flex\">\n<figure class=\"wp-block-image size-large\"><img decoding=\"async\" width=\"500\" height=\"333\" data-id=\"1079169\" src=\"https:\/\/dimensionturistica.com\/es\/wp-content\/uploads\/2025\/11\/2CASA.jpg\" alt=\"\" class=\"wp-image-1079169\" srcset=\"https:\/\/dimensionturistica.com\/es\/wp-content\/uploads\/2025\/11\/2CASA.jpg 500w, https:\/\/dimensionturistica.com\/es\/wp-content\/uploads\/2025\/11\/2CASA-300x200.jpg 300w\" sizes=\"(max-width: 500px) 100vw, 500px\" \/><\/figure>\n<\/figure>\n\n\n\n<p>Los tonos neutros \u2014grises, beige, negro y arena\u2014 son la base de un hogar elegante y atemporal. Pero el secreto est\u00e1 en las texturas: combinar materiales suaves con superficies naturales da profundidad visual y confort. Piez recomendada: Sala Modular Adela Gris, ideal para lograr un ambiente sereno y sofisticado.<\/p>\n\n\n\n<p>\u201cLa neutralidad no es frialdad, es equilibrio. Un espacio en calma te permite disfrutar m\u00e1s\u201d, comenta Adela Micha.<\/p>\n\n\n\n<figure class=\"wp-block-gallery has-nested-images columns-default is-cropped wp-block-gallery-5 is-layout-flex wp-block-gallery-is-layout-flex\">\n<figure class=\"wp-block-image size-large\"><img decoding=\"async\" width=\"500\" height=\"333\" data-id=\"1079170\" src=\"https:\/\/dimensionturistica.com\/es\/wp-content\/uploads\/2025\/11\/4CASA.jpg\" alt=\"\" class=\"wp-image-1079170\" srcset=\"https:\/\/dimensionturistica.com\/es\/wp-content\/uploads\/2025\/11\/4CASA.jpg 500w, https:\/\/dimensionturistica.com\/es\/wp-content\/uploads\/2025\/11\/4CASA-300x200.jpg 300w\" sizes=\"(max-width: 500px) 100vw, 500px\" \/><\/figure>\n<\/figure>\n\n\n\n<p>2.\u2060 \u2060Crea puntos focales con materiales naturales que roban miradas<\/p>\n\n\n\n<p>En decoraci\u00f3n, una pieza protagonista puede definir todo el ambiente.<\/p>\n\n\n\n<p>El granito, la piedra o la madera natural aportan ese toque de fuerza<\/p>\n\n\n\n<p>visual y sofisticaci\u00f3n que transforma un rinc\u00f3n sencillo en uno con<\/p>\n\n\n\n<p>presencia.<\/p>\n\n\n\n<figure class=\"wp-block-gallery has-nested-images columns-default is-cropped wp-block-gallery-6 is-layout-flex wp-block-gallery-is-layout-flex\">\n<figure class=\"wp-block-image size-large\"><img decoding=\"async\" width=\"500\" height=\"333\" data-id=\"1079171\" src=\"https:\/\/dimensionturistica.com\/es\/wp-content\/uploads\/2025\/11\/5CASA.jpg\" alt=\"\" class=\"wp-image-1079171\" srcset=\"https:\/\/dimensionturistica.com\/es\/wp-content\/uploads\/2025\/11\/5CASA.jpg 500w, https:\/\/dimensionturistica.com\/es\/wp-content\/uploads\/2025\/11\/5CASA-300x200.jpg 300w\" sizes=\"(max-width: 500px) 100vw, 500px\" \/><\/figure>\n<\/figure>\n\n\n\n<p>Pieza destacada: Consola Adela Magma Gold, con cubierta de granito natural con vetas doradas, este dise\u00f1o se convierte en el centro de atenci\u00f3n de cualquier entrada o pasillo. Perfecta para acompa\u00f1ar con una l\u00e1mpara, un espejo o una obra de arte.<\/p>\n\n\n\n<p>\u201cUn mueble con personalidad no necesita competir; se hace notar solo\u201d,<\/p>\n\n\n\n<p>asegura Adela.<\/p>\n\n\n\n<p>3.\u2060 \u2060Elegancia que se vive<\/p>\n\n\n\n<p>El dise\u00f1o inteligente no solo se admira, tambi\u00e9n facilita la vida diaria.<\/p>\n\n\n\n<p>Muebles c\u00f3modos, funcionales y con l\u00edneas limpias crean espacios que<\/p>\n\n\n\n<p>fluyen.<\/p>\n\n\n\n<figure class=\"wp-block-gallery has-nested-images columns-default is-cropped wp-block-gallery-7 is-layout-flex wp-block-gallery-is-layout-flex\">\n<figure class=\"wp-block-image size-large\"><img decoding=\"async\" width=\"500\" height=\"336\" data-id=\"1079176\" src=\"https:\/\/dimensionturistica.com\/es\/wp-content\/uploads\/2025\/11\/7CASA.jpg\" alt=\"\" class=\"wp-image-1079176\" srcset=\"https:\/\/dimensionturistica.com\/es\/wp-content\/uploads\/2025\/11\/7CASA.jpg 500w, https:\/\/dimensionturistica.com\/es\/wp-content\/uploads\/2025\/11\/7CASA-300x202.jpg 300w\" sizes=\"(max-width: 500px) 100vw, 500px\" \/><\/figure>\n<\/figure>\n\n\n\n<p>Pieza recomendada: Sill\u00f3n giratorio Adela Negro, que combina elegancia y practicidad en una sola pieza. Perfecto para un rinc\u00f3n de lectura o una sala moderna.<\/p>\n\n\n\n<p>4.\u2060 \u2060Usa el contraste como herramienta de estilo<\/p>\n\n\n\n<p>El contraste entre claros y oscuros, texturas suaves y superficies r\u00edgidas, aporta dinamismo sin perder coherencia.<\/p>\n\n\n\n<p>Pieza recomendada: Comedor de Cristal Nogal Adela con Sillas Allegra.<\/p>\n\n\n\n<p>Su cubiertade cristal negro humoy estructura contempor\u00e1nea crean un<\/p>\n\n\n\n<p>contraste perfecto frente a sillas con tapices claros o pisos de madera.<\/p>\n\n\n\n<p>Su dise\u00f1o imponente transforma cualquier espacio en el coraz\u00f3n del<\/p>\n\n\n\n<p>hogar<\/p>\n\n\n\n<p>\u201cLa verdadera belleza de una casa est\u00e1 en los momentos que se viven en ella.\u201d \u2014 Adela Micha<\/p>\n\n\n\n<p>Un hogar con estilo propio<\/p>\n\n\n\n<p>La colecci\u00f3n Adela Micha Home refleja la esencia de su creadora: elegante, fuerte y aut\u00e9ntica. Cada mueble fue dise\u00f1ado para disfrutarse todos los d\u00edas, con materiales duraderos, acabados sofisticados y un estilo que trasciende tendencias.<\/p>\n\n\n\n<p>Esta Black Week, dale un nuevo estilo a tu hogar<\/p>\n\n\n\n<p>Aprovecha las promociones exclusivas de la \u2018Black Week; de Casa de las<\/p>\n\n\n\n<p>Lomas\u2019 para crear un espacio que refleje tu personalidad con la colecci\u00f3n Adela Micha Home.<\/p>\n\n\n\n<p>\uf0b7 30+25% de descuento en toda la tienda<\/p>\n\n\n\n<p>\uf0b7 Hasta 70% de descuento en piezas de exhibici\u00f3n<\/p>\n\n\n\n<p>\uf0b7 12 Meses sin intereses<\/p>\n\n\n\n<p>Descubre la colecci\u00f3n completa en www.casadelaslomas.com\/mx\/coleccion-<\/p>\n\n\n\n<p>adela.html<\/p>\n","protected":false},"excerpt":{"rendered":"<p>La colecci\u00f3n \u2018Adela Micha Home by Casa de las Lomas\u2019 refleja el gusto y la personalidad de una mujer que entiende la importancia de vivir en un espacio con estilo propio y significado. El arte de decorar con intenci\u00f3n Para Adela Micha, periodista y comunicadora reconocida, el hogar es un reflejo de lo que somos: [&hellip;]<\/p>\n","protected":false},"author":1,"featured_media":0,"comment_status":"open","ping_status":"closed","sticky":false,"template":"","format":"standard","meta":{"om_disable_all_campaigns":false,"jnews-multi-image_gallery":[],"jnews_single_post":{"format":"standard"},"jnews_primary_category":[],"jnews_social_meta":[],"footnotes":""},"categories":[40],"tags":[],"class_list":["post-1079165","post","type-post","status-publish","format-standard","hentry","category-industria"],"_links":{"self":[{"href":"https:\/\/dimensionturistica.com\/es\/wp-json\/wp\/v2\/posts\/1079165","targetHints":{"allow":["GET"]}}],"collection":[{"href":"https:\/\/dimensionturistica.com\/es\/wp-json\/wp\/v2\/posts"}],"about":[{"href":"https:\/\/dimensionturistica.com\/es\/wp-json\/wp\/v2\/types\/post"}],"author":[{"embeddable":true,"href":"https:\/\/dimensionturistica.com\/es\/wp-json\/wp\/v2\/users\/1"}],"replies":[{"embeddable":true,"href":"https:\/\/dimensionturistica.com\/es\/wp-json\/wp\/v2\/comments?post=1079165"}],"version-history":[{"count":1,"href":"https:\/\/dimensionturistica.com\/es\/wp-json\/wp\/v2\/posts\/1079165\/revisions"}],"predecessor-version":[{"id":1079177,"href":"https:\/\/dimensionturistica.com\/es\/wp-json\/wp\/v2\/posts\/1079165\/revisions\/1079177"}],"wp:attachment":[{"href":"https:\/\/dimensionturistica.com\/es\/wp-json\/wp\/v2\/media?parent=1079165"}],"wp:term":[{"taxonomy":"category","embeddable":true,"href":"https:\/\/dimensionturistica.com\/es\/wp-json\/wp\/v2\/categories?post=1079165"},{"taxonomy":"post_tag","embeddable":true,"href":"https:\/\/dimensionturistica.com\/es\/wp-json\/wp\/v2\/tags?post=1079165"}],"curies":[{"name":"wp","href":"https:\/\/api.w.org\/{rel}","templated":true}]}}