{"id":1078963,"date":"2025-11-28T12:20:34","date_gmt":"2025-11-28T12:20:34","guid":{"rendered":"https:\/\/dimensionturistica.com\/es\/?p=1078963"},"modified":"2025-11-28T12:20:34","modified_gmt":"2025-11-28T12:20:34","slug":"los-origenes-musicales-de-milo-j-trayectos-interminables-de-moron-a-palermo-y-el-destino-de-su-primer-salario","status":"publish","type":"post","link":"https:\/\/dimensionturistica.com\/es\/los-origenes-musicales-de-milo-j-trayectos-interminables-de-moron-a-palermo-y-el-destino-de-su-primer-salario\/","title":{"rendered":"Los or\u00edgenes musicales de Milo J: trayectos interminables de Mor\u00f3n a Palermo y el destino de su primer salario"},"content":{"rendered":"<h3>Desde las Calles de Mor\u00f3n a la Escena Musical: Un Viaje Personal de Milo J<\/h3>\n<p>La historia de un artista no siempre comienza en escenarios grandiosos. Para Milo J, el talentoso m\u00fasico argentino, los primeros acordes de su carrera resonaron en las calles de Mor\u00f3n, un viaje que lo llev\u00f3 a descubrir no solo su pasi\u00f3n por la m\u00fasica, sino tambi\u00e9n la riqueza cultural de su pa\u00eds y el mundo. <\/p>\n<p>Recientemente, en una conversaci\u00f3n nost\u00e1lgica, Milo comparti\u00f3 c\u00f3mo su trayecto musical inici\u00f3 modestamente, con conciertos improvisados y ensayos en su barrio. Los viajes que hac\u00eda desde Mor\u00f3n a Palermo, en un trayecto que parec\u00eda interminable, no solo eran f\u00edsicos, sino tambi\u00e9n simb\u00f3licos. Representaban el deseo de un joven que anhelaba dejar huella en el panorama musical de Argentina.<\/p>\n<h3>La Magia de los Viajes<\/h3>\n<p>Cada desplazamiento desde su hogar en Mor\u00f3n hacia los vibrantes escenarios de Buenos Aires cargaba en s\u00ed mismo una mezcla de ansiedad y emoci\u00f3n. Cada viaje era una oportunidad para nutrirse de diversas influencias: desde el ritmo del tango hasta los sonidos contempor\u00e1neos que dominan hoy la escena. Milan J reconoce que la m\u00fasica no solo se aprende, tambi\u00e9n se siente y se vive, y cada rinc\u00f3n que descubr\u00eda en su trayecto aportaba nuevas melod\u00edas y letras a su repertorio.<\/p>\n<h3>El Primer Sueldo: Un Faro de Esperanza<\/h3>\n<p>El primer sueldo de Milo J, aunque quiz\u00e1s no fue una fortuna, se convirti\u00f3 en un hito significativo en su vida. M\u00e1s que un simple ingreso, represent\u00f3 la validaci\u00f3n de su esfuerzo y dedicaci\u00f3n. Record\u00f3 c\u00f3mo ese dinero fue sabiamente invertido en herramientas para su carrera, pero tambi\u00e9n en experiencias que lo llevaron a conectarse a\u00fan m\u00e1s con su pasi\u00f3n: viaj\u00f3 a eventos, conoci\u00f3 a otros artistas y ampli\u00f3 su horizonte musical.<\/p>\n<h3>Cultura y Creatividad: Una Sinfon\u00eda en Movimiento<\/h3>\n<p>La conexi\u00f3n entre la m\u00fasica y la cultura popular es indiscutible. A medida que Milo J iba consolidando su carrera, tambi\u00e9n se percataba de la riqueza que ofrecen las distintas tradiciones argentinas. Cada viaje y cada encuentro con otros m\u00fasicos eran una clase magistral de creatividad, una v\u00eda para entender c\u00f3mo la m\u00fasica puede unir a las personas m\u00e1s all\u00e1 de las diferencias.<\/p>\n<h3>Un Futuro Brillante<\/h3>\n<p>Hoy en d\u00eda, Milo J contin\u00faa forjando su camino en la m\u00fasica, llevando consigo las ense\u00f1anzas de aquellos trayectos de Mor\u00f3n a Palermo. Su historia es un recordatorio inspirador de que los sue\u00f1os se construyen paso a paso, y que cada nota, cada viaje y cada experiencia cuenta. La m\u00fasica, en sus m\u00faltiples formas, no solo es una carrera, es una traves\u00eda que invita a ser explorada.<\/p>\n<p>As\u00ed, mientras muchos sue\u00f1an con alcanzar el estrellato, Milo J nos invita a disfrutar del viaje mismo, esa b\u00fasqueda que, aunque tiene sus retos, est\u00e1 repleta de magia y descubrimientos. Su historia resuena como una melod\u00eda, un himno a la perseverancia y a la pasi\u00f3n por el arte, un canto que todos podemos celebrar y aprender a tocar.<\/p>\n<p><em> &#8221; Fuentes www.infobae.com &#8221; <\/em><\/p>\n","protected":false},"excerpt":{"rendered":"<p>Desde las Calles de Mor\u00f3n a la Escena Musical: Un Viaje Personal de Milo J La historia de un artista no siempre comienza en escenarios grandiosos. Para Milo J, el talentoso m\u00fasico argentino, los primeros acordes de su carrera resonaron en las calles de Mor\u00f3n, un viaje que lo llev\u00f3 a descubrir no solo su [&hellip;]<\/p>\n","protected":false},"author":4,"featured_media":0,"comment_status":"open","ping_status":"closed","sticky":false,"template":"","format":"standard","meta":{"om_disable_all_campaigns":false,"jnews-multi-image_gallery":[],"jnews_single_post":[],"jnews_primary_category":[],"jnews_social_meta":[],"footnotes":""},"categories":[39],"tags":[39729,3647,2041,258256,34435,441,10859,258257,54714,545],"class_list":["post-1078963","post","type-post","status-publish","format-standard","hentry","category-viajes","tag-anecdotas","tag-experiencia","tag-inicio","tag-milo-j","tag-moron","tag-music","tag-palermo","tag-primer-sueldo","tag-recuerdos","tag-viajes"],"_links":{"self":[{"href":"https:\/\/dimensionturistica.com\/es\/wp-json\/wp\/v2\/posts\/1078963","targetHints":{"allow":["GET"]}}],"collection":[{"href":"https:\/\/dimensionturistica.com\/es\/wp-json\/wp\/v2\/posts"}],"about":[{"href":"https:\/\/dimensionturistica.com\/es\/wp-json\/wp\/v2\/types\/post"}],"author":[{"embeddable":true,"href":"https:\/\/dimensionturistica.com\/es\/wp-json\/wp\/v2\/users\/4"}],"replies":[{"embeddable":true,"href":"https:\/\/dimensionturistica.com\/es\/wp-json\/wp\/v2\/comments?post=1078963"}],"version-history":[{"count":1,"href":"https:\/\/dimensionturistica.com\/es\/wp-json\/wp\/v2\/posts\/1078963\/revisions"}],"predecessor-version":[{"id":1078964,"href":"https:\/\/dimensionturistica.com\/es\/wp-json\/wp\/v2\/posts\/1078963\/revisions\/1078964"}],"wp:attachment":[{"href":"https:\/\/dimensionturistica.com\/es\/wp-json\/wp\/v2\/media?parent=1078963"}],"wp:term":[{"taxonomy":"category","embeddable":true,"href":"https:\/\/dimensionturistica.com\/es\/wp-json\/wp\/v2\/categories?post=1078963"},{"taxonomy":"post_tag","embeddable":true,"href":"https:\/\/dimensionturistica.com\/es\/wp-json\/wp\/v2\/tags?post=1078963"}],"curies":[{"name":"wp","href":"https:\/\/api.w.org\/{rel}","templated":true}]}}