{"id":1078624,"date":"2025-11-27T22:21:01","date_gmt":"2025-11-27T22:21:01","guid":{"rendered":"https:\/\/dimensionturistica.com\/es\/?p=1078624"},"modified":"2025-11-27T22:21:01","modified_gmt":"2025-11-27T22:21:01","slug":"blender-y-didi-presentan-inspirado-en-aventuras-autenticas-una-miniserie-que-impulsa-la-innovacion-tecnologica-y-el-talento-local","status":"publish","type":"post","link":"https:\/\/dimensionturistica.com\/es\/blender-y-didi-presentan-inspirado-en-aventuras-autenticas-una-miniserie-que-impulsa-la-innovacion-tecnologica-y-el-talento-local\/","title":{"rendered":"Blender y Didi presentan &#8220;Inspirado en aventuras aut\u00e9nticas&#8221;, una miniserie que impulsa la innovaci\u00f3n tecnol\u00f3gica y el talento local."},"content":{"rendered":"<p><strong>Tecnolog\u00eda y Cultura Local: Una Miniserie que Redefine el Turismo<\/strong><\/p>\n<p>El comercio internacional y el turismo han evolucionado notablemente en los \u00faltimos a\u00f1os, influy\u00e9ndose mutuamente. En este contexto, una nueva producci\u00f3n audiovisual est\u00e1 captando la atenci\u00f3n de los viajeros: una miniserie que fusiona tecnolog\u00eda, viajes reales y el talento local. Esta innovadora propuesta busca mostrar no solo la diversidad cultural de una regi\u00f3n, sino tambi\u00e9n c\u00f3mo las nuevas plataformas digitales pueden transformar la manera en que experimentamos el mundo.<\/p>\n<p>Imaginemos visitar lugares emblem\u00e1ticos y destinos ocultos, todo a trav\u00e9s de una narrativa visual que resalta no solo los paisajes, sino tambi\u00e9n las historias que habitan en ellos. La miniserie ha sido elaborada a partir de experiencias aut\u00e9nticas de viajeros, utilizando animaciones y gr\u00e1ficos para brindar una nueva perspectiva sobre cada destino. Es una invitaci\u00f3n a explorar m\u00e1s all\u00e1 de las t\u00edpicas atracciones tur\u00edsticas y a conectar con las comunidades locales, animando a los espectadores a descubrir la esencia de los lugares que visitan.<\/p>\n<p>Un elemento clave de esta serie es su enfoque en la sostenibilidad. A medida que el turismo global se enfrenta a retos como la masificaci\u00f3n y el impacto ambiental, esta producci\u00f3n subraya la importancia de viajar de manera responsable. Al mostrar historias de personas que viven en armon\u00eda con su entorno, se fomenta una sensibilidad hacia la conservaci\u00f3n y el respeto por la cultura local.<\/p>\n<p>Los creadores de la miniserie tambi\u00e9n han hecho hincapi\u00e9 en el potencial que tienen las plataformas digitales para dar voz a los narradores locales. Esto no solo enriquece la experiencia del viajero, sino que empodera a las comunidades que, a menudo, son pasadas por alto en el di\u00e1logo tur\u00edstico. A trav\u00e9s de entrevistas y relatos, los protagonistas ofrecen su propio punto de vista sobre la vida cotidiana en sus regiones, as\u00ed como sus esperanzas y desaf\u00edos.<\/p>\n<p>El uso de tecnolog\u00eda avanzada en la producci\u00f3n a\u00f1ade un nivel de dinamismo que es dif\u00edcil de ignorar. Las animaciones v\u00edvidas, combinadas con la narraci\u00f3n aut\u00e9ntica, crean un tejido visual que resulta atrayente tanto para los aventureros como para los que buscan un poco de escapismo desde la comodidad de su hogar. Adem\u00e1s, la serie se apoya en plataformas digitales que permiten a los espectadores interactuar y sumergirse m\u00e1s profundamente en cada historia, haciendo de cada episodio una experiencia m\u00e1s integral.<\/p>\n<p>As\u00ed, esta miniserie no solo entretiene, sino que tambi\u00e9n educa y sensibiliza. Alentar a los viajeros a adoptar una mentalidad m\u00e1s inclusiva y sostenible es una necesidad urgente en la industria del turismo. La pr\u00f3xima vez que planeen un viaje, los viajeros podr\u00edan recordar que cada destino tiene su propia historia y que las experiencias m\u00e1s memorables a menudo surgen de la conexi\u00f3n con la gente que lo habita.<\/p>\n<p>En conclusi\u00f3n, esta miniserie representa un paso audaz hacia un futuro del turismo m\u00e1s consciente y respetuoso. Con su enfoque en la tecnolog\u00eda y el talento local, promete no solo entretener, sino tambi\u00e9n inspirar a una nueva generaci\u00f3n de viajeros a explorar el mundo con m\u00e1s curiosidad y responsabilidad. Sin duda, es un testimonio de que el turismo puede ser una fuerza para el bien, siempre que se realice con respeto y liderazgo consciente.<\/p>\n<p><em> &#8221; Fuentes insiderlatam.com &#8221; <\/em><\/p>\n","protected":false},"excerpt":{"rendered":"<p>Tecnolog\u00eda y Cultura Local: Una Miniserie que Redefine el Turismo El comercio internacional y el turismo han evolucionado notablemente en los \u00faltimos a\u00f1os, influy\u00e9ndose mutuamente. En este contexto, una nueva producci\u00f3n audiovisual est\u00e1 captando la atenci\u00f3n de los viajeros: una miniserie que fusiona tecnolog\u00eda, viajes reales y el talento local. Esta innovadora propuesta busca mostrar [&hellip;]<\/p>\n","protected":false},"author":4,"featured_media":1078625,"comment_status":"open","ping_status":"closed","sticky":false,"template":"","format":"standard","meta":{"om_disable_all_campaigns":false,"jnews-multi-image_gallery":[],"jnews_single_post":[],"jnews_primary_category":[],"jnews_social_meta":[],"footnotes":""},"categories":[39],"tags":[258126,257897,662,4882,1371,775,40744,226861,258127,725],"class_list":["post-1078624","post","type-post","status-publish","format-standard","has-post-thumbnail","hentry","category-viajes","tag-basado-en-viajes-reales","tag-blender","tag-cultura","tag-didi","tag-entretenimiento","tag-innovacion","tag-miniserie","tag-produccion-audiovisual","tag-talento-local","tag-tecnologia"],"_links":{"self":[{"href":"https:\/\/dimensionturistica.com\/es\/wp-json\/wp\/v2\/posts\/1078624","targetHints":{"allow":["GET"]}}],"collection":[{"href":"https:\/\/dimensionturistica.com\/es\/wp-json\/wp\/v2\/posts"}],"about":[{"href":"https:\/\/dimensionturistica.com\/es\/wp-json\/wp\/v2\/types\/post"}],"author":[{"embeddable":true,"href":"https:\/\/dimensionturistica.com\/es\/wp-json\/wp\/v2\/users\/4"}],"replies":[{"embeddable":true,"href":"https:\/\/dimensionturistica.com\/es\/wp-json\/wp\/v2\/comments?post=1078624"}],"version-history":[{"count":1,"href":"https:\/\/dimensionturistica.com\/es\/wp-json\/wp\/v2\/posts\/1078624\/revisions"}],"predecessor-version":[{"id":1078626,"href":"https:\/\/dimensionturistica.com\/es\/wp-json\/wp\/v2\/posts\/1078624\/revisions\/1078626"}],"wp:featuredmedia":[{"embeddable":true,"href":"https:\/\/dimensionturistica.com\/es\/wp-json\/wp\/v2\/media\/1078625"}],"wp:attachment":[{"href":"https:\/\/dimensionturistica.com\/es\/wp-json\/wp\/v2\/media?parent=1078624"}],"wp:term":[{"taxonomy":"category","embeddable":true,"href":"https:\/\/dimensionturistica.com\/es\/wp-json\/wp\/v2\/categories?post=1078624"},{"taxonomy":"post_tag","embeddable":true,"href":"https:\/\/dimensionturistica.com\/es\/wp-json\/wp\/v2\/tags?post=1078624"}],"curies":[{"name":"wp","href":"https:\/\/api.w.org\/{rel}","templated":true}]}}