{"id":1078578,"date":"2025-11-27T21:16:07","date_gmt":"2025-11-27T21:16:07","guid":{"rendered":"https:\/\/dimensionturistica.com\/es\/?p=1078578"},"modified":"2025-11-27T21:16:07","modified_gmt":"2025-11-27T21:16:07","slug":"la-ciudad-de-santa-ana-presenta-el-mural-ciudades-hermanas-en-colaboracion-con-sahuayo-mexico","status":"publish","type":"post","link":"https:\/\/dimensionturistica.com\/es\/la-ciudad-de-santa-ana-presenta-el-mural-ciudades-hermanas-en-colaboracion-con-sahuayo-mexico\/","title":{"rendered":"La Ciudad de Santa Ana presenta el mural \u201cCiudades Hermanas\u201d en colaboraci\u00f3n con Sahuayo, M\u00e9xico"},"content":{"rendered":"\n<p><\/p>\n\n\n\n<figure class=\"wp-block-gallery has-nested-images columns-default is-cropped wp-block-gallery-1 is-layout-flex wp-block-gallery-is-layout-flex\">\n<figure class=\"wp-block-image size-large\"><img decoding=\"async\" width=\"500\" height=\"500\" data-id=\"1078579\" src=\"https:\/\/dimensionturistica.com\/es\/wp-content\/uploads\/2025\/11\/1SANTA.jpg\" alt=\"\" class=\"wp-image-1078579\" srcset=\"https:\/\/dimensionturistica.com\/es\/wp-content\/uploads\/2025\/11\/1SANTA.jpg 500w, https:\/\/dimensionturistica.com\/es\/wp-content\/uploads\/2025\/11\/1SANTA-300x300.jpg 300w, https:\/\/dimensionturistica.com\/es\/wp-content\/uploads\/2025\/11\/1SANTA-150x150.jpg 150w, https:\/\/dimensionturistica.com\/es\/wp-content\/uploads\/2025\/11\/1SANTA-75x75.jpg 75w, https:\/\/dimensionturistica.com\/es\/wp-content\/uploads\/2025\/11\/1SANTA-350x350.jpg 350w\" sizes=\"(max-width: 500px) 100vw, 500px\" \/><\/figure>\n<\/figure>\n\n\n\n<p>Las ciudades hermanas Santa Ana, California, y Sahuayo, Michoac\u00e1n, dieron a conocer un nuevo mural en Plaza Calle Cuatro que celebra su alianza, sus historias compartidas y sus tradiciones culturales \u00fanicas.<\/p>\n\n\n\n<p>La obra presenta a dos ni\u00f1as recostadas frente a frente en una conexi\u00f3n juguetona, cada una representando a su ciudad, rodeadas de objetos y juguetes que reflejan las tradiciones y similitudes de sus hogares. Las paredes detr\u00e1s de ellas muestran dibujos de su herencia. El vibrante mural, titulado \u201cCiudades Hermanas\u201d, fue creado gracias a la visi\u00f3n conjunta de los artistas de Santa Ana Brian Peterson y Damin Lujan, en colaboraci\u00f3n con los artistas de Sahuayo Alejandro Navarrete Gonz\u00e1lez y Miguel \u00c1ngel S\u00e1nchez Amezcua. La pieza ahora embellece uno de los puntos culturales m\u00e1s importantes de Santa Ana, en pleno coraz\u00f3n del centro.<\/p>\n\n\n\n<figure class=\"wp-block-gallery has-nested-images columns-default is-cropped wp-block-gallery-2 is-layout-flex wp-block-gallery-is-layout-flex\">\n<figure class=\"wp-block-image size-large\"><img decoding=\"async\" width=\"560\" height=\"372\" data-id=\"1078580\" src=\"https:\/\/dimensionturistica.com\/es\/wp-content\/uploads\/2025\/11\/2SANTA.jpg\" alt=\"\" class=\"wp-image-1078580\" srcset=\"https:\/\/dimensionturistica.com\/es\/wp-content\/uploads\/2025\/11\/2SANTA.jpg 560w, https:\/\/dimensionturistica.com\/es\/wp-content\/uploads\/2025\/11\/2SANTA-300x199.jpg 300w\" sizes=\"(max-width: 560px) 100vw, 560px\" \/><\/figure>\n<\/figure>\n\n\n\n<p>\u201cEste mural es m\u00e1s que una obra de arte: es un s\u00edmbolo vivo de amistad, intercambio cultural y nuestro compromiso compartido de construir un futuro m\u00e1s brillante juntos\u201d, dijo la alcaldesa de Santa Ana, Valerie Amezcua. \u201cNuestra relaci\u00f3n de ciudades hermanas ha acercado a nuestras comunidades de maneras muy significativas, y esta nueva obra celebra las historias, tradiciones y valores que orgullosamente compartimos. Agradezco a la Ciudad de Sahuayo y a los artistas que hicieron posible esta visi\u00f3n\u201d.<\/p>\n\n\n\n<figure class=\"wp-block-gallery has-nested-images columns-default is-cropped wp-block-gallery-3 is-layout-flex wp-block-gallery-is-layout-flex\">\n<figure class=\"wp-block-image size-large\"><img decoding=\"async\" width=\"500\" height=\"333\" data-id=\"1078581\" src=\"https:\/\/dimensionturistica.com\/es\/wp-content\/uploads\/2025\/11\/5SANTA.jpg\" alt=\"\" class=\"wp-image-1078581\" srcset=\"https:\/\/dimensionturistica.com\/es\/wp-content\/uploads\/2025\/11\/5SANTA.jpg 500w, https:\/\/dimensionturistica.com\/es\/wp-content\/uploads\/2025\/11\/5SANTA-300x200.jpg 300w\" sizes=\"(max-width: 500px) 100vw, 500px\" \/><\/figure>\n<\/figure>\n\n\n\n<p>\u201cHoy no solo inauguramos un mural. Hoy inauguramos un puente hecho de memoria, de colores, de ra\u00edces y de esperanza\u201d, dijo el presidente municipal de Sahuayo, Manuel G\u00e1lvez S\u00e1nchez. \u201cEste mural nace del coraz\u00f3n de dos pueblos que, aunque separados por kil\u00f3metros, est\u00e1n unidos por algo m\u00e1s fuerte que la distancia: la familia, la cultura y los sue\u00f1os compartidos\u201d.<\/p>\n\n\n\n<figure class=\"wp-block-gallery has-nested-images columns-default is-cropped wp-block-gallery-4 is-layout-flex wp-block-gallery-is-layout-flex\">\n<figure class=\"wp-block-image size-large\"><img decoding=\"async\" width=\"500\" height=\"374\" data-id=\"1078582\" src=\"https:\/\/dimensionturistica.com\/es\/wp-content\/uploads\/2025\/11\/6SANTA.jpg\" alt=\"\" class=\"wp-image-1078582\" srcset=\"https:\/\/dimensionturistica.com\/es\/wp-content\/uploads\/2025\/11\/6SANTA.jpg 500w, https:\/\/dimensionturistica.com\/es\/wp-content\/uploads\/2025\/11\/6SANTA-300x224.jpg 300w\" sizes=\"(max-width: 500px) 100vw, 500px\" \/><\/figure>\n<\/figure>\n\n\n\n<p>La ceremonia de develaci\u00f3n del s\u00e1bado comenz\u00f3 en el Frida Cinema, donde ambos alcaldes, miembros del Concejo Municipal de Santa Ana, la Consul de M\u00e9xico en Santa Ana y los artistas hablaron sobre la importancia del mural ante un grupo de residentes y miembros de la comunidad art\u00edstica local que asistieron a pesar de la lluvia. Posteriormente, los asistentes se trasladaron a la cercana Plaza Calle Cuatro para la develaci\u00f3n oficial.<\/p>\n\n\n\n<figure class=\"wp-block-gallery has-nested-images columns-default is-cropped wp-block-gallery-5 is-layout-flex wp-block-gallery-is-layout-flex\">\n<figure class=\"wp-block-image size-large\"><img decoding=\"async\" width=\"500\" height=\"333\" data-id=\"1078587\" src=\"https:\/\/dimensionturistica.com\/es\/wp-content\/uploads\/2025\/11\/7SANTA.jpg\" alt=\"\" class=\"wp-image-1078587\" srcset=\"https:\/\/dimensionturistica.com\/es\/wp-content\/uploads\/2025\/11\/7SANTA.jpg 500w, https:\/\/dimensionturistica.com\/es\/wp-content\/uploads\/2025\/11\/7SANTA-300x200.jpg 300w\" sizes=\"(max-width: 500px) 100vw, 500px\" \/><\/figure>\n<\/figure>\n\n\n\n<p>Desde la firma de su acuerdo de ciudades hermanas en 2022, Santa Ana y Sahuayo han construido una relaci\u00f3n basada en valores y cultura compartidos, en el libre intercambio de ideas y en el fortalecimiento de los lazos econ\u00f3micos y comunitarios. La colaboraci\u00f3n ha resultado en una Expo Empresarial de Ciudades Hermanas que conect\u00f3 a compa\u00f1\u00edas del \u00e1rea de Santa Ana con artesanos y negocios mexicanos; la donaci\u00f3n de equipo de agua excedente de Santa Ana a Sahuayo; y visitas e intercambios culturales entre funcionarios de ambas ciudades.<\/p>\n\n\n\n<p><\/p>\n","protected":false},"excerpt":{"rendered":"<p>Las ciudades hermanas Santa Ana, California, y Sahuayo, Michoac\u00e1n, dieron a conocer un nuevo mural en Plaza Calle Cuatro que celebra su alianza, sus historias compartidas y sus tradiciones culturales \u00fanicas. La obra presenta a dos ni\u00f1as recostadas frente a frente en una conexi\u00f3n juguetona, cada una representando a su ciudad, rodeadas de objetos y [&hellip;]<\/p>\n","protected":false},"author":1,"featured_media":0,"comment_status":"open","ping_status":"closed","sticky":false,"template":"","format":"standard","meta":{"om_disable_all_campaigns":false,"jnews-multi-image_gallery":[],"jnews_single_post":[],"jnews_primary_category":[],"jnews_social_meta":[],"footnotes":""},"categories":[39],"tags":[],"class_list":["post-1078578","post","type-post","status-publish","format-standard","hentry","category-viajes"],"_links":{"self":[{"href":"https:\/\/dimensionturistica.com\/es\/wp-json\/wp\/v2\/posts\/1078578","targetHints":{"allow":["GET"]}}],"collection":[{"href":"https:\/\/dimensionturistica.com\/es\/wp-json\/wp\/v2\/posts"}],"about":[{"href":"https:\/\/dimensionturistica.com\/es\/wp-json\/wp\/v2\/types\/post"}],"author":[{"embeddable":true,"href":"https:\/\/dimensionturistica.com\/es\/wp-json\/wp\/v2\/users\/1"}],"replies":[{"embeddable":true,"href":"https:\/\/dimensionturistica.com\/es\/wp-json\/wp\/v2\/comments?post=1078578"}],"version-history":[{"count":1,"href":"https:\/\/dimensionturistica.com\/es\/wp-json\/wp\/v2\/posts\/1078578\/revisions"}],"predecessor-version":[{"id":1078588,"href":"https:\/\/dimensionturistica.com\/es\/wp-json\/wp\/v2\/posts\/1078578\/revisions\/1078588"}],"wp:attachment":[{"href":"https:\/\/dimensionturistica.com\/es\/wp-json\/wp\/v2\/media?parent=1078578"}],"wp:term":[{"taxonomy":"category","embeddable":true,"href":"https:\/\/dimensionturistica.com\/es\/wp-json\/wp\/v2\/categories?post=1078578"},{"taxonomy":"post_tag","embeddable":true,"href":"https:\/\/dimensionturistica.com\/es\/wp-json\/wp\/v2\/tags?post=1078578"}],"curies":[{"name":"wp","href":"https:\/\/api.w.org\/{rel}","templated":true}]}}